{"id":10286,"date":"2025-01-03T16:12:49","date_gmt":"2025-01-03T15:12:49","guid":{"rendered":"https:\/\/catholiques17.fr\/oleron\/?p=10286"},"modified":"2025-01-04T10:21:27","modified_gmt":"2025-01-04T09:21:27","slug":"7-janvier-conference-deconstruire-lantijudaisme-chretien","status":"publish","type":"post","link":"https:\/\/catholiques17.fr\/oleron\/7-janvier-conference-deconstruire-lantijudaisme-chretien\/","title":{"rendered":"7 janvier-Conf\u00e9rence \u00ab D\u00e9construire l&rsquo;antijuda\u00efsme Chr\u00e9tien \u00bb"},"content":{"rendered":"\n<h4 class=\"wp-block-heading\">L&rsquo;Amiti\u00e9 jud\u00e9o chr\u00e9tienne de Charente-Maritime a le plaisir de vous convier \u00e0 l<strong>a conf\u00e9rence du P\u00e8re Christophe Le Sourt<\/strong>, <\/h4>\n\n\n\n<h3 class=\"wp-block-heading\"><strong>mardi 7 janvier prochain \u00e0 18h30 au centre Jean-Baptiste Souzy<\/strong> <\/h3>\n\n\n\n<h4 class=\"wp-block-heading\">33 rue Alfred Kastler \u00e0 La Rochelle.<br>Cette premi\u00e8re conf\u00e9rence de l&rsquo;ann\u00e9e aura pour th\u00e8me\u00a0 <strong>\u00ab D\u00e9construire l&rsquo;antijuda\u00efsme Chr\u00e9tien \u00bb,<\/strong> sur la base du livre publi\u00e9 par la Conf\u00e9rence des \u00e9v\u00eaques de France dont le P\u00e8re Christophe Le Sourt a pilot\u00e9 la r\u00e9alisation.<\/h4>\n\n\n\n<h4 class=\"wp-block-heading\">Nous vous esp\u00e9rons nombreux \u00e0 cette occasion.<\/h4>\n\n\n\n<h4 class=\"wp-block-heading\">Nous profitons de ce message pour souhaiter \u00e0 nos amis juifs une bonne f\u00eate de Hanouka&nbsp;et de tr\u00e8s bonnes f\u00eates de fin d&rsquo;ann\u00e9e \u00e0 tous.<\/h4>\n\n\n\n<h4 class=\"wp-block-heading\">Amiti\u00e9s fraternelles<\/h4>\n\n\n\n<h4 class=\"wp-block-heading\">Le bureau de l&rsquo;AJC-CM<\/h4>\n","protected":false},"excerpt":{"rendered":"<p>L&rsquo;Amiti\u00e9 jud\u00e9o chr\u00e9tienne de Charente-Maritime a le plaisir de vous convier \u00e0 la conf\u00e9rence du P\u00e8re Christophe Le Sourt, mardi 7 janvier prochain \u00e0 18h30 au centre Jean-Baptiste Souzy 33 [&hellip;]<\/p>\n","protected":false},"author":40,"featured_media":10287,"comment_status":"open","ping_status":"open","sticky":false,"template":"","format":"standard","meta":{"_et_pb_use_builder":"off","_et_pb_old_content":"","_et_gb_content_width":"","footnotes":""},"categories":[6,24,23],"tags":[],"class_list":["post-10286","post","type-post","status-publish","format-standard","has-post-thumbnail","hentry","category-actualite","category-annonces","category-diocese"],"_links":{"self":[{"href":"https:\/\/catholiques17.fr\/oleron\/wp-json\/wp\/v2\/posts\/10286","targetHints":{"allow":["GET"]}}],"collection":[{"href":"https:\/\/catholiques17.fr\/oleron\/wp-json\/wp\/v2\/posts"}],"about":[{"href":"https:\/\/catholiques17.fr\/oleron\/wp-json\/wp\/v2\/types\/post"}],"author":[{"embeddable":true,"href":"https:\/\/catholiques17.fr\/oleron\/wp-json\/wp\/v2\/users\/40"}],"replies":[{"embeddable":true,"href":"https:\/\/catholiques17.fr\/oleron\/wp-json\/wp\/v2\/comments?post=10286"}],"version-history":[{"count":2,"href":"https:\/\/catholiques17.fr\/oleron\/wp-json\/wp\/v2\/posts\/10286\/revisions"}],"predecessor-version":[{"id":10291,"href":"https:\/\/catholiques17.fr\/oleron\/wp-json\/wp\/v2\/posts\/10286\/revisions\/10291"}],"wp:featuredmedia":[{"embeddable":true,"href":"https:\/\/catholiques17.fr\/oleron\/wp-json\/wp\/v2\/media\/10287"}],"wp:attachment":[{"href":"https:\/\/catholiques17.fr\/oleron\/wp-json\/wp\/v2\/media?parent=10286"}],"wp:term":[{"taxonomy":"category","embeddable":true,"href":"https:\/\/catholiques17.fr\/oleron\/wp-json\/wp\/v2\/categories?post=10286"},{"taxonomy":"post_tag","embeddable":true,"href":"https:\/\/catholiques17.fr\/oleron\/wp-json\/wp\/v2\/tags?post=10286"}],"curies":[{"name":"wp","href":"https:\/\/api.w.org\/{rel}","templated":true}]}}