{"id":10200,"date":"2024-11-15T21:55:22","date_gmt":"2024-11-15T20:55:22","guid":{"rendered":"https:\/\/catholiques17.fr\/oleron\/?p=10200"},"modified":"2024-11-15T21:55:23","modified_gmt":"2024-11-15T20:55:23","slug":"journee-nationale-du-secours-catholique","status":"publish","type":"post","link":"https:\/\/catholiques17.fr\/oleron\/journee-nationale-du-secours-catholique\/","title":{"rendered":"Journ\u00e9e nationale du Secours Catholique"},"content":{"rendered":"\n<div style=\"height:46px\" aria-hidden=\"true\" class=\"wp-block-spacer\"><\/div>\n\n\n\n<h3 class=\"wp-block-heading has-text-align-center\">Ensemble, construire un monde juste et fraternel<\/h3>\n\n\n\n<h3 class=\"wp-block-heading has-text-align-center\">Ce week end, \u00e0 la sortie des messes, qu\u00eate au profit du secours catholique.<\/h3>\n\n\n\n<p>Nous intervenons aupr\u00e8s de ceux qui sont&nbsp; laiss\u00e9s sur le bord de la route\u2026ils ont besoin qu\u2019on leur vienne en aide sur le plan mat\u00e9riel, bien s\u00fbr et nous sommes en contact avec les services sociaux qui ont un certain nombre de canaux pour r\u00e9soudre les probl\u00e8mes administratifs. Au bout de ce chemin, nous sommes sollicit\u00e9s pour apporter une bouff\u00e9e d\u2019air avec des aides financi\u00e8res.<\/p>\n\n\n\n<p><\/p>\n\n\n\n<p>N\u2019h\u00e9sitez pas \u00e0 nous aider.<\/p>\n\n\n\n<p>Nous visitons des personnes qui ont besoin de poser leurs soucis sur la table. Nous sommes une \u00e9quipe qui se consacre \u00e0 des visites pour partager les soucis de la vie, mais aussi pour orienter les personnes en errance vers les structures existantes qui leur viendront en aide.<\/p>\n\n\n\n<p>Vous trouverez des articles comme des bougies, des cr\u00e8ches, mais aussi des babioles que nos amies ont r\u00e9alis\u00e9es pour que vous repartiez chez vous avec quelque chose qui vous rappellera que nous attendons la venue de Notre seigneur J\u00e9sus Christ dans la joie et dans le questionnement de ce que nous sommes et de ce que nous vivons.<\/p>\n","protected":false},"excerpt":{"rendered":"<p>Ensemble, construire un monde juste et fraternel Ce week end, \u00e0 la sortie des messes, qu\u00eate au profit du secours catholique. Nous intervenons aupr\u00e8s de ceux qui sont&nbsp; laiss\u00e9s sur [&hellip;]<\/p>\n","protected":false},"author":40,"featured_media":10201,"comment_status":"open","ping_status":"open","sticky":false,"template":"","format":"standard","meta":{"_et_pb_use_builder":"off","_et_pb_old_content":"","_et_gb_content_width":"","footnotes":""},"categories":[24,25],"tags":[],"class_list":["post-10200","post","type-post","status-publish","format-standard","has-post-thumbnail","hentry","category-annonces","category-solidarite"],"_links":{"self":[{"href":"https:\/\/catholiques17.fr\/oleron\/wp-json\/wp\/v2\/posts\/10200","targetHints":{"allow":["GET"]}}],"collection":[{"href":"https:\/\/catholiques17.fr\/oleron\/wp-json\/wp\/v2\/posts"}],"about":[{"href":"https:\/\/catholiques17.fr\/oleron\/wp-json\/wp\/v2\/types\/post"}],"author":[{"embeddable":true,"href":"https:\/\/catholiques17.fr\/oleron\/wp-json\/wp\/v2\/users\/40"}],"replies":[{"embeddable":true,"href":"https:\/\/catholiques17.fr\/oleron\/wp-json\/wp\/v2\/comments?post=10200"}],"version-history":[{"count":1,"href":"https:\/\/catholiques17.fr\/oleron\/wp-json\/wp\/v2\/posts\/10200\/revisions"}],"predecessor-version":[{"id":10202,"href":"https:\/\/catholiques17.fr\/oleron\/wp-json\/wp\/v2\/posts\/10200\/revisions\/10202"}],"wp:featuredmedia":[{"embeddable":true,"href":"https:\/\/catholiques17.fr\/oleron\/wp-json\/wp\/v2\/media\/10201"}],"wp:attachment":[{"href":"https:\/\/catholiques17.fr\/oleron\/wp-json\/wp\/v2\/media?parent=10200"}],"wp:term":[{"taxonomy":"category","embeddable":true,"href":"https:\/\/catholiques17.fr\/oleron\/wp-json\/wp\/v2\/categories?post=10200"},{"taxonomy":"post_tag","embeddable":true,"href":"https:\/\/catholiques17.fr\/oleron\/wp-json\/wp\/v2\/tags?post=10200"}],"curies":[{"name":"wp","href":"https:\/\/api.w.org\/{rel}","templated":true}]}}