{"id":10024,"date":"2024-09-06T17:52:30","date_gmt":"2024-09-06T15:52:30","guid":{"rendered":"https:\/\/catholiques17.fr\/oleron\/?p=10024"},"modified":"2024-09-06T17:55:58","modified_gmt":"2024-09-06T15:55:58","slug":"annonces-du-7-au-15-septembre","status":"publish","type":"post","link":"https:\/\/catholiques17.fr\/oleron\/annonces-du-7-au-15-septembre\/","title":{"rendered":"Annonces du 7 au 15 septembre"},"content":{"rendered":"\n<div style=\"height:26px\" aria-hidden=\"true\" class=\"wp-block-spacer\"><\/div>\n\n\n\n<h3 class=\"wp-block-heading has-text-align-center\"><a href=\"https:\/\/catholiques17.fr\/oleron\/wp-content\/uploads\/sites\/30\/2024\/09\/Annonces-de-7-au-15-septembre-2024.pdf\">Pour t\u00e9l\u00e9charger les annonces, c&rsquo;est ICI<\/a><\/h3>\n\n\n\n<p class=\"has-text-align-center\">_______________________________________________________________________________<\/p>\n\n\n\n<h4 class=\"wp-block-heading has-text-align-center\">Dimanche 8 septembre, Messe Unique Rentr\u00e9e Paroissiale &amp; Jubil\u00e9s des S\u0153urs du Ch\u00e2teau, <br>Ap\u00e9ritif suivi d\u2019un Pique nique partag\u00e9 (apporter assiettes &amp; couverts)<br>Salle St Jacques derri\u00e8re l&rsquo;\u00e9glise<\/h4>\n\n\n\n<figure class=\"wp-block-image aligncenter size-full\"><a href=\"https:\/\/catholiques17.fr\/oleron\/wp-content\/uploads\/sites\/30\/2024\/09\/Annonces-de-7-au-15-septembre-2024.jpg\"><img decoding=\"async\" src=\"https:\/\/catholiques17.fr\/oleron\/wp-content\/uploads\/sites\/30\/2024\/09\/Annonces-de-7-au-15-septembre-2024.jpg\" alt=\"\" class=\"wp-image-10025\" \/><\/a><\/figure>\n","protected":false},"excerpt":{"rendered":"<p>Pour t\u00e9l\u00e9charger les annonces, c&rsquo;est ICI _______________________________________________________________________________ Dimanche 8 septembre, Messe Unique Rentr\u00e9e Paroissiale &amp; Jubil\u00e9s des S\u0153urs du Ch\u00e2teau, Ap\u00e9ritif suivi d\u2019un Pique nique partag\u00e9 (apporter assiettes &amp; couverts)Salle [&hellip;]<\/p>\n","protected":false},"author":40,"featured_media":9513,"comment_status":"open","ping_status":"open","sticky":false,"template":"","format":"standard","meta":{"_et_pb_use_builder":"off","_et_pb_old_content":"","_et_gb_content_width":"","footnotes":""},"categories":[6,24],"tags":[],"class_list":["post-10024","post","type-post","status-publish","format-standard","has-post-thumbnail","hentry","category-actualite","category-annonces"],"_links":{"self":[{"href":"https:\/\/catholiques17.fr\/oleron\/wp-json\/wp\/v2\/posts\/10024","targetHints":{"allow":["GET"]}}],"collection":[{"href":"https:\/\/catholiques17.fr\/oleron\/wp-json\/wp\/v2\/posts"}],"about":[{"href":"https:\/\/catholiques17.fr\/oleron\/wp-json\/wp\/v2\/types\/post"}],"author":[{"embeddable":true,"href":"https:\/\/catholiques17.fr\/oleron\/wp-json\/wp\/v2\/users\/40"}],"replies":[{"embeddable":true,"href":"https:\/\/catholiques17.fr\/oleron\/wp-json\/wp\/v2\/comments?post=10024"}],"version-history":[{"count":3,"href":"https:\/\/catholiques17.fr\/oleron\/wp-json\/wp\/v2\/posts\/10024\/revisions"}],"predecessor-version":[{"id":10030,"href":"https:\/\/catholiques17.fr\/oleron\/wp-json\/wp\/v2\/posts\/10024\/revisions\/10030"}],"wp:featuredmedia":[{"embeddable":true,"href":"https:\/\/catholiques17.fr\/oleron\/wp-json\/wp\/v2\/media\/9513"}],"wp:attachment":[{"href":"https:\/\/catholiques17.fr\/oleron\/wp-json\/wp\/v2\/media?parent=10024"}],"wp:term":[{"taxonomy":"category","embeddable":true,"href":"https:\/\/catholiques17.fr\/oleron\/wp-json\/wp\/v2\/categories?post=10024"},{"taxonomy":"post_tag","embeddable":true,"href":"https:\/\/catholiques17.fr\/oleron\/wp-json\/wp\/v2\/tags?post=10024"}],"curies":[{"name":"wp","href":"https:\/\/api.w.org\/{rel}","templated":true}]}}