{"id":11310,"global_id":"catholiques17.fr\/oleron?id=11310","global_id_lineage":["catholiques17.fr\/oleron?id=11310"],"author":"89","status":"publish","date":"2026-03-10 18:55:19","date_utc":"2026-03-10 17:55:19","modified":"2026-03-10 18:56:04","modified_utc":"2026-03-10 17:56:04","url":"https:\/\/catholiques17.fr\/oleron\/event\/rencontre-des-chretiens-separes-divorces-engages-dans-une-nouvelle-union\/","rest_url":"https:\/\/catholiques17.fr\/oleron\/wp-json\/tribe\/events\/v1\/events\/11310","title":"Rencontre des chr\u00e9tiens s\u00e9par\u00e9s, divorc\u00e9s, engag\u00e9s dans une nouvelle union","description":"<h3>Samedi 21 mars \u00e0 14h30<\/h3>\n<h3 style=\"text-align: left\">Maison paroissiale de Dolus<\/h3>\n<h3 style=\"text-align: left\">1 rue du cimeti\u00e8re<\/h3>","excerpt":"","slug":"rencontre-des-chretiens-separes-divorces-engages-dans-une-nouvelle-union","image":{"url":"https:\/\/catholiques17.fr\/oleron\/wp-content\/uploads\/sites\/30\/2026\/03\/Affiche-conferences-Dolus.jpg","id":11311,"extension":"jpg","width":565,"height":800,"filesize":76429,"sizes":{"medium":{"width":212,"height":300,"mime-type":"image\/jpeg","filesize":16546,"url":"https:\/\/catholiques17.fr\/oleron\/wp-content\/uploads\/sites\/30\/2026\/03\/Affiche-conferences-Dolus-212x300.jpg"},"thumbnail":{"width":150,"height":150,"mime-type":"image\/jpeg","filesize":7984,"url":"https:\/\/catholiques17.fr\/oleron\/wp-content\/uploads\/sites\/30\/2026\/03\/Affiche-conferences-Dolus-150x150.jpg"},"et-pb-post-main-image":{"width":400,"height":250,"mime-type":"image\/jpeg","filesize":22339,"url":"https:\/\/catholiques17.fr\/oleron\/wp-content\/uploads\/sites\/30\/2026\/03\/Affiche-conferences-Dolus-400x250.jpg"},"et-pb-post-main-image-fullwidth":{"width":565,"height":675,"mime-type":"image\/jpeg","filesize":69012,"url":"https:\/\/catholiques17.fr\/oleron\/wp-content\/uploads\/sites\/30\/2026\/03\/Affiche-conferences-Dolus-565x675.jpg"},"et-pb-portfolio-image":{"width":400,"height":284,"mime-type":"image\/jpeg","filesize":24987,"url":"https:\/\/catholiques17.fr\/oleron\/wp-content\/uploads\/sites\/30\/2026\/03\/Affiche-conferences-Dolus-400x284.jpg"},"et-pb-portfolio-module-image":{"width":510,"height":382,"mime-type":"image\/jpeg","filesize":36403,"url":"https:\/\/catholiques17.fr\/oleron\/wp-content\/uploads\/sites\/30\/2026\/03\/Affiche-conferences-Dolus-510x382.jpg"},"et-pb-gallery-module-image-portrait":{"width":400,"height":516,"mime-type":"image\/jpeg","filesize":42009,"url":"https:\/\/catholiques17.fr\/oleron\/wp-content\/uploads\/sites\/30\/2026\/03\/Affiche-conferences-Dolus-400x516.jpg"},"et-pb-image--responsive--phone":{"width":480,"height":680,"mime-type":"image\/jpeg","filesize":55834,"url":"https:\/\/catholiques17.fr\/oleron\/wp-content\/uploads\/sites\/30\/2026\/03\/Affiche-conferences-Dolus-480x680.jpg"}}},"all_day":false,"start_date":"2026-03-21 14:30:00","start_date_details":{"year":"2026","month":"03","day":"21","hour":"14","minutes":"30","seconds":"00"},"end_date":"2026-03-21 16:00:00","end_date_details":{"year":"2026","month":"03","day":"21","hour":"16","minutes":"00","seconds":"00"},"utc_start_date":"2026-03-21 13:30:00","utc_start_date_details":{"year":"2026","month":"03","day":"21","hour":"13","minutes":"30","seconds":"00"},"utc_end_date":"2026-03-21 15:00:00","utc_end_date_details":{"year":"2026","month":"03","day":"21","hour":"15","minutes":"00","seconds":"00"},"timezone":"Europe\/Paris","timezone_abbr":"CET","cost":"","cost_details":{"currency_symbol":"\u20ac","currency_code":"USD","currency_position":"suffix","values":[]},"website":"","show_map":true,"show_map_link":true,"hide_from_listings":false,"sticky":false,"featured":false,"categories":[],"tags":[],"venue":[],"organizer":[],"custom_fields":[],"json_ld":{"@context":"http:\/\/schema.org","@type":"Event","name":"Rencontre des chr\u00e9tiens s\u00e9par\u00e9s, divorc\u00e9s, engag\u00e9s dans une nouvelle union","description":"&lt;p&gt;Samedi 21 mars \u00e0 14h30 Maison paroissiale de Dolus 1 rue du cimeti\u00e8re&lt;\/p&gt;\\n","image":"https:\/\/catholiques17.fr\/oleron\/wp-content\/uploads\/sites\/30\/2026\/03\/Affiche-conferences-Dolus.jpg","url":"https:\/\/catholiques17.fr\/oleron\/event\/rencontre-des-chretiens-separes-divorces-engages-dans-une-nouvelle-union\/","eventAttendanceMode":"https:\/\/schema.org\/OfflineEventAttendanceMode","eventStatus":"https:\/\/schema.org\/EventScheduled","startDate":"2026-03-21T14:30:00+01:00","endDate":"2026-03-21T16:00:00+01:00","performer":"Organization"}}