{"id":11301,"global_id":"catholiques17.fr\/oleron?id=11301","global_id_lineage":["catholiques17.fr\/oleron?id=11301"],"author":"89","status":"publish","date":"2026-03-10 13:35:47","date_utc":"2026-03-10 12:35:47","modified":"2026-03-13 09:57:30","modified_utc":"2026-03-13 08:57:30","url":"https:\/\/catholiques17.fr\/oleron\/event\/conference-sur-les-peres-et-docteurs-de-leglise\/","rest_url":"https:\/\/catholiques17.fr\/oleron\/wp-json\/tribe\/events\/v1\/events\/11301","title":"Conf\u00e9rence sur les P\u00e8res et les Docteurs de l\u2019Eglise","description":"<p style=\"text-align: left\" align=\"center\"><span style=\"font-size: xx-large\"><b>Par Jean-Pierre Chaboche<\/b><\/span><\/p>\n<p style=\"text-align: left\" align=\"center\"><span style=\"font-size: xx-large\"><b><br \/>\nJeudi 19 mars 2026 \u00e0 19h<\/b><\/span><\/p>\n<p style=\"text-align: left\" align=\"center\"><span style=\"font-size: xx-large\"><b>Maison paroissiale de DOLUS<\/b><\/span><\/p>\n<p style=\"text-align: left\" align=\"center\"><span style=\"font-size: xx-large\"><b>Rue des Chapelles<\/b><\/span><\/p>\n<p style=\"text-align: left\" align=\"center\"><span style=\"font-size: x-large\"><b>Entr\u00e9e libre &#8211; Pas de r\u00e9servation &#8211; Repas partag\u00e9<\/b><\/span><\/p>","excerpt":"","slug":"conference-sur-les-peres-et-docteurs-de-leglise","image":{"url":"https:\/\/catholiques17.fr\/oleron\/wp-content\/uploads\/sites\/30\/2026\/03\/St-Augustin.jpg","id":11302,"extension":"jpg","width":790,"height":526,"filesize":73865,"sizes":{"medium":{"width":300,"height":200,"mime-type":"image\/jpeg","filesize":13877,"url":"https:\/\/catholiques17.fr\/oleron\/wp-content\/uploads\/sites\/30\/2026\/03\/St-Augustin-300x200.jpg"},"thumbnail":{"width":150,"height":150,"mime-type":"image\/jpeg","filesize":6163,"url":"https:\/\/catholiques17.fr\/oleron\/wp-content\/uploads\/sites\/30\/2026\/03\/St-Augustin-150x150.jpg"},"medium_large":{"width":768,"height":511,"mime-type":"image\/jpeg","filesize":61855,"url":"https:\/\/catholiques17.fr\/oleron\/wp-content\/uploads\/sites\/30\/2026\/03\/St-Augustin-768x511.jpg"},"et-pb-post-main-image":{"width":400,"height":250,"mime-type":"image\/jpeg","filesize":20737,"url":"https:\/\/catholiques17.fr\/oleron\/wp-content\/uploads\/sites\/30\/2026\/03\/St-Augustin-400x250.jpg"},"et-pb-portfolio-image":{"width":400,"height":284,"mime-type":"image\/jpeg","filesize":22781,"url":"https:\/\/catholiques17.fr\/oleron\/wp-content\/uploads\/sites\/30\/2026\/03\/St-Augustin-400x284.jpg"},"et-pb-portfolio-module-image":{"width":510,"height":382,"mime-type":"image\/jpeg","filesize":35027,"url":"https:\/\/catholiques17.fr\/oleron\/wp-content\/uploads\/sites\/30\/2026\/03\/St-Augustin-510x382.jpg"},"et-pb-gallery-module-image-portrait":{"width":400,"height":516,"mime-type":"image\/jpeg","filesize":33224,"url":"https:\/\/catholiques17.fr\/oleron\/wp-content\/uploads\/sites\/30\/2026\/03\/St-Augustin-400x516.jpg"},"et-pb-image--responsive--phone":{"width":480,"height":320,"mime-type":"image\/jpeg","filesize":28968,"url":"https:\/\/catholiques17.fr\/oleron\/wp-content\/uploads\/sites\/30\/2026\/03\/St-Augustin-480x320.jpg"}}},"all_day":false,"start_date":"2026-03-19 19:00:00","start_date_details":{"year":"2026","month":"03","day":"19","hour":"19","minutes":"00","seconds":"00"},"end_date":"2026-03-19 20:30:00","end_date_details":{"year":"2026","month":"03","day":"19","hour":"20","minutes":"30","seconds":"00"},"utc_start_date":"2026-03-19 18:00:00","utc_start_date_details":{"year":"2026","month":"03","day":"19","hour":"18","minutes":"00","seconds":"00"},"utc_end_date":"2026-03-19 19:30:00","utc_end_date_details":{"year":"2026","month":"03","day":"19","hour":"19","minutes":"30","seconds":"00"},"timezone":"Europe\/Paris","timezone_abbr":"CET","cost":"","cost_details":{"currency_symbol":"\u20ac","currency_code":"USD","currency_position":"suffix","values":[]},"website":"","show_map":true,"show_map_link":true,"hide_from_listings":false,"sticky":false,"featured":false,"categories":[{"name":"Enseignement et partage","slug":"enseignement-et-partage","term_group":0,"term_taxonomy_id":40,"taxonomy":"tribe_events_cat","description":"","parent":0,"count":15,"filter":"raw","id":40,"urls":{"self":"https:\/\/catholiques17.fr\/oleron\/wp-json\/tribe\/events\/v1\/categories\/40","collection":"https:\/\/catholiques17.fr\/oleron\/wp-json\/tribe\/events\/v1\/categories"}}],"tags":[],"venue":{"id":10090,"author":"4","status":"publish","date":"2024-10-24 10:50:52","date_utc":"2024-10-24 08:50:52","modified":"2025-01-13 16:46:21","modified_utc":"2025-01-13 15:46:21","url":"https:\/\/catholiques17.fr\/oleron\/lieu\/maison-paroissiale\/","venue":"Maison paroissiale","slug":"maison-paroissiale","country":"France","json_ld":{"@type":"Place","name":"Maison paroissiale","description":"","url":"","address":{"@type":"PostalAddress","addressCountry":"France"},"telephone":"","sameAs":""},"show_map":false,"show_map_link":false,"global_id":"catholiques17.fr\/oleron?id=10090","global_id_lineage":["catholiques17.fr\/oleron?id=10090"]},"organizer":[],"custom_fields":[],"json_ld":{"@context":"http:\/\/schema.org","@type":"Event","name":"Conf\u00e9rence sur les P\u00e8res et les Docteurs de l\u2019Eglise","description":"&lt;p&gt;Par Jean-Pierre Chaboche Jeudi 19 mars 2026 \u00e0 19h Maison paroissiale de DOLUS Rue des Chapelles Entr\u00e9e libre - Pas de r\u00e9servation - Repas partag\u00e9&lt;\/p&gt;\\n","image":"https:\/\/catholiques17.fr\/oleron\/wp-content\/uploads\/sites\/30\/2026\/03\/St-Augustin.jpg","url":"https:\/\/catholiques17.fr\/oleron\/event\/conference-sur-les-peres-et-docteurs-de-leglise\/","eventAttendanceMode":"https:\/\/schema.org\/OfflineEventAttendanceMode","eventStatus":"https:\/\/schema.org\/EventScheduled","startDate":"2026-03-19T19:00:00+01:00","endDate":"2026-03-19T20:30:00+01:00","location":{"@type":"Place","name":"Maison paroissiale","description":"","url":"","address":{"@type":"PostalAddress","addressCountry":"France"},"telephone":"","sameAs":""},"performer":"Organization"}}