{"id":9604,"date":"2024-07-24T15:31:00","date_gmt":"2024-07-24T13:31:00","guid":{"rendered":"https:\/\/catholiques17.fr\/nieul\/?p=9604"},"modified":"2024-07-24T15:31:33","modified_gmt":"2024-07-24T13:31:33","slug":"dimanche-28-juillet-journee-mondiale-de-priere-pour-les-grands-parents-et-les-personnes-agees","status":"publish","type":"post","link":"https:\/\/catholiques17.fr\/nieul\/dimanche-28-juillet-journee-mondiale-de-priere-pour-les-grands-parents-et-les-personnes-agees\/","title":{"rendered":"Dimanche 28 juillet : Journ\u00e9e mondiale de pri\u00e8re pour les grands-parents et les personnes \u00e2g\u00e9es"},"content":{"rendered":"\n<div style=\"height:100px\" aria-hidden=\"true\" class=\"wp-block-spacer\"><\/div>\n\n\n\n<h2 class=\"wp-block-heading\">Pour la quatri\u00e8me ann\u00e9e, le Pape Fran\u00e7ois nous invite \u00e0 prier pour les grands-parents et les personnes \u00e2g\u00e9es le dimanche 28 juillet 2024. \u201cDans ma vieillesse, ne m\u2019abandonne pas\u201d, c\u2019est avec le Psaume 71 que nous sommes invit\u00e9s \u00e0 nous associer \u00e0 cette journ\u00e9e.<\/h2>\n\n\n\n<div style=\"height:48px\" aria-hidden=\"true\" class=\"wp-block-spacer\"><\/div>\n\n\n\n<blockquote class=\"wp-block-quote has-luminous-vivid-orange-color has-text-color has-link-color wp-elements-207ac1a6daba3105d63beb7a3453e010 is-layout-flow wp-block-quote-is-layout-flow\">\n<p class=\"has-luminous-vivid-orange-color has-text-color has-link-color wp-elements-41a9b9982432b8a1a997d6c008d991e2\">Chers fr\u00e8res et s\u0153urs\u00a0!<br>Dieu n\u2019abandonne pas ses enfants, jamais. M\u00eame lorsque l\u2019\u00e2ge avance et que les forces diminuent, lorsque les cheveux blanchissent et que le r\u00f4le social dispara\u00eet, lorsque la vie devient moins productive et risque de para\u00eetre inutile. Il ne regarde pas les apparences (1 S 16, 7) et n\u2019h\u00e9site pas \u00e0 choisir ceux qui, aux yeux d\u2019un grand nombre, semblent insignifiants. Il n\u2019\u00e9carte aucune pierre. Au contraire, les plus \u201canciennes\u201d sont la base solide sur laquelle les pierres \u201cnouvelles\u201d peuvent s\u2019appuyer pour construire ensemble l\u2019\u00e9difice spirituel (cf. 1 P 2, 5).<br><em>(<a href=\"https:\/\/catholiques17.fr\/wp-content\/uploads\/2024\/07\/Message-Pape-Francois-Journee-mondiale-personns-agees-2024.pdf\" target=\"_blank\" rel=\"noreferrer noopener\">lire la suite<\/a>)<\/em><\/p>\n<cite>PAPE FRAN\u00c7OIS<\/cite><\/blockquote>\n\n\n\n<div style=\"height:54px\" aria-hidden=\"true\" class=\"wp-block-spacer\"><\/div>\n\n\n\n<p>En valorisant les charismes des grands-parents et des personnes \u00e2g\u00e9es et leur contribution \u00e0 la vie de l\u2019\u00c9glise, la c\u00e9l\u00e9bration de cette Journ\u00e9e entend favoriser l\u2019engagement de chaque communaut\u00e9 eccl\u00e9siale dans la construction de liens entre les g\u00e9n\u00e9rations et dans la lutte contre la solitude, consciente que, comme le souligne l\u2019\u00c9criture : \u00ab Il n\u2019est pas bon que l\u2019homme soit seul \u00bb (Gn 2,18).<\/p>\n\n\n\n<p>Que cette journ\u00e9e devienne une occasion de t\u00e9moignage de l\u2019importance des liens familiaux et de la\u00a0<em>\u00ab<\/em>\u00a0richesse\u00a0<em>\u00bb<\/em>\u00a0que nos a\u00een\u00e9s repr\u00e9sentent dans nos communaut\u00e9s paroissiales !<\/p>\n\n\n\n<div style=\"height:50px\" aria-hidden=\"true\" class=\"wp-block-spacer\"><\/div>\n\n\n\n<p class=\"has-text-align-center has-white-color has-text-color has-background has-link-color wp-elements-07adaaededbf7417a4fe9bc9084e453f\" style=\"background-color:#1880bc\">Seigneur, Dieu fid\u00e8le,<br>Toi qui nous as cr\u00e9\u00e9s \u00e0 ton image,<br>Toi qui ne nous laisses jamais seuls<br>et qui nous accompagnes \u00e0 chaque saison de la vie,<br>ne nous abandonne pas, prends soin de nous<br>et donne-nous, une fois de plus<br>de nous d\u00e9couvrir comme tes enfants.<\/p>\n\n\n\n<p class=\"has-text-align-center has-white-color has-text-color has-background has-link-color wp-elements-e26d6d33f0886ebebe09055c035c0ae4\" style=\"background-color:#1880bc\">Renouvelle nos c\u0153urs par ta Parole<br>et ne permets \u00e0 personne d\u2019\u00eatre \u00e9cart\u00e9.<br>Que ton Esprit d\u2019amour nous conforme \u00e0 ta tendresse<br>et nous apprenne \u00e0 dire : \u00ab Je ne t\u2019abandonnerai pas ! \u00bb<br>\u00e0 ceux que nous rencontrons sur notre chemin.<\/p>\n\n\n\n<p class=\"has-text-align-center has-white-color has-text-color has-background has-link-color wp-elements-ec1f1d52ef15bb95c3b8965c8129d51b\" style=\"background-color:#1880bc\">Que ton Fils bien-aim\u00e9 nous aide<br>\u00e0 ne pas perdre le go\u00fbt de la fraternit\u00e9<br>et \u00e0 ne pas accepter le triste conformisme de la solitude.<br>Aide-nous \u00e0 regarder l\u2019avenir avec<br>une esp\u00e9rance renouvel\u00e9e et fais<br>de la Journ\u00e9e mondiale des grands-parents et des personnes \u00e2g\u00e9es<br>une journ\u00e9e sans solitude, pr\u00e9mices de ta paix.<\/p>\n\n\n\n<p class=\"has-text-align-center has-white-color has-text-color has-background has-link-color wp-elements-f108da5b6114b54391c08e949649c9e2\" style=\"background-color:#1880bc\">Amen.<\/p>\n\n\n\n<div style=\"height:32px\" aria-hidden=\"true\" class=\"wp-block-spacer\"><\/div>\n\n\n\n<p class=\"has-text-align-center\"><a href=\"https:\/\/catholiques17.fr\/wp-content\/uploads\/2024\/07\/Priere.pdf\" target=\"_blank\" rel=\"noreferrer noopener\">T\u00e9l\u00e9charger la carte-pri\u00e8re<\/a><\/p>\n\n\n\n<div style=\"height:100px\" aria-hidden=\"true\" class=\"wp-block-spacer\"><\/div>\n","protected":false},"excerpt":{"rendered":"<p>Pour la quatri\u00e8me ann\u00e9e, le Pape Fran\u00e7ois nous invite \u00e0 prier pour les grands-parents et les personnes \u00e2g\u00e9es le dimanche 28 juillet 2024. \u201cDans ma vieillesse, ne m\u2019abandonne pas\u201d, c\u2019est [&hellip;]<\/p>\n","protected":false},"author":4,"featured_media":9605,"comment_status":"open","ping_status":"open","sticky":false,"template":"","format":"standard","meta":{"_et_pb_use_builder":"off","_et_pb_old_content":"","_et_gb_content_width":"","footnotes":""},"categories":[6,21,22],"tags":[],"class_list":["post-9604","post","type-post","status-publish","format-standard","has-post-thumbnail","hentry","category-actualite","category-eglise-universelle","category-pape-francois"],"_links":{"self":[{"href":"https:\/\/catholiques17.fr\/nieul\/wp-json\/wp\/v2\/posts\/9604","targetHints":{"allow":["GET"]}}],"collection":[{"href":"https:\/\/catholiques17.fr\/nieul\/wp-json\/wp\/v2\/posts"}],"about":[{"href":"https:\/\/catholiques17.fr\/nieul\/wp-json\/wp\/v2\/types\/post"}],"author":[{"embeddable":true,"href":"https:\/\/catholiques17.fr\/nieul\/wp-json\/wp\/v2\/users\/4"}],"replies":[{"embeddable":true,"href":"https:\/\/catholiques17.fr\/nieul\/wp-json\/wp\/v2\/comments?post=9604"}],"version-history":[{"count":2,"href":"https:\/\/catholiques17.fr\/nieul\/wp-json\/wp\/v2\/posts\/9604\/revisions"}],"predecessor-version":[{"id":9607,"href":"https:\/\/catholiques17.fr\/nieul\/wp-json\/wp\/v2\/posts\/9604\/revisions\/9607"}],"wp:featuredmedia":[{"embeddable":true,"href":"https:\/\/catholiques17.fr\/nieul\/wp-json\/wp\/v2\/media\/9605"}],"wp:attachment":[{"href":"https:\/\/catholiques17.fr\/nieul\/wp-json\/wp\/v2\/media?parent=9604"}],"wp:term":[{"taxonomy":"category","embeddable":true,"href":"https:\/\/catholiques17.fr\/nieul\/wp-json\/wp\/v2\/categories?post=9604"},{"taxonomy":"post_tag","embeddable":true,"href":"https:\/\/catholiques17.fr\/nieul\/wp-json\/wp\/v2\/tags?post=9604"}],"curies":[{"name":"wp","href":"https:\/\/api.w.org\/{rel}","templated":true}]}}