{"id":9531,"date":"2024-07-01T08:00:00","date_gmt":"2024-07-01T06:00:00","guid":{"rendered":"https:\/\/catholiques17.fr\/nieul\/?p=9531"},"modified":"2024-07-08T09:12:43","modified_gmt":"2024-07-08T07:12:43","slug":"intention-de-priere-du-pape-pour-le-mois-de-juillet-2","status":"publish","type":"post","link":"https:\/\/catholiques17.fr\/nieul\/intention-de-priere-du-pape-pour-le-mois-de-juillet-2\/","title":{"rendered":"Intention de pri\u00e8re du Pape pour le mois de juillet"},"content":{"rendered":"\n<div style=\"height:75px\" aria-hidden=\"true\" class=\"wp-block-spacer\"><\/div>\n\n\n\n<h3 class=\"wp-block-heading has-text-align-center\">\u00ab\u00a0Prions pour que le sacrement des malades donne aux personnes qui le re\u00e7oivent, <\/h3>\n\n\n\n<h3 class=\"wp-block-heading has-text-align-center\">ainsi qu\u2019\u00e0 leurs proches, la force du Seigneur, <\/h3>\n\n\n\n<h3 class=\"wp-block-heading has-text-align-center\">et qu\u2019il soit de plus en plus pour tous un signe visible de compassion et d\u2019esp\u00e9rance.\u00a0\u00bb<\/h3>\n\n\n\n<div style=\"height:59px\" aria-hidden=\"true\" class=\"wp-block-spacer\"><\/div>\n\n\n\n<p>En f\u00e9vrier, le Pape nous invitait \u00e0 prier pour les malades en phase terminale. Son attention portait sur l\u2019accompagnement humain et m\u00e9dical. Il se penche \u00e0 nouveau vers les malades mais sous l\u2019angle du <strong>sacrement des malades<\/strong> qui est \u00e0 leur disposition. <strong>Il est un soutien dans la faiblesse, une compassion de la communaut\u00e9 chr\u00e9tienne, une porte d\u2019esp\u00e9rance qui s\u2019ouvre sur la vie.<\/strong><\/p>\n\n\n\n<p>La maladie qui engage le pronostic vital, le grand \u00e2ge, une grande fatigue psychique, la perspective d\u2019une op\u00e9ration grave font \u00e9prouver la fragilit\u00e9 de la vie. Ces \u00e9tats de fragilit\u00e9 rappellent que nous sommes mortels. C\u2019est l\u00e0 que <strong>le sacrement vient \u00e0 notre secours<\/strong>. Le bapt\u00eame, l\u2019eucharistie, la confirmation, la r\u00e9conciliation donnent la vie, la nourrissent, la fortifient et la lib\u00e8rent en vue de l\u2019avenir. L\u2019onction des malades ressaisit toutes ces dimensions. Le geste de l\u2019huile renouvelle celui du bapt\u00eame et de la confirmation. La c\u00e9l\u00e9bration, quand c\u2019est possible, est accompagn\u00e9e de la r\u00e9conciliation et de l\u2019eucharistie. <strong>C\u2019est toute la sollicitude divine qui vient au secours du malade pour qu\u2019il vive de la vie de Dieu<\/strong>. Les pri\u00e8res ne sont pas l\u00e0 pour demander une gu\u00e9rison physique ou un miracle, <strong>elles demandent la r\u00e9unification de la vie divine dans la vie corporelle.<\/strong><\/p>\n\n\n\n<div style=\"height:38px\" aria-hidden=\"true\" class=\"wp-block-spacer\"><\/div>\n\n\n\n<figure class=\"wp-block-embed aligncenter is-type-video is-provider-youtube wp-block-embed-youtube wp-embed-aspect-16-9 wp-has-aspect-ratio\"><div class=\"wp-block-embed__wrapper\">\n<iframe loading=\"lazy\" title=\"Pour la pastorale des malades \u2013 La Vid\u00e9o du pape 7 \u2013 Juillet 2024\" width=\"1080\" height=\"608\" src=\"https:\/\/www.youtube.com\/embed\/WSvJJULVnxM?feature=oembed\"  allow=\"accelerometer; autoplay; clipboard-write; encrypted-media; gyroscope; picture-in-picture; web-share\" referrerpolicy=\"strict-origin-when-cross-origin\" allowfullscreen><\/iframe>\n<\/div><\/figure>\n\n\n\n<div style=\"height:57px\" aria-hidden=\"true\" class=\"wp-block-spacer\"><\/div>\n\n\n\n<p><strong>Dans l\u2019\u00c9vangile, J\u00e9sus est particuli\u00e8rement attentif aux malades<\/strong>. Souvent la gu\u00e9rison s\u2019accompagne d\u2019une parole comme \u00ab&nbsp;tes p\u00e9ch\u00e9s sont pardonn\u00e9s&nbsp;\u00bb ou bien \u00ab&nbsp;va et ne p\u00e8che plus&nbsp;\u00bb. La gu\u00e9rison corporelle est le signe de l\u2019\u0153uvre divine qui est le vrai tr\u00e9sor. Dans la parabole de l\u2019homme tomb\u00e9 aux mains des bandits, le Samaritain, figure de J\u00e9sus, conduit le bless\u00e9 \u00e0 l\u2019auberge. Le Pape voit cette auberge comme l\u2019\u00c9glise<a href=\"#sdfootnote1sym\" id=\"sdfootnote1anc\"><sup>1<\/sup><\/a>. Celle-ci pourra poursuivre les soins commenc\u00e9s avec l\u2019huile et le vin &#8211; les sacrements &#8211; avec une pr\u00e9sence et des gestes de compassion. L\u2019\u00c9glise se mobilise ainsi parce que ce sont des moments forts dans la vie d\u2019une personne. Aujourd\u2019hui, ce sacrement se c\u00e9l\u00e8bre aussi dans l\u2019\u00e9glise paroissiale&nbsp;; les malades sont alors au centre de l\u2019attention de la communaut\u00e9.<\/p>\n\n\n\n<p><strong>Une porte s\u2019ouvre.<\/strong> Pour certains elle s\u2019ouvre sur un regain de forces humaines pour affronter la maladie ou l\u2019\u00e9preuve et parfois gu\u00e9rir. Pour d\u2019autres, c\u2019est la porte du ciel qui s\u2019ouvre. Cette porte qui pouvait appara\u00eetre redoutable devient accueillante, et c\u2019est en paix qu\u2019ils marchent vers elle, dans l\u2019horizon de la mis\u00e9ricorde de Dieu. Ils sentent que l\u00e0 est leur avenir, et ce sont eux qui parfois r\u00e9confortent et encouragent leurs proches.<\/p>\n\n\n\n<p>Le sacrement n\u2019op\u00e8re pas d\u2019une mani\u00e8re magique. Le myst\u00e8re de la personne et de sa libert\u00e9 demeure. <strong>Parfois le chemin est long qui m\u00e8ne au sacrement et \u00e0 la r\u00e9conciliation int\u00e9rieure source de paix. Ceux-l\u00e0 aussi, nous les portons dans notre pri\u00e8re.<\/strong><\/p>\n\n\n\n<p><em>Daniel R\u00e9gent sj., directeur du R\u00e9seau Mondial de Pri\u00e8re du Pape France<\/em><\/p>\n\n\n\n<p><\/p>\n\n\n\n<p><a href=\"#sdfootnote1anc\" id=\"sdfootnote1sym\">1<\/a> Pape Fran\u00e7ois, Audience g\u00e9n\u00e9rale du 26 f\u00e9vrier 2014<\/p>\n","protected":false},"excerpt":{"rendered":"<p>\u00ab\u00a0Prions pour que le sacrement des malades donne aux personnes qui le re\u00e7oivent, ainsi qu\u2019\u00e0 leurs proches, la force du Seigneur, et qu\u2019il soit de plus en plus pour tous [&hellip;]<\/p>\n","protected":false},"author":4,"featured_media":9529,"comment_status":"open","ping_status":"open","sticky":false,"template":"","format":"standard","meta":{"_et_pb_use_builder":"off","_et_pb_old_content":"","_et_gb_content_width":"","footnotes":""},"categories":[6,21,22],"tags":[],"class_list":["post-9531","post","type-post","status-publish","format-standard","has-post-thumbnail","hentry","category-actualite","category-eglise-universelle","category-pape-francois"],"_links":{"self":[{"href":"https:\/\/catholiques17.fr\/nieul\/wp-json\/wp\/v2\/posts\/9531","targetHints":{"allow":["GET"]}}],"collection":[{"href":"https:\/\/catholiques17.fr\/nieul\/wp-json\/wp\/v2\/posts"}],"about":[{"href":"https:\/\/catholiques17.fr\/nieul\/wp-json\/wp\/v2\/types\/post"}],"author":[{"embeddable":true,"href":"https:\/\/catholiques17.fr\/nieul\/wp-json\/wp\/v2\/users\/4"}],"replies":[{"embeddable":true,"href":"https:\/\/catholiques17.fr\/nieul\/wp-json\/wp\/v2\/comments?post=9531"}],"version-history":[{"count":6,"href":"https:\/\/catholiques17.fr\/nieul\/wp-json\/wp\/v2\/posts\/9531\/revisions"}],"predecessor-version":[{"id":9564,"href":"https:\/\/catholiques17.fr\/nieul\/wp-json\/wp\/v2\/posts\/9531\/revisions\/9564"}],"wp:featuredmedia":[{"embeddable":true,"href":"https:\/\/catholiques17.fr\/nieul\/wp-json\/wp\/v2\/media\/9529"}],"wp:attachment":[{"href":"https:\/\/catholiques17.fr\/nieul\/wp-json\/wp\/v2\/media?parent=9531"}],"wp:term":[{"taxonomy":"category","embeddable":true,"href":"https:\/\/catholiques17.fr\/nieul\/wp-json\/wp\/v2\/categories?post=9531"},{"taxonomy":"post_tag","embeddable":true,"href":"https:\/\/catholiques17.fr\/nieul\/wp-json\/wp\/v2\/tags?post=9531"}],"curies":[{"name":"wp","href":"https:\/\/api.w.org\/{rel}","templated":true}]}}