{"id":9495,"date":"2024-06-15T13:36:00","date_gmt":"2024-06-15T11:36:00","guid":{"rendered":"https:\/\/catholiques17.fr\/nieul\/?p=9495"},"modified":"2024-06-15T14:38:28","modified_gmt":"2024-06-15T12:38:28","slug":"deux-nouveaux-pretres-pour-notre-diocese-dont-danijel-notre-diacre","status":"publish","type":"post","link":"https:\/\/catholiques17.fr\/nieul\/deux-nouveaux-pretres-pour-notre-diocese-dont-danijel-notre-diacre\/","title":{"rendered":"Deux nouveaux pr\u00eatres pour notre dioc\u00e8se, dont Danijel notre diacre !"},"content":{"rendered":"\n<div style=\"height:100px\" aria-hidden=\"true\" class=\"wp-block-spacer\"><\/div>\n\n\n\n<p><strong>Mgr Fran\u00e7ois Jacolin, administrateur dioc\u00e9sain,  ordonnera pr\u00eatres\u00a0Danijel Mladineo et Martin Chauvet<\/strong> <strong>le samedi 22 juin 2024 \u00e0 10 h,<\/strong> <strong>en la cath\u00e9drale Saint-Louis de La Rochelle.<\/strong><\/p>\n\n\n\n<p class=\"has-text-align-center\"><br>Vous \u00eates invit\u00e9s \u00e0 participer ou vous associer par la pri\u00e8re cette messe d\u2019ordination et \u00e0 vous r\u00e9jouir avec toute l\u2019\u00c9glise !<\/p>\n\n\n\n<div style=\"height:50px\" aria-hidden=\"true\" class=\"wp-block-spacer\"><\/div>\n\n\n\n<h2 class=\"wp-block-heading has-text-align-center\">D\u00e9couvrez les t\u00e9moignages de Danijel et de Martin<\/h2>\n\n\n\n<div style=\"height:48px\" aria-hidden=\"true\" class=\"wp-block-spacer\"><\/div>\n\n\n\n<figure class=\"wp-block-image aligncenter size-thumbnail\"><img loading=\"lazy\" decoding=\"async\" width=\"150\" height=\"150\" src=\"https:\/\/catholiques17.fr\/nieul\/wp-content\/uploads\/sites\/29\/2024\/06\/892500-150x150.png\" alt=\"\" class=\"wp-image-9496\"\/><\/figure>\n\n\n\n<div style=\"height:75px\" aria-hidden=\"true\" class=\"wp-block-spacer\"><\/div>\n\n\n\n<div class=\"wp-block-columns is-layout-flex wp-container-core-columns-is-layout-9d6595d7 wp-block-columns-is-layout-flex\">\n<div class=\"wp-block-column is-layout-flow wp-block-column-is-layout-flow\">\n<figure class=\"wp-block-embed is-type-video is-provider-youtube wp-block-embed-youtube wp-embed-aspect-16-9 wp-has-aspect-ratio\"><div class=\"wp-block-embed__wrapper\">\n<iframe loading=\"lazy\" title=\"3 questions \u00e0 Danijel Mladineo\" width=\"1080\" height=\"608\" src=\"https:\/\/www.youtube.com\/embed\/hg0kTEHp58k?feature=oembed\"  allow=\"accelerometer; autoplay; clipboard-write; encrypted-media; gyroscope; picture-in-picture; web-share\" referrerpolicy=\"strict-origin-when-cross-origin\" allowfullscreen><\/iframe>\n<\/div><\/figure>\n<\/div>\n\n\n\n<div class=\"wp-block-column is-layout-flow wp-block-column-is-layout-flow\">\n<figure class=\"wp-block-embed is-type-video is-provider-youtube wp-block-embed-youtube wp-embed-aspect-16-9 wp-has-aspect-ratio\"><div class=\"wp-block-embed__wrapper\">\n<iframe loading=\"lazy\" title=\"3 questions \u00e0 Martin Chauvet\" width=\"1080\" height=\"608\" src=\"https:\/\/www.youtube.com\/embed\/Fu4hqBcBVXM?feature=oembed\"  allow=\"accelerometer; autoplay; clipboard-write; encrypted-media; gyroscope; picture-in-picture; web-share\" referrerpolicy=\"strict-origin-when-cross-origin\" allowfullscreen><\/iframe>\n<\/div><\/figure>\n<\/div>\n<\/div>\n","protected":false},"excerpt":{"rendered":"<p>Mgr Fran\u00e7ois Jacolin, administrateur dioc\u00e9sain, ordonnera pr\u00eatres\u00a0Danijel Mladineo et Martin Chauvet le samedi 22 juin 2024 \u00e0 10 h, en la cath\u00e9drale Saint-Louis de La Rochelle. Vous \u00eates invit\u00e9s \u00e0 [&hellip;]<\/p>\n","protected":false},"author":4,"featured_media":9363,"comment_status":"open","ping_status":"open","sticky":false,"template":"","format":"standard","meta":{"_et_pb_use_builder":"off","_et_pb_old_content":"","_et_gb_content_width":"","footnotes":""},"categories":[6,23],"tags":[],"class_list":["post-9495","post","type-post","status-publish","format-standard","has-post-thumbnail","hentry","category-actualite","category-diocese"],"_links":{"self":[{"href":"https:\/\/catholiques17.fr\/nieul\/wp-json\/wp\/v2\/posts\/9495","targetHints":{"allow":["GET"]}}],"collection":[{"href":"https:\/\/catholiques17.fr\/nieul\/wp-json\/wp\/v2\/posts"}],"about":[{"href":"https:\/\/catholiques17.fr\/nieul\/wp-json\/wp\/v2\/types\/post"}],"author":[{"embeddable":true,"href":"https:\/\/catholiques17.fr\/nieul\/wp-json\/wp\/v2\/users\/4"}],"replies":[{"embeddable":true,"href":"https:\/\/catholiques17.fr\/nieul\/wp-json\/wp\/v2\/comments?post=9495"}],"version-history":[{"count":2,"href":"https:\/\/catholiques17.fr\/nieul\/wp-json\/wp\/v2\/posts\/9495\/revisions"}],"predecessor-version":[{"id":9498,"href":"https:\/\/catholiques17.fr\/nieul\/wp-json\/wp\/v2\/posts\/9495\/revisions\/9498"}],"wp:featuredmedia":[{"embeddable":true,"href":"https:\/\/catholiques17.fr\/nieul\/wp-json\/wp\/v2\/media\/9363"}],"wp:attachment":[{"href":"https:\/\/catholiques17.fr\/nieul\/wp-json\/wp\/v2\/media?parent=9495"}],"wp:term":[{"taxonomy":"category","embeddable":true,"href":"https:\/\/catholiques17.fr\/nieul\/wp-json\/wp\/v2\/categories?post=9495"},{"taxonomy":"post_tag","embeddable":true,"href":"https:\/\/catholiques17.fr\/nieul\/wp-json\/wp\/v2\/tags?post=9495"}],"curies":[{"name":"wp","href":"https:\/\/api.w.org\/{rel}","templated":true}]}}