{"id":9465,"date":"2024-05-31T11:57:35","date_gmt":"2024-05-31T09:57:35","guid":{"rendered":"https:\/\/catholiques17.fr\/nieul\/?p=9465"},"modified":"2024-05-31T11:57:36","modified_gmt":"2024-05-31T09:57:36","slug":"intention-de-priere-du-pape-pour-le-mois-de-juin-3","status":"publish","type":"post","link":"https:\/\/catholiques17.fr\/nieul\/intention-de-priere-du-pape-pour-le-mois-de-juin-3\/","title":{"rendered":"Intention de pri\u00e8re du Pape pour le mois de juin"},"content":{"rendered":"\n<div style=\"height:72px\" aria-hidden=\"true\" class=\"wp-block-spacer\"><\/div>\n\n\n\n<h3 class=\"wp-block-heading has-text-align-center\">En juin,\u00a0le Pape invite les Chr\u00e9tiens du monde \u00e0 prier pour ceux qui fuient leur pays :<\/h3>\n\n\n\n<div style=\"height:31px\" aria-hidden=\"true\" class=\"wp-block-spacer\"><\/div>\n\n\n\n<h3 class=\"wp-block-heading has-text-align-center\">\u00ab\u00a0Prions pour que les migrants, qui fuient les guerres ou la faim et sont contraints \u00e0 des voyages pleins de dangers et de violence,  puissent trouver l\u2019hospitalit\u00e9 ainsi que de nouvelles opportunit\u00e9s de vie dans les pays d\u2019accueil.\u00a0\u00bb<\/h3>\n\n\n\n<p><\/p>\n\n\n\n<div style=\"height:48px\" aria-hidden=\"true\" class=\"wp-block-spacer\"><\/div>\n\n\n\n<figure class=\"wp-block-embed aligncenter is-type-video is-provider-youtube wp-block-embed-youtube wp-embed-aspect-16-9 wp-has-aspect-ratio\"><div class=\"wp-block-embed__wrapper\">\n<iframe loading=\"lazy\" title=\"Pour ceux qui fuient leurs pays \u2013 La Vid\u00e9o du Pape 6 \u2013 Juin 2024\" width=\"1080\" height=\"608\" src=\"https:\/\/www.youtube.com\/embed\/2jVFGJ-rxu8?feature=oembed\"  allow=\"accelerometer; autoplay; clipboard-write; encrypted-media; gyroscope; picture-in-picture; web-share\" referrerpolicy=\"strict-origin-when-cross-origin\" allowfullscreen><\/iframe>\n<\/div><\/figure>\n\n\n\n<div style=\"height:59px\" aria-hidden=\"true\" class=\"wp-block-spacer\"><\/div>\n\n\n\n<p>L\u2019intention du Pape donne \u00e0 imaginer les \u00e9preuves de ceux qui fuient les guerres ou la faim. Sa pri\u00e8re \u00e0 Dieu et la n\u00f4tre qu\u2019il sollicite font le lien entre ces personnes et la vie dans les pays d\u2019accueil. Elles ont le souci de l\u2019avenir des uns et des autres, car les mouvements migratoires s\u2019amplifient avec les changements climatiques. Les d\u00e9cisions qui sont prises aujourd\u2019hui contribuent \u00e0 donner \u00e0 nos pays le visage qu\u2019ils auront demain. Sera-t-il fait d\u2019accueil et de fraternit\u00e9 pour le bien-\u00eatre de tous&nbsp;?<\/p>\n\n\n\n<p>L\u2019histoire de l\u2019humanit\u00e9 comme l\u2019histoire biblique est faite de migrations. Dieu en prend l\u2019initiative. Il dit \u00e0 Abraham&nbsp;: \u00ab&nbsp;Quitte ton pays\u2026 Va vers le pays que je t\u2019indiquerai&nbsp;\u00bb. Le chemin passe par l\u2019\u00c9gypte, le d\u00e9sert, la terre promise, l\u2019Exil. Pers\u00e9cut\u00e9s, les premiers chr\u00e9tiens s\u00e8ment l\u2019\u00c9vangile dans leur exode. Ils ont aussi fait l\u2019exp\u00e9rience d\u2019\u00eatre accueillis. Nous sommes tous des migrants. La vie n\u2019est-elle pas une migration d\u2019un \u00e9tat \u00e0 un autre&nbsp;? Notre vraie richesse est la vie elle-m\u00eame. Elle est \u00e0 vivre. Ne passons pas \u00e0 c\u00f4t\u00e9&nbsp;! Oui l\u2019enjeu est redoutable, mais ne laissons pas la peur d\u00e9cider \u00e0 notre place. Vivons&nbsp;! Les migrants qui ont tout laiss\u00e9 derri\u00e8re eux nous adressent une question difficile \u00e0 entendre mais essentielle, celle de l\u2019aventure de notre propre vie. L\u2019appel n\u2019est pas \u00e0 boucher le flacon de nos vies, mais \u00e0 l\u2019ouvrir pour que sa richesse fructifie. Cette question est personnelle, communautaire et politique. Que chacun l\u2019aborde au niveau qui est le sien.<\/p>\n\n\n\n<p>Dire que nous sommes tous des migrants et donc des fr\u00e8res ne nie pas les \u00e9carts culturels, religieux, anthropologiques, politiques. Le vivre ensemble dans la paix est un apprentissage difficile qui n\u2019exige pas d\u2019\u00eatre tous pareils. Parler de fraternit\u00e9 ne dit pas non plus ce qu\u2019il convient de faire face \u00e0 ces situations difficiles. C\u2019est un appel \u00e0 regarder suffisamment haut pour ne pas compromettre notre avenir individuel et collectif.<\/p>\n\n\n\n<p>Au d\u00e9but de son pontificat, en allant \u00e0 Lampedusa, le pape Fran\u00e7ois a exprim\u00e9 sa compassion pour le sort des migrants et a interpell\u00e9 les potentiels pays d\u2019accueil. Si l\u2019humanit\u00e9 se ferme sur elle-m\u00eame, elle construit son malheur. Les discours du pape ne sont pas diff\u00e9rents de ce que disaient ses pr\u00e9d\u00e9cesseurs. Les tensions mondiales actuelles favorisent des r\u00e9actions instinctives de protection, m\u00eame au sein du monde catholique. Des contre-v\u00e9rit\u00e9s circulent. Mais, de nombreuses personnes et associations \u0153uvrent pour l\u2019accueil et l\u2019accompagnement de personnes migrantes. Loin du tapage m\u00e9diatique, elles r\u00e9pondent aux besoins imm\u00e9diats de personnes en souffrance. Les id\u00e9es abstraites s\u2019humanisent au contact des noms, des visages et des histoires des personnes accueillies. La vie alors se donne mutuellement en se faisant inventive&nbsp;; elle construit le monde de demain.<\/p>\n\n\n\n<p><strong>Daniel R\u00e9gent sj.<br><\/strong>directeur du R\u00e9seau Mondial de Pri\u00e8re du Pape France<\/p>\n\n\n\n<div style=\"height:54px\" aria-hidden=\"true\" class=\"wp-block-spacer\"><\/div>\n","protected":false},"excerpt":{"rendered":"<p>En juin,\u00a0le Pape invite les Chr\u00e9tiens du monde \u00e0 prier pour ceux qui fuient leur pays : \u00ab\u00a0Prions pour que les migrants, qui fuient les guerres ou la faim et [&hellip;]<\/p>\n","protected":false},"author":4,"featured_media":9466,"comment_status":"open","ping_status":"open","sticky":false,"template":"","format":"standard","meta":{"_et_pb_use_builder":"off","_et_pb_old_content":"","_et_gb_content_width":"","footnotes":""},"categories":[6,21,22],"tags":[],"class_list":["post-9465","post","type-post","status-publish","format-standard","has-post-thumbnail","hentry","category-actualite","category-eglise-universelle","category-pape-francois"],"_links":{"self":[{"href":"https:\/\/catholiques17.fr\/nieul\/wp-json\/wp\/v2\/posts\/9465","targetHints":{"allow":["GET"]}}],"collection":[{"href":"https:\/\/catholiques17.fr\/nieul\/wp-json\/wp\/v2\/posts"}],"about":[{"href":"https:\/\/catholiques17.fr\/nieul\/wp-json\/wp\/v2\/types\/post"}],"author":[{"embeddable":true,"href":"https:\/\/catholiques17.fr\/nieul\/wp-json\/wp\/v2\/users\/4"}],"replies":[{"embeddable":true,"href":"https:\/\/catholiques17.fr\/nieul\/wp-json\/wp\/v2\/comments?post=9465"}],"version-history":[{"count":3,"href":"https:\/\/catholiques17.fr\/nieul\/wp-json\/wp\/v2\/posts\/9465\/revisions"}],"predecessor-version":[{"id":9469,"href":"https:\/\/catholiques17.fr\/nieul\/wp-json\/wp\/v2\/posts\/9465\/revisions\/9469"}],"wp:featuredmedia":[{"embeddable":true,"href":"https:\/\/catholiques17.fr\/nieul\/wp-json\/wp\/v2\/media\/9466"}],"wp:attachment":[{"href":"https:\/\/catholiques17.fr\/nieul\/wp-json\/wp\/v2\/media?parent=9465"}],"wp:term":[{"taxonomy":"category","embeddable":true,"href":"https:\/\/catholiques17.fr\/nieul\/wp-json\/wp\/v2\/categories?post=9465"},{"taxonomy":"post_tag","embeddable":true,"href":"https:\/\/catholiques17.fr\/nieul\/wp-json\/wp\/v2\/tags?post=9465"}],"curies":[{"name":"wp","href":"https:\/\/api.w.org\/{rel}","templated":true}]}}