{"id":9397,"date":"2024-05-07T16:58:12","date_gmt":"2024-05-07T14:58:12","guid":{"rendered":"https:\/\/catholiques17.fr\/nieul\/?p=9397"},"modified":"2024-05-13T08:49:43","modified_gmt":"2024-05-13T06:49:43","slug":"intention-de-priere-du-pape-pour-le-mois-de-mai-3","status":"publish","type":"post","link":"https:\/\/catholiques17.fr\/nieul\/intention-de-priere-du-pape-pour-le-mois-de-mai-3\/","title":{"rendered":"Intention de pri\u00e8re du Pape pour le mois de Mai"},"content":{"rendered":"\n<div style=\"height:87px\" aria-hidden=\"true\" class=\"wp-block-spacer\"><\/div>\n\n\n\n<blockquote class=\"wp-block-quote is-layout-flow wp-block-quote-is-layout-flow\">\n<p><strong>Prions pour que les religieuses, les religieux et les s\u00e9minaristes grandissent dans leur parcours vocationnel gr\u00e2ce \u00e0 une formation humaine, pastorale, spirituelle et communautaire qui les conduise \u00e0 \u00eatre des t\u00e9moins cr\u00e9dibles de l\u2019\u00c9vangile.<\/strong><\/p>\n<\/blockquote>\n\n\n\n<div style=\"height:66px\" aria-hidden=\"true\" class=\"wp-block-spacer\"><\/div>\n\n\n\n<p>En ce mois de mai, le Pape oriente notre attention et notre pri\u00e8re sur la formation des personnes qui s\u2019avancent vers un engagement religieux&nbsp;ou le sacerdoce. La finalit\u00e9 de cette formation est qu\u2019ils grandissent dans leur vocation et qu\u2019ils deviennent des t\u00e9moins cr\u00e9dibles de l\u2019\u00c9vangile.<\/p>\n\n\n\n<div style=\"height:45px\" aria-hidden=\"true\" class=\"wp-block-spacer\"><\/div>\n\n\n\n<figure class=\"wp-block-embed is-type-video is-provider-youtube wp-block-embed-youtube wp-embed-aspect-16-9 wp-has-aspect-ratio\"><div class=\"wp-block-embed__wrapper\">\n<iframe loading=\"lazy\" title=\"Pour la formation des religieuses, des religieux et des s\u00e9minaristes \u2013 La Vid\u00e9o du Pape 5 \u2013 Mai 2024\" width=\"1080\" height=\"608\" src=\"https:\/\/www.youtube.com\/embed\/WBrk4RqCvgU?feature=oembed\"  allow=\"accelerometer; autoplay; clipboard-write; encrypted-media; gyroscope; picture-in-picture; web-share\" referrerpolicy=\"strict-origin-when-cross-origin\" allowfullscreen><\/iframe>\n<\/div><\/figure>\n\n\n\n<div style=\"height:48px\" aria-hidden=\"true\" class=\"wp-block-spacer\"><\/div>\n\n\n\n<p><strong>La mani\u00e8re dont le Christ a v\u00e9cu son incarnation reste le mod\u00e8le \u00e0 r\u00e9inventer \u00e0 chaque \u00e9poque<\/strong>. Les quatre champs d\u2019investissement nomm\u00e9s visent la qualit\u00e9 des multiples relations humaines qu\u2019ils conna\u00eetront durant leur vie apostolique.<\/p>\n\n\n\n<p>Derri\u00e8re la formation humaine, pastorale et spirituelle, le Pape fait implicitement r\u00e9f\u00e9rence aux \u00e9tudes philosophiques et th\u00e9ologiques, avec <strong>une finalit\u00e9 qui n\u2019est pas d\u2019abord universitaire mais apostolique<\/strong>. Ce faisant, il met en \u0153uvre les orientations prises par le Concile Vatican II d\u2019une plus grande ouverture sur le monde, condition n\u00e9cessaire \u00e0 l\u2019\u00e9vang\u00e9lisation. Les mots que le Pape utilise font partie du langage commun, ils ne sont pas savants. Ils laissent appara\u00eetre son souci pour la pr\u00e9sence de l\u2019\u00c9glise de demain dans le monde, et de l\u2019accueil de chacun dans la bienveillance, en s\u2019adaptant \u00e0 son langage et \u00e0 sa culture. Adopter un langage compr\u00e9hensible par tous brise le risque toujours pr\u00e9sent d\u2019un entre soi o\u00f9 l\u2019on se conforte dans des expressions fig\u00e9es, \u00e0 la limite du magique.<\/p>\n\n\n\n<p>Le mot \u2018communautaire\u2019 est \u00e0 lui seul tout un programme. <strong>Il concerne la mani\u00e8re de vivre les responsabilit\u00e9s pastorales au sein de la communaut\u00e9 eccl\u00e9siale.<\/strong> Apprendre \u00e0 s\u2019\u00e9couter, ne pas chercher d\u2019abord \u00e0 d\u00e9fendre son id\u00e9e mais \u00e0 comprendre celle de l\u2019autre&nbsp;; <strong>apprendre \u00e0 faire \u00c9glise o\u00f9 chacun est reconnu pour ce qu\u2019il est et a sa place<\/strong>&nbsp;; <strong>vivre les responsabilit\u00e9s non pas comme un pouvoir, mais comme un service<\/strong>&nbsp;: accomplir tout cela est un d\u00e9fi.<\/p>\n\n\n\n<p>Les Actes des Ap\u00f4tres disent que <em>\u00ab&nbsp;la multitude des croyants n\u2019avait qu\u2019un c\u0153ur et qu\u2019une \u00e2me&nbsp;\u00bb<\/em> (Ac 4,32), et ils ne cachent pas ensuite la difficult\u00e9 de le vivre au jour le jour, et parfois dans des conflits. Cette premi\u00e8re affirmation est essentielle pour ne pas se r\u00e9signer \u00e0 la m\u00e9diocrit\u00e9<strong>. Nous croyons que cette unit\u00e9 de c\u0153ur et d\u2019\u00e2me ne vient pas de nos m\u00e9rites, mais qu\u2019elle est un don gratuit de l\u2019Esprit<\/strong>, issu de la R\u00e9surrection du Christ&nbsp;; et c\u2019est parce qu\u2019elle nous est donn\u00e9e que nous pouvons travailler d\u2019un c\u0153ur simple \u00e0 son av\u00e8nement.<\/p>\n\n\n\n<p><em>Daniel R\u00e9gent sj., directeur du R\u00e9seau Mondial de Pri\u00e8re du Pape France<\/em><\/p>\n\n\n\n<div style=\"height:104px\" aria-hidden=\"true\" class=\"wp-block-spacer\"><\/div>\n\n\n\n<h2 class=\"wp-block-heading has-text-align-center\">Au mois de mai, prions pour les vocations !<\/h2>\n\n\n\n<div style=\"height:51px\" aria-hidden=\"true\" class=\"wp-block-spacer\"><\/div>\n\n\n\n<h3 class=\"wp-block-heading has-text-align-center has-white-color has-text-color has-background has-link-color wp-elements-97eca0c4d00ebbeadb569205dfc3ce72\" style=\"background-color:#0f6a9f\">Les \u00e9v\u00eaques de la Province de Poitiers invitent tous les chr\u00e9tiens de Poitou-Charentes et du Limousin \u00e0 prier pour les vocations. Pour cela, ils leur donnent rendez-vous les 19 et 20 mai 2024, dimanche et lundi de Pentec\u00f4te, \u00e0 Rochefort et \u00e0 l\u2019\u00cele Madame, pour un p\u00e8lerinage provincial.<\/h3>\n\n\n\n<div style=\"height:60px\" aria-hidden=\"true\" class=\"wp-block-spacer\"><\/div>\n\n\n\n<div class=\"wp-block-buttons is-content-justification-center is-layout-flex wp-container-core-buttons-is-layout-16018d1d wp-block-buttons-is-layout-flex\">\n<div class=\"wp-block-button is-style-outline is-style-outline--1\"><a class=\"wp-block-button__link has-white-background-color has-text-color has-background has-link-color wp-element-button\" href=\"https:\/\/catholiques17.fr\/save-the-date-pentecote-2024-pelerinage-pour-les-vocations\/\" style=\"color:#1c6894\" target=\"_blank\" rel=\"noreferrer noopener\">Renseignements et inscription<\/a><\/div>\n<\/div>\n\n\n\n<div style=\"height:44px\" aria-hidden=\"true\" class=\"wp-block-spacer\"><\/div>\n\n\n\n<figure class=\"wp-block-image aligncenter size-full\"><img loading=\"lazy\" decoding=\"async\" width=\"566\" height=\"800\" src=\"https:\/\/catholiques17.fr\/nieul\/wp-content\/uploads\/sites\/29\/2024\/04\/Pelerinage-Provincial-pour-les-vocations.jpg\" alt=\"\" class=\"wp-image-9340\" srcset=\"https:\/\/catholiques17.fr\/nieul\/wp-content\/uploads\/sites\/29\/2024\/04\/Pelerinage-Provincial-pour-les-vocations.jpg 566w, https:\/\/catholiques17.fr\/nieul\/wp-content\/uploads\/sites\/29\/2024\/04\/Pelerinage-Provincial-pour-les-vocations-480x678.jpg 480w\" sizes=\"(min-width: 0px) and (max-width: 480px) 480px, (min-width: 481px) 566px, 100vw\" \/><\/figure>\n","protected":false},"excerpt":{"rendered":"<p>Prions pour que les religieuses, les religieux et les s\u00e9minaristes grandissent dans leur parcours vocationnel gr\u00e2ce \u00e0 une formation humaine, pastorale, spirituelle et communautaire qui les conduise \u00e0 \u00eatre des [&hellip;]<\/p>\n","protected":false},"author":4,"featured_media":9398,"comment_status":"open","ping_status":"open","sticky":false,"template":"","format":"standard","meta":{"_et_pb_use_builder":"off","_et_pb_old_content":"","_et_gb_content_width":"","footnotes":""},"categories":[6,21,22],"tags":[],"class_list":["post-9397","post","type-post","status-publish","format-standard","has-post-thumbnail","hentry","category-actualite","category-eglise-universelle","category-pape-francois"],"_links":{"self":[{"href":"https:\/\/catholiques17.fr\/nieul\/wp-json\/wp\/v2\/posts\/9397","targetHints":{"allow":["GET"]}}],"collection":[{"href":"https:\/\/catholiques17.fr\/nieul\/wp-json\/wp\/v2\/posts"}],"about":[{"href":"https:\/\/catholiques17.fr\/nieul\/wp-json\/wp\/v2\/types\/post"}],"author":[{"embeddable":true,"href":"https:\/\/catholiques17.fr\/nieul\/wp-json\/wp\/v2\/users\/4"}],"replies":[{"embeddable":true,"href":"https:\/\/catholiques17.fr\/nieul\/wp-json\/wp\/v2\/comments?post=9397"}],"version-history":[{"count":5,"href":"https:\/\/catholiques17.fr\/nieul\/wp-json\/wp\/v2\/posts\/9397\/revisions"}],"predecessor-version":[{"id":9424,"href":"https:\/\/catholiques17.fr\/nieul\/wp-json\/wp\/v2\/posts\/9397\/revisions\/9424"}],"wp:featuredmedia":[{"embeddable":true,"href":"https:\/\/catholiques17.fr\/nieul\/wp-json\/wp\/v2\/media\/9398"}],"wp:attachment":[{"href":"https:\/\/catholiques17.fr\/nieul\/wp-json\/wp\/v2\/media?parent=9397"}],"wp:term":[{"taxonomy":"category","embeddable":true,"href":"https:\/\/catholiques17.fr\/nieul\/wp-json\/wp\/v2\/categories?post=9397"},{"taxonomy":"post_tag","embeddable":true,"href":"https:\/\/catholiques17.fr\/nieul\/wp-json\/wp\/v2\/tags?post=9397"}],"curies":[{"name":"wp","href":"https:\/\/api.w.org\/{rel}","templated":true}]}}