{"id":9305,"date":"2024-04-03T11:41:56","date_gmt":"2024-04-03T09:41:56","guid":{"rendered":"https:\/\/catholiques17.fr\/nieul\/?p=9305"},"modified":"2024-04-03T11:42:59","modified_gmt":"2024-04-03T09:42:59","slug":"nous-faisons-tous-vivre-leglise","status":"publish","type":"post","link":"https:\/\/catholiques17.fr\/nieul\/nous-faisons-tous-vivre-leglise\/","title":{"rendered":"Nous faisons tous vivre l&rsquo;Eglise !"},"content":{"rendered":"\n<div style=\"height:62px\" aria-hidden=\"true\" class=\"wp-block-spacer\"><\/div>\n\n\n\n<h3 class=\"wp-block-heading\">Chaque ann\u00e9e le dimanche des Rameaux et la Semaine Sainte sont l\u2019occasion de lancer la campagne du Denier de l\u2019Eglise. Mais qu\u2019est-ce que le Denier ? Et quelles sont les ressources de l\u2019Eglise ?<\/h3>\n\n\n\n<div style=\"height:40px\" aria-hidden=\"true\" class=\"wp-block-spacer\"><\/div>\n\n\n\n<p>Pour assurer sa mission, annoncer l\u2019Evangile \u00e0 tous, faire vivre les paroisses, l\u2019Eglise catholique en France ne peut compter que sur la g\u00e9n\u00e9rosit\u00e9 des chr\u00e9tiens. Contrairement \u00e0 ce que beaucoup de personnes pensent, l\u2019\u00c9glise ne re\u00e7oit aucune subvention de l\u2019\u00c9tat, ni aucune aide du Vatican.<\/p>\n\n\n\n<div style=\"height:55px\" aria-hidden=\"true\" class=\"wp-block-spacer\"><\/div>\n\n\n\n<h2 class=\"wp-block-heading has-text-align-center has-white-color has-luminous-vivid-orange-background-color has-text-color has-background has-link-color wp-elements-446e331d48e8c6526005846b15833fdc\">Le Denier<\/h2>\n\n\n\n<p class=\"has-white-color has-luminous-vivid-orange-background-color has-text-color has-background has-link-color wp-elements-36d25391826b06eb56c2de00f45ea953\">Le Denier est la <strong>principale ressource de l\u2019Eglise catholique en France<\/strong> : ces dons faits chaque ann\u00e9e par les catholiques sont destin\u00e9s, dans notre dioc\u00e8se, \u00e0 <strong>assurer la vie mat\u00e9rielle des pr\u00eatres<\/strong>.<\/p>\n\n\n\n<p class=\"has-white-color has-luminous-vivid-orange-background-color has-text-color has-background has-link-color wp-elements-3ef52b6e34a5d3cfaf98aa8d2afe9be7\">Avec le Denier, <strong>nous faisons tous vivre l\u2019Eglise<\/strong> de mani\u00e8re concr\u00e8te, en permettant que les messes, les bapt\u00eames, les mariages et les obs\u00e8ques soient c\u00e9l\u00e9br\u00e9s, que les enfants d\u00e9couvrent J\u00e9sus, que tous ceux qui se pr\u00e9sentent soient accueillis, que les jeunes soient accompagn\u00e9s\u2026<\/p>\n\n\n\n<p class=\"has-white-color has-luminous-vivid-orange-background-color has-text-color has-background has-link-color wp-elements-8e4b2d779d80e4bd0f338eed1199f508\"><strong>Vous le voyez, votre don est essentiel<\/strong>. Par votre don vous signifiez que vous \u00eates membre de l\u2019Eglise et vous la soutenez comme on soutient sa famille. Chaque don, quel que soit son montant, est n\u00e9cessaire : <strong>il n\u2019y a pas de petit don !<\/strong><\/p>\n\n\n\n<p class=\"has-white-color has-luminous-vivid-orange-background-color has-text-color has-background has-link-color wp-elements-4ec66c149a075c1dcfdcc27ee5f95a04\">Concr\u00e8tement, il est possible de faire un don par ch\u00e8que, mais \u00e9galement en ligne. Vous pouvez aussi donner par pr\u00e9l\u00e8vement mensuel.<\/p>\n\n\n\n<p class=\"has-white-color has-luminous-vivid-orange-background-color has-text-color has-background has-link-color wp-elements-272da5afa005a96efea54038dc9fd53f\"><em>Si vous \u00eates imposable, sachez que vous pouvez d\u00e9duire de votre imp\u00f4t sur le revenu 66 % du montant de votre don (dans la limite de 20 % de votre revenu imposable).<\/em><\/p>\n\n\n\n<p class=\"has-luminous-vivid-orange-background-color has-background\"><\/p>\n\n\n\n<div style=\"height:52px\" aria-hidden=\"true\" class=\"wp-block-spacer\"><\/div>\n\n\n\n<div class=\"wp-block-buttons is-content-justification-center is-layout-flex wp-container-core-buttons-is-layout-16018d1d wp-block-buttons-is-layout-flex\">\n<div class=\"wp-block-button is-style-outline is-style-outline--1\"><a class=\"wp-block-button__link has-luminous-vivid-orange-color has-text-color has-link-color wp-element-button\" href=\"https:\/\/donnons-catholiques17.fr\/je-donne-au-denier-de-leglise\/\" target=\"_blank\" rel=\"noreferrer noopener\">Je fais un don en ligne au Denier<\/a><\/div>\n<\/div>\n\n\n\n<div style=\"height:64px\" aria-hidden=\"true\" class=\"wp-block-spacer\"><\/div>\n\n\n\n<p class=\"has-text-align-center has-luminous-vivid-orange-color has-text-color has-link-color wp-elements-58dcfecef8b5a49556ef4ede1661949d\"><strong>Nous vous remercions pour votre soutien, pour votre g\u00e9n\u00e9rosit\u00e9. <\/strong><\/p>\n\n\n\n<p class=\"has-text-align-center has-luminous-vivid-orange-color has-text-color has-link-color wp-elements-0b40701e7f94a77d768efe0cc6ee8a2e\"><strong>Merci aussi de parler du Denier autour de vous, pour que chacun puisse participer \u00e0 faire vivre l\u2019Eglise !<\/strong><\/p>\n\n\n\n<div style=\"height:73px\" aria-hidden=\"true\" class=\"wp-block-spacer\"><\/div>\n\n\n\n<hr class=\"wp-block-separator has-text-color has-luminous-vivid-orange-color has-alpha-channel-opacity has-luminous-vivid-orange-background-color has-background is-style-wide\"\/>\n\n\n\n<div style=\"height:62px\" aria-hidden=\"true\" class=\"wp-block-spacer\"><\/div>\n\n\n\n<h2 class=\"wp-block-heading has-text-align-center\">Les autres ressources de l\u2019Eglise :<\/h2>\n\n\n\n<div style=\"height:41px\" aria-hidden=\"true\" class=\"wp-block-spacer\"><\/div>\n\n\n\n<ul class=\"wp-block-list\">\n<li>La qu\u00eate : La qu\u00eate, c\u2019est le don fait au cours de la messe pour permettre \u00e0 votre paroisse de vivre : payer l\u2019\u00e9lectricit\u00e9, le chauffage, l\u2019entretien courant\u2026<\/li>\n\n\n\n<li>Le casuel : Le casuel, ce sont les dons faits pour les bapt\u00eames, les mariages et les obs\u00e8ques. Eux aussi sont destin\u00e9s au fonctionnement courant des paroisses.<\/li>\n\n\n\n<li>Les offrandes de messe :<a href=\"https:\/\/catholiques17.fr\/nieul\/2024\/02\/19\/demander-une-intention-de-messe\/\" target=\"_blank\" rel=\"noreferrer noopener\"> En offrant une messe<\/a> (l\u2019offrande conseill\u00e9e est de 18 \u20ac), je contribue \u00e0 la r\u00e9mun\u00e9ration des pr\u00eatres. Une messe est alors c\u00e9l\u00e9br\u00e9e sp\u00e9cifiquement pour l\u2019intention de pri\u00e8re que je souhaite : pour des d\u00e9funts, des personnes de ma famille, des malades, pour la paix\u2026<\/li>\n\n\n\n<li>Les legs : Les legs, les donations et les assurances-vie servent \u00e0 financer les grands projets du dioc\u00e8se, \u00e0 entretenir \u00e9glises, presbyt\u00e8res et salles paroissiales. Si vous \u00eates int\u00e9ress\u00e9s, vous pouvez contacter <a href=\"mailto:lefort.o@diocese17.fr\" target=\"_blank\" rel=\"noreferrer noopener\">l\u2019\u00e9conome dioc\u00e9sain<\/a>.<\/li>\n\n\n\n<li>Autres dons : Je peux aussi choisir de faire un don pour une destination particuli\u00e8re : la formation des s\u00e9minaristes, pour une paroisse en particulier, ou pour un projet paroissial ou dioc\u00e9sain. Vous pouvez retrouver toutes ces propositions en ligne<a href=\"https:\/\/donnons-catholiques17.fr\/\" target=\"_blank\" rel=\"noreferrer noopener\"> ici.<\/a><\/li>\n<\/ul>\n\n\n\n<div style=\"height:50px\" aria-hidden=\"true\" class=\"wp-block-spacer\"><\/div>\n\n\n\n<p><\/p>\n","protected":false},"excerpt":{"rendered":"<p>Chaque ann\u00e9e le dimanche des Rameaux et la Semaine Sainte sont l\u2019occasion de lancer la campagne du Denier de l\u2019Eglise. Mais qu\u2019est-ce que le Denier ? Et quelles sont les [&hellip;]<\/p>\n","protected":false},"author":4,"featured_media":9306,"comment_status":"open","ping_status":"open","sticky":false,"template":"","format":"standard","meta":{"_et_pb_use_builder":"off","_et_pb_old_content":"","_et_gb_content_width":"","footnotes":""},"categories":[6,34],"tags":[],"class_list":["post-9305","post","type-post","status-publish","format-standard","has-post-thumbnail","hentry","category-actualite","category-denier"],"_links":{"self":[{"href":"https:\/\/catholiques17.fr\/nieul\/wp-json\/wp\/v2\/posts\/9305","targetHints":{"allow":["GET"]}}],"collection":[{"href":"https:\/\/catholiques17.fr\/nieul\/wp-json\/wp\/v2\/posts"}],"about":[{"href":"https:\/\/catholiques17.fr\/nieul\/wp-json\/wp\/v2\/types\/post"}],"author":[{"embeddable":true,"href":"https:\/\/catholiques17.fr\/nieul\/wp-json\/wp\/v2\/users\/4"}],"replies":[{"embeddable":true,"href":"https:\/\/catholiques17.fr\/nieul\/wp-json\/wp\/v2\/comments?post=9305"}],"version-history":[{"count":9,"href":"https:\/\/catholiques17.fr\/nieul\/wp-json\/wp\/v2\/posts\/9305\/revisions"}],"predecessor-version":[{"id":9315,"href":"https:\/\/catholiques17.fr\/nieul\/wp-json\/wp\/v2\/posts\/9305\/revisions\/9315"}],"wp:featuredmedia":[{"embeddable":true,"href":"https:\/\/catholiques17.fr\/nieul\/wp-json\/wp\/v2\/media\/9306"}],"wp:attachment":[{"href":"https:\/\/catholiques17.fr\/nieul\/wp-json\/wp\/v2\/media?parent=9305"}],"wp:term":[{"taxonomy":"category","embeddable":true,"href":"https:\/\/catholiques17.fr\/nieul\/wp-json\/wp\/v2\/categories?post=9305"},{"taxonomy":"post_tag","embeddable":true,"href":"https:\/\/catholiques17.fr\/nieul\/wp-json\/wp\/v2\/tags?post=9305"}],"curies":[{"name":"wp","href":"https:\/\/api.w.org\/{rel}","templated":true}]}}