{"id":9251,"date":"2024-03-01T08:19:27","date_gmt":"2024-03-01T07:19:27","guid":{"rendered":"https:\/\/catholiques17.fr\/nieul\/?p=9251"},"modified":"2024-03-01T08:19:28","modified_gmt":"2024-03-01T07:19:28","slug":"intention-de-priere-du-pape-pour-le-mois-de-mars-2","status":"publish","type":"post","link":"https:\/\/catholiques17.fr\/nieul\/intention-de-priere-du-pape-pour-le-mois-de-mars-2\/","title":{"rendered":"Intention de pri\u00e8re du Pape pour le mois de mars"},"content":{"rendered":"\n<div style=\"height:62px\" aria-hidden=\"true\" class=\"wp-block-spacer\"><\/div>\n\n\n\n<h3 class=\"wp-block-heading has-text-align-center\"><strong>\u00ab Prions pour que ceux qui risquent leur vie pour l\u2019\u00c9vangile,<\/strong> <strong>dans diff\u00e9rentes parties du monde,<\/strong> <strong>f\u00e9condent l\u2019\u00c9glise de leur courage<\/strong>                                                   <strong>et de leur \u00e9lan missionnaire.\u00a0\u00bb<\/strong><\/h3>\n\n\n\n<div style=\"height:60px\" aria-hidden=\"true\" class=\"wp-block-spacer\"><\/div>\n\n\n\n<figure class=\"wp-block-embed aligncenter is-type-video is-provider-youtube wp-block-embed-youtube wp-embed-aspect-16-9 wp-has-aspect-ratio\"><div class=\"wp-block-embed__wrapper\">\n<iframe loading=\"lazy\" title=\"Pour les nouveaux martyrs, t\u00e9moins du Christ \u2013 La Vid\u00e9o du Pape 3 \u2013 Mars 2024\" width=\"1080\" height=\"608\" src=\"https:\/\/www.youtube.com\/embed\/VbjAK3rEASE?feature=oembed\"  allow=\"accelerometer; autoplay; clipboard-write; encrypted-media; gyroscope; picture-in-picture; web-share\" allowfullscreen><\/iframe>\n<\/div><\/figure>\n\n\n\n<div style=\"height:61px\" aria-hidden=\"true\" class=\"wp-block-spacer\"><\/div>\n\n\n\n<blockquote class=\"wp-block-quote is-layout-flow wp-block-quote-is-layout-flow\">\n<p>Lors d\u2019une visite dans un camp de r\u00e9fugi\u00e9s \u00e0 Lesbos, un homme m\u2019a dit : \u00ab P\u00e8re, je suis musulman. Ma femme \u00e9tait chr\u00e9tienne. Des terroristes sont arriv\u00e9s dans notre pays. Apr\u00e8s nous avoir regard\u00e9s, ils nous ont demand\u00e9 notre religion. Ils ont vu que ma femme portait un crucifix et lui ont demand\u00e9 de le jeter par terre. Elle ne l\u2019a pas fait et ils l\u2019ont \u00e9gorg\u00e9e devant moi \u00bb. \u00c7a s\u2019est pass\u00e9 vraiment ! Je sais que cet homme n\u2019\u00e9prouvait aucune rancune. Il se concentrait sur l\u2019exemple d\u2019amour de sa femme, un amour pour le Christ qui l\u2019a amen\u00e9e \u00e0 accepter et \u00e0 rester fid\u00e8le jusqu\u2019\u00e0 la mort. Fr\u00e8res et s\u0153urs, il y aura toujours des martyrs parmi nous. C\u2019est le signe que nous sommes sur le bon chemin. Quelqu\u2019un qui s\u2019y conna\u00eet m\u2019a dit qu\u2019il y a aujourd\u2019hui plus de martyrs qu\u2019au tout d\u00e9but du christianisme. Le courage des martyrs, leur t\u00e9moignage, est une b\u00e9n\u00e9diction pour tous.<\/p>\n\n\n\n<div style=\"height:71px\" aria-hidden=\"true\" class=\"wp-block-spacer\"><\/div>\n<cite>T\u00e9moignage de foi, \u00e9crit sur le site R\u00e9seau Mondial de Pri\u00e8re du Pape<\/cite><\/blockquote>\n\n\n\n<hr class=\"wp-block-separator has-text-color has-luminous-vivid-orange-color has-alpha-channel-opacity has-luminous-vivid-orange-background-color has-background is-style-wide\"\/>\n\n\n\n<div style=\"height:55px\" aria-hidden=\"true\" class=\"wp-block-spacer\"><\/div>\n\n\n\n<p><strong>Qu\u2019est-ce qu\u2019un martyr, au sens chr\u00e9tien du terme\u00a0? <\/strong>La question aujourd\u2019hui se pose car ce mot est utilis\u00e9 dans l\u2019univers religieux dans un sens qui s\u00e8me le trouble. Le martyr serait celui qui a le courage de sacrifier sa vie et celle des autres au nom de sa foi. Il est c\u00e9l\u00e9br\u00e9 dans son milieu comme un h\u00e9ros. Les mots martyr, courage, sacrifice, foi, h\u00e9ros, sont alors utilis\u00e9s dans un sens qui d\u00e9figure la pens\u00e9e chr\u00e9tienne. Le retournement est redoutable car il a l\u2019apparence d\u2019un plus.<\/p>\n\n\n\n<p><strong>Les chr\u00e9tiens sont au service de la vie \u00e0 la suite du Christ au milieu de leurs prochains.<\/strong> D\u2019autres qui ha\u00efssent cette perspective se mettent au service de la mort, la leur et celle des autres pour d\u00e9fendre leurs valeurs. D\u2019un c\u00f4t\u00e9 une douceur qui ne cherche pas \u00e0 se vanter\u00a0; de l\u2019autre une force ivre de triomphe et de fascination. Si la diff\u00e9rence saute aux yeux, il faut reconna\u00eetre que nul n\u2019\u00e9chappe, les chr\u00e9tiens comme les autres, \u00e0 la tentation d\u2019utiliser la violence pour convaincre et gagner de la notori\u00e9t\u00e9.<\/p>\n\n\n\n<p><strong>En J\u00e9sus-Christ et dans l\u2019\u00c9vangile, les chr\u00e9tiens d\u00e9couvrent un tr\u00e9sor de libert\u00e9, de pardon, de bienveillance<\/strong> dont ils vivent et qu\u2019ils partagent \u00e0 tous. Un \u00e9lan missionnaire les porte. Cet \u00e9lan peut faire peur. Le Christ a fait peur aux Juifs de sa g\u00e9n\u00e9ration et ceux-ci l\u2019ont condamn\u00e9 avec l\u2019accord des Romains. Les premiers chr\u00e9tiens ont fait peur, et pour une part, ce sont les pers\u00e9cutions qui sont \u00e0 l\u2019origine de la diss\u00e9mination du christianisme dans le bassin m\u00e9diterran\u00e9en. Les moines de Tibhirine ont fait le choix de rester au milieu des populations alg\u00e9riennes malgr\u00e9 le danger pour leur vie. Celles-ci n\u2019avaient nulle part o\u00f9 aller pour se prot\u00e9ger, et pour eux partir aurait \u00e9t\u00e9 une rupture de solidarit\u00e9. Le p\u00e8re Hamel n\u2019a pas choisi de se mettre en danger. Il vivait simplement sa foi et a \u00e9t\u00e9 tu\u00e9 alors qu\u2019il c\u00e9l\u00e9brait l\u2019eucharistie.<\/p>\n\n\n\n<p><strong>\u00catre martyr n\u2019est pas un choix personnel,<\/strong> ce serait une provocation et une complicit\u00e9 avec la mort. Cependant les chr\u00e9tiens portent en eux, du fait du Seigneur J\u00e9sus et de tous les martyrs de tous les temps, la trace bienheureuse d\u2019une vie v\u00e9cue et donn\u00e9e jusqu\u2019au bout. La mort violente est alors le symbole contradictoire qui signe la victoire de la vie. \u00ab\u00a0Le sang des martyrs est une semence de chr\u00e9tiens\u00a0\u00bb disait Tertullien au IIe si\u00e8cle de l\u2019\u00c9glise.<\/p>\n\n\n\n<p><\/p>\n\n\n\n<p class=\"has-text-align-center has-white-color has-luminous-vivid-orange-background-color has-text-color has-background has-link-color wp-elements-b0d3b0dabfbe58c43fd5a245ac808d2d\"><strong>Avec le Pape, nous prions pour tous les chr\u00e9tiens dont l\u2019existence est menac\u00e9e, pour que la vie sem\u00e9e en chacun au bapt\u00eame s\u2019\u00e9panouisse jusqu\u2019\u00e0 son ach\u00e8vement et se propage partout dans le monde.<\/strong><\/p>\n\n\n\n<div style=\"height:66px\" aria-hidden=\"true\" class=\"wp-block-spacer\"><\/div>\n","protected":false},"excerpt":{"rendered":"<p>\u00ab Prions pour que ceux qui risquent leur vie pour l\u2019\u00c9vangile, dans diff\u00e9rentes parties du monde, f\u00e9condent l\u2019\u00c9glise de leur courage et de leur \u00e9lan missionnaire.\u00a0\u00bb Qu\u2019est-ce qu\u2019un martyr, au [&hellip;]<\/p>\n","protected":false},"author":4,"featured_media":9252,"comment_status":"open","ping_status":"open","sticky":false,"template":"","format":"standard","meta":{"_et_pb_use_builder":"off","_et_pb_old_content":"","_et_gb_content_width":"","footnotes":""},"categories":[6,21,22],"tags":[],"class_list":["post-9251","post","type-post","status-publish","format-standard","has-post-thumbnail","hentry","category-actualite","category-eglise-universelle","category-pape-francois"],"_links":{"self":[{"href":"https:\/\/catholiques17.fr\/nieul\/wp-json\/wp\/v2\/posts\/9251","targetHints":{"allow":["GET"]}}],"collection":[{"href":"https:\/\/catholiques17.fr\/nieul\/wp-json\/wp\/v2\/posts"}],"about":[{"href":"https:\/\/catholiques17.fr\/nieul\/wp-json\/wp\/v2\/types\/post"}],"author":[{"embeddable":true,"href":"https:\/\/catholiques17.fr\/nieul\/wp-json\/wp\/v2\/users\/4"}],"replies":[{"embeddable":true,"href":"https:\/\/catholiques17.fr\/nieul\/wp-json\/wp\/v2\/comments?post=9251"}],"version-history":[{"count":1,"href":"https:\/\/catholiques17.fr\/nieul\/wp-json\/wp\/v2\/posts\/9251\/revisions"}],"predecessor-version":[{"id":9253,"href":"https:\/\/catholiques17.fr\/nieul\/wp-json\/wp\/v2\/posts\/9251\/revisions\/9253"}],"wp:featuredmedia":[{"embeddable":true,"href":"https:\/\/catholiques17.fr\/nieul\/wp-json\/wp\/v2\/media\/9252"}],"wp:attachment":[{"href":"https:\/\/catholiques17.fr\/nieul\/wp-json\/wp\/v2\/media?parent=9251"}],"wp:term":[{"taxonomy":"category","embeddable":true,"href":"https:\/\/catholiques17.fr\/nieul\/wp-json\/wp\/v2\/categories?post=9251"},{"taxonomy":"post_tag","embeddable":true,"href":"https:\/\/catholiques17.fr\/nieul\/wp-json\/wp\/v2\/tags?post=9251"}],"curies":[{"name":"wp","href":"https:\/\/api.w.org\/{rel}","templated":true}]}}