{"id":8990,"date":"2023-12-01T10:10:00","date_gmt":"2023-12-01T09:10:00","guid":{"rendered":"https:\/\/catholiques17.fr\/nieul\/?p=8990"},"modified":"2023-12-01T10:10:03","modified_gmt":"2023-12-01T09:10:03","slug":"intention-de-priere-du-pape-pour-le-mois-de-decembre-2","status":"publish","type":"post","link":"https:\/\/catholiques17.fr\/nieul\/intention-de-priere-du-pape-pour-le-mois-de-decembre-2\/","title":{"rendered":"Intention de pri\u00e8re du Pape pour le mois de d\u00e9cembre"},"content":{"rendered":"\n<div style=\"height:65px\" aria-hidden=\"true\" class=\"wp-block-spacer\"><\/div>\n\n\n\n<h2 class=\"wp-block-heading\">\u00ab\u00a0Prions afin que les personnes en situation de handicap b\u00e9n\u00e9ficient de l\u2019attention de la soci\u00e9t\u00e9 et que les institutions promeuvent des programmes d\u2019inclusion pour leur participation active.\u00a0\u00bb<\/h2>\n\n\n\n<div style=\"height:58px\" aria-hidden=\"true\" class=\"wp-block-spacer\"><\/div>\n\n\n\n<blockquote class=\"wp-block-quote is-layout-flow wp-block-quote-is-layout-flow\">\n<p class=\"has-luminous-vivid-orange-color has-text-color has-link-color wp-elements-a1f192b09001cc4f49a24e586a63bf05\"><em>Parmi les plus vuln\u00e9rables d\u2019entre nous, figurent les personnes en situation de handicap.<br>Certaines d\u2019entre elles souffrent rejet fond\u00e9 sur l\u2019ignorance o sur des pr\u00e9jug\u00e9s, ce qui les conduit \u00e0 \u00eatre marginalis\u00e9es.<br>Les institutions civiles doivent soutenir leurs projets en leur donnant acc\u00e8s \u00e0 l\u2019\u00e9ducation, \u00e0 un emploi et \u00e0 des espaces o\u00f9 exprimer leur cr\u00e9ativit\u00e9.<br>Il faut des programmes et des initiatives qui favorisent l\u2019inclusion.<br>Nous avons surtout besoin de grands c\u0153urs qui aient la volont\u00e9 de les accompagner.<br>Nous devons changer un peu notre mentalit\u00e9 pour nous ouvrir aux contributions et aux talents de ces personnes aux capacit\u00e9s diff\u00e9rentes, aussi bien dans la soci\u00e9t\u00e9 que dans la vie de l\u2019\u00c9glise.<br>Ainsi, cr\u00e9er une paroisse pleinement accessible ne signifie pas seulement supprimer les barri\u00e8res physiques, mais \u00e9galement assumer le fait que nous devons cesser de parler d\u2019 \u00ab eux \u00bb et commencer \u00e0 parler de \u00ab nous \u00bb.<br>Prions afin que les personnes en situation de handicap b\u00e9n\u00e9ficient de l\u2019attention de la soci\u00e9t\u00e9 et que les institutions promeuvent des programmes d\u2019inclusion pour leur participation active.<\/em><\/p>\n<cite>Pape Fran\u00e7ois, D\u00e9cembre 2023<\/cite><\/blockquote>\n\n\n\n<div style=\"height:100px\" aria-hidden=\"true\" class=\"wp-block-spacer\"><\/div>\n\n\n\n<figure class=\"wp-block-embed aligncenter is-type-video is-provider-youtube wp-block-embed-youtube wp-embed-aspect-16-9 wp-has-aspect-ratio\"><div class=\"wp-block-embed__wrapper\">\n<iframe loading=\"lazy\" title=\"Pour les personnes en situation de handicap \u2013 La Vid\u00e9o du Pape 12 \u2013 D\u00e9cembre 2023\" width=\"1080\" height=\"608\" src=\"https:\/\/www.youtube.com\/embed\/2wEpet3bJtw?feature=oembed\"  allow=\"accelerometer; autoplay; clipboard-write; encrypted-media; gyroscope; picture-in-picture; web-share\" allowfullscreen><\/iframe>\n<\/div><\/figure>\n\n\n\n<div style=\"height:81px\" aria-hidden=\"true\" class=\"wp-block-spacer\"><\/div>\n\n\n\n<p>Nous sommes tous diff\u00e9rents, et nous avons besoin les uns des autres. Nos diff\u00e9rences, certes sources de peur et difficiles \u00e0 vivre, sont la richesse de notre humanit\u00e9 lorsqu\u2019elles sont accueillies. Une soci\u00e9t\u00e9 uniforme serait invivable. Le d\u00e9fi est immense et le restera. En effet, la tentation est grande de construire un monde bas\u00e9 sur la loi du plus fort. Elle porte en elle sa condamnation, car le fort rencontrera un jour son ma\u00eetre.<\/p>\n\n\n\n<p>R\u00eaver \u00e0 l\u2019ach\u00e8vement de ce travail d\u2019accueil mutuel risque de faire perdre la patience n\u00e9cessaire, et passer \u00e0 c\u00f4t\u00e9 des signes positifs qui donnent la force de poursuivre la t\u00e2che. Si la soci\u00e9t\u00e9 civile, en bien des pays, a fait des progr\u00e8s en termes d\u2019inclusion et s\u2019en f\u00e9licite, de nombreux t\u00e9moignages constatent des r\u00e9alit\u00e9s fort \u00e9loign\u00e9es des d\u00e9clarations de principe, \u00e0 l\u2019\u00e9cole, dans les entreprises et dans la vie publique.<\/p>\n\n\n\n<p>Les personnes handicap\u00e9es, leurs familles et celles et ceux qui travaillent avec elles, ont un r\u00f4le difficile et pr\u00e9cieux \u00e0 jouer dans la soci\u00e9t\u00e9 pour qu\u2019elle ne perde pas de vue l\u2019objectif d\u2019un bien vivre ensemble qui transcende les diff\u00e9rences.<\/p>\n\n\n\n<p>Le pape est ferme pour dire que les personnes handicap\u00e9es ne doivent pas seulement \u00eatre assist\u00e9es, mais participer activement \u00e0 la soci\u00e9t\u00e9 civile et eccl\u00e9siale. C\u2019est le chemin pour reconna\u00eetre chaque individu comme une personne unique et irrempla\u00e7able*. La vraie richesse est humaine.<\/p>\n\n\n\n<p>Son intention interpelle les soci\u00e9t\u00e9s et les institutions. Il leur revient en premier d\u2019en prendre les moyens. Le pape pointe trois \u00e9tapes&nbsp;: l\u2019attention aux personnes, des programmes d\u2019inclusion dont le r\u00e9sultat doit \u00eatre enfin une participation active \u00e0 la vie commune. Pourquoi une telle interpellation&nbsp;? Parce que les soci\u00e9t\u00e9s sont le maillon faible de cette construction.<\/p>\n\n\n\n<p>Le Christ dans l\u2019\u00c9vangile se fait proche des petits, des pauvres, des malades. Il gu\u00e9rit. Ces gu\u00e9risons sont le fruit de son abaissement dans son incarnation et sa Passion. En sa pr\u00e9sence, ils d\u00e9couvrent en eux une force divine et se rel\u00e8vent. Le Christ ouvre ainsi une voie qui montre la f\u00e9condit\u00e9 de cette relation humble. Nous pouvons croire qu\u2019une vraie rencontre avec les personnes handicap\u00e9es est source d\u2019\u00e9panouissement personnel et de bien vivre ensemble. Puissions-nous ne pas passer \u00e0 c\u00f4t\u00e9 de cette chance&nbsp;et nous encourager mutuellement \u00e0 la saisir.<\/p>\n\n\n\n<p><strong>Daniel R\u00e9gent sj,<\/strong><br><em>directeur du R\u00e9seau Mondial de Pri\u00e8re du Pape en France<\/em><\/p>\n\n\n\n<p><\/p>\n\n\n\n<p><em>* Encyclique Fratelli Tutti n\u00b098<\/em><\/p>\n\n\n\n<div style=\"height:100px\" aria-hidden=\"true\" class=\"wp-block-spacer\"><\/div>\n","protected":false},"excerpt":{"rendered":"<p>\u00ab\u00a0Prions afin que les personnes en situation de handicap b\u00e9n\u00e9ficient de l\u2019attention de la soci\u00e9t\u00e9 et que les institutions promeuvent des programmes d\u2019inclusion pour leur participation active.\u00a0\u00bb Parmi les plus [&hellip;]<\/p>\n","protected":false},"author":4,"featured_media":8973,"comment_status":"open","ping_status":"open","sticky":false,"template":"","format":"standard","meta":{"_et_pb_use_builder":"off","_et_pb_old_content":"","_et_gb_content_width":"","footnotes":""},"categories":[6,21,22],"tags":[],"class_list":["post-8990","post","type-post","status-publish","format-standard","has-post-thumbnail","hentry","category-actualite","category-eglise-universelle","category-pape-francois"],"_links":{"self":[{"href":"https:\/\/catholiques17.fr\/nieul\/wp-json\/wp\/v2\/posts\/8990","targetHints":{"allow":["GET"]}}],"collection":[{"href":"https:\/\/catholiques17.fr\/nieul\/wp-json\/wp\/v2\/posts"}],"about":[{"href":"https:\/\/catholiques17.fr\/nieul\/wp-json\/wp\/v2\/types\/post"}],"author":[{"embeddable":true,"href":"https:\/\/catholiques17.fr\/nieul\/wp-json\/wp\/v2\/users\/4"}],"replies":[{"embeddable":true,"href":"https:\/\/catholiques17.fr\/nieul\/wp-json\/wp\/v2\/comments?post=8990"}],"version-history":[{"count":4,"href":"https:\/\/catholiques17.fr\/nieul\/wp-json\/wp\/v2\/posts\/8990\/revisions"}],"predecessor-version":[{"id":9021,"href":"https:\/\/catholiques17.fr\/nieul\/wp-json\/wp\/v2\/posts\/8990\/revisions\/9021"}],"wp:featuredmedia":[{"embeddable":true,"href":"https:\/\/catholiques17.fr\/nieul\/wp-json\/wp\/v2\/media\/8973"}],"wp:attachment":[{"href":"https:\/\/catholiques17.fr\/nieul\/wp-json\/wp\/v2\/media?parent=8990"}],"wp:term":[{"taxonomy":"category","embeddable":true,"href":"https:\/\/catholiques17.fr\/nieul\/wp-json\/wp\/v2\/categories?post=8990"},{"taxonomy":"post_tag","embeddable":true,"href":"https:\/\/catholiques17.fr\/nieul\/wp-json\/wp\/v2\/tags?post=8990"}],"curies":[{"name":"wp","href":"https:\/\/api.w.org\/{rel}","templated":true}]}}