{"id":8988,"date":"2023-11-30T11:00:00","date_gmt":"2023-11-30T10:00:00","guid":{"rendered":"https:\/\/catholiques17.fr\/nieul\/?p=8988"},"modified":"2023-12-08T10:13:57","modified_gmt":"2023-12-08T09:13:57","slug":"compte-rendu-du-dernier-conseil-pastoral","status":"publish","type":"post","link":"https:\/\/catholiques17.fr\/nieul\/compte-rendu-du-dernier-conseil-pastoral\/","title":{"rendered":"Compte-rendu du dernier conseil pastoral"},"content":{"rendered":"\n<div style=\"height:82px\" aria-hidden=\"true\" class=\"wp-block-spacer\"><\/div>\n\n\n\n<p>Le mercredi 15 novembre s&rsquo;est tenu le tout premier conseil pastoral en pr\u00e9sence de notre nouveau cur\u00e9, P\u00e8re Luca, et de l&rsquo;\u00e9quipe nouvellement constitu\u00e9e au printemps dernier. <\/p>\n\n\n\n<p>Le conseil pastoral, \u00e9galement appel\u00e9 conseil paroissial, est un un conseil constitu\u00e9 des diacres, de l\u2019\u00e9quipe d\u2019animation pastorale (EAP) et de la\u00efcs qui se r\u00e9unissent pour favoriser l\u2019activit\u00e9 de toute la communaut\u00e9 paroissiale et pour l\u2019aider \u00e0 \u00eatre une v\u00e9ritable communaut\u00e9 chr\u00e9tienne, fid\u00e8le \u00e0 l\u2019\u00c9vangile et f\u00e9conde dans la charit\u00e9. Le conseil pastoral est au service de la communaut\u00e9 chr\u00e9tienne pour permettre \u00e0 tous ses membres de r\u00e9aliser leur mission.<\/p>\n\n\n\n<div style=\"height:40px\" aria-hidden=\"true\" class=\"wp-block-spacer\"><\/div>\n\n\n\n<div class=\"wp-block-buttons is-content-justification-center is-layout-flex wp-container-core-buttons-is-layout-16018d1d wp-block-buttons-is-layout-flex\">\n<div class=\"wp-block-button is-style-outline is-style-outline--1\"><a class=\"wp-block-button__link has-luminous-vivid-orange-color has-white-background-color has-text-color has-background wp-element-button\" href=\"https:\/\/catholiques17.fr\/nieul\/la-paroisse\/le-conseil-pastoral\/\" style=\"border-radius:13px\" target=\"_blank\" rel=\"noreferrer noopener\">En savoir davantage sur le conseil pastoral<\/a><\/div>\n\n\n\n<div class=\"wp-block-button is-style-outline is-style-outline--2\"><a class=\"wp-block-button__link has-white-background-color has-text-color has-background wp-element-button\" href=\"https:\/\/catholiques17.fr\/nieul\/wp-content\/uploads\/sites\/29\/2023\/11\/Conseil-Pastoral-du-15-11-2023.pdf\" style=\"border-radius:13px;color:#32779e\" target=\"_blank\" rel=\"noreferrer noopener\">Lire\/t\u00e9l\u00e9charger le compte rendu de la r\u00e9union du 15\/11\/23<\/a><\/div>\n<\/div>\n\n\n\n<div style=\"height:69px\" aria-hidden=\"true\" class=\"wp-block-spacer\"><\/div>\n","protected":false},"excerpt":{"rendered":"<p>Le mercredi 15 novembre s&rsquo;est tenu le tout premier conseil pastoral en pr\u00e9sence de notre nouveau cur\u00e9, P\u00e8re Luca, et de l&rsquo;\u00e9quipe nouvellement constitu\u00e9e au printemps dernier. Le conseil pastoral, [&hellip;]<\/p>\n","protected":false},"author":4,"featured_media":8276,"comment_status":"open","ping_status":"open","sticky":false,"template":"","format":"standard","meta":{"_et_pb_use_builder":"off","_et_pb_old_content":"","_et_gb_content_width":"","footnotes":""},"categories":[6,44,26],"tags":[],"class_list":["post-8988","post","type-post","status-publish","format-standard","has-post-thumbnail","hentry","category-actualite","category-conseils","category-informations"],"_links":{"self":[{"href":"https:\/\/catholiques17.fr\/nieul\/wp-json\/wp\/v2\/posts\/8988","targetHints":{"allow":["GET"]}}],"collection":[{"href":"https:\/\/catholiques17.fr\/nieul\/wp-json\/wp\/v2\/posts"}],"about":[{"href":"https:\/\/catholiques17.fr\/nieul\/wp-json\/wp\/v2\/types\/post"}],"author":[{"embeddable":true,"href":"https:\/\/catholiques17.fr\/nieul\/wp-json\/wp\/v2\/users\/4"}],"replies":[{"embeddable":true,"href":"https:\/\/catholiques17.fr\/nieul\/wp-json\/wp\/v2\/comments?post=8988"}],"version-history":[{"count":2,"href":"https:\/\/catholiques17.fr\/nieul\/wp-json\/wp\/v2\/posts\/8988\/revisions"}],"predecessor-version":[{"id":9046,"href":"https:\/\/catholiques17.fr\/nieul\/wp-json\/wp\/v2\/posts\/8988\/revisions\/9046"}],"wp:featuredmedia":[{"embeddable":true,"href":"https:\/\/catholiques17.fr\/nieul\/wp-json\/wp\/v2\/media\/8276"}],"wp:attachment":[{"href":"https:\/\/catholiques17.fr\/nieul\/wp-json\/wp\/v2\/media?parent=8988"}],"wp:term":[{"taxonomy":"category","embeddable":true,"href":"https:\/\/catholiques17.fr\/nieul\/wp-json\/wp\/v2\/categories?post=8988"},{"taxonomy":"post_tag","embeddable":true,"href":"https:\/\/catholiques17.fr\/nieul\/wp-json\/wp\/v2\/tags?post=8988"}],"curies":[{"name":"wp","href":"https:\/\/api.w.org\/{rel}","templated":true}]}}