{"id":8979,"date":"2023-11-20T09:33:27","date_gmt":"2023-11-20T08:33:27","guid":{"rendered":"https:\/\/catholiques17.fr\/nieul\/?p=8979"},"modified":"2023-11-20T09:33:30","modified_gmt":"2023-11-20T08:33:30","slug":"une-eglise-synodale-en-mission","status":"publish","type":"post","link":"https:\/\/catholiques17.fr\/nieul\/une-eglise-synodale-en-mission\/","title":{"rendered":"\u00ab\u00a0Une \u00e9glise synodale en mission\u00a0\u00bb"},"content":{"rendered":"\n<div style=\"height:68px\" aria-hidden=\"true\" class=\"wp-block-spacer\"><\/div>\n\n\n\n<h2 class=\"wp-block-heading\">La premi\u00e8re session g\u00e9n\u00e9rale de la XVIe Assembl\u00e9e g\u00e9n\u00e9rale ordinaire du synode des \u00e9v\u00eaques qui s\u2019est tenue du 4 au 29 octobre 2023 a donn\u00e9 lieu \u00e0 un rapport de synth\u00e8se intitul\u00e9 : \u00ab\u00a0Une \u00e9glise synodale en mission\u00a0\u00bb, publi\u00e9 le le 28 octobre 2023, et dont voici l\u2019int\u00e9gralit\u00e9.<\/h2>\n\n\n\n<div style=\"height:68px\" aria-hidden=\"true\" class=\"wp-block-spacer\"><\/div>\n\n\n\n<div class=\"wp-block-buttons is-content-justification-center is-layout-flex wp-container-core-buttons-is-layout-16018d1d wp-block-buttons-is-layout-flex\">\n<div class=\"wp-block-button is-style-outline is-style-outline--1\"><a class=\"wp-block-button__link has-luminous-vivid-orange-color has-white-background-color has-text-color has-background has-text-align-center wp-element-button\" href=\"https:\/\/catholiques17.fr\/nieul\/wp-content\/uploads\/sites\/29\/2023\/11\/Rapport_synthese_-Synode_synodalite_oct2023.pdf\" style=\"border-radius:11px\" target=\"_blank\" rel=\"noreferrer noopener\">T\u00e9l\u00e9charger la synth\u00e8se<\/a><\/div>\n<\/div>\n\n\n\n<div style=\"height:60px\" aria-hidden=\"true\" class=\"wp-block-spacer\"><\/div>\n\n\n\n<p class=\"has-text-align-center\"><strong>Une seconde session des \u00e9v\u00eaques se tiendra \u00e0 Rome en octobre 2024, suivie de la publication du document final.<\/strong><\/p>\n\n\n\n<div style=\"height:100px\" aria-hidden=\"true\" class=\"wp-block-spacer\"><\/div>\n","protected":false},"excerpt":{"rendered":"<p>La premi\u00e8re session g\u00e9n\u00e9rale de la XVIe Assembl\u00e9e g\u00e9n\u00e9rale ordinaire du synode des \u00e9v\u00eaques qui s\u2019est tenue du 4 au 29 octobre 2023 a donn\u00e9 lieu \u00e0 un rapport de [&hellip;]<\/p>\n","protected":false},"author":4,"featured_media":8981,"comment_status":"open","ping_status":"open","sticky":false,"template":"","format":"standard","meta":{"_et_pb_use_builder":"off","_et_pb_old_content":"","_et_gb_content_width":"","footnotes":""},"categories":[6,21,22],"tags":[],"class_list":["post-8979","post","type-post","status-publish","format-standard","has-post-thumbnail","hentry","category-actualite","category-eglise-universelle","category-pape-francois"],"_links":{"self":[{"href":"https:\/\/catholiques17.fr\/nieul\/wp-json\/wp\/v2\/posts\/8979","targetHints":{"allow":["GET"]}}],"collection":[{"href":"https:\/\/catholiques17.fr\/nieul\/wp-json\/wp\/v2\/posts"}],"about":[{"href":"https:\/\/catholiques17.fr\/nieul\/wp-json\/wp\/v2\/types\/post"}],"author":[{"embeddable":true,"href":"https:\/\/catholiques17.fr\/nieul\/wp-json\/wp\/v2\/users\/4"}],"replies":[{"embeddable":true,"href":"https:\/\/catholiques17.fr\/nieul\/wp-json\/wp\/v2\/comments?post=8979"}],"version-history":[{"count":2,"href":"https:\/\/catholiques17.fr\/nieul\/wp-json\/wp\/v2\/posts\/8979\/revisions"}],"predecessor-version":[{"id":8982,"href":"https:\/\/catholiques17.fr\/nieul\/wp-json\/wp\/v2\/posts\/8979\/revisions\/8982"}],"wp:featuredmedia":[{"embeddable":true,"href":"https:\/\/catholiques17.fr\/nieul\/wp-json\/wp\/v2\/media\/8981"}],"wp:attachment":[{"href":"https:\/\/catholiques17.fr\/nieul\/wp-json\/wp\/v2\/media?parent=8979"}],"wp:term":[{"taxonomy":"category","embeddable":true,"href":"https:\/\/catholiques17.fr\/nieul\/wp-json\/wp\/v2\/categories?post=8979"},{"taxonomy":"post_tag","embeddable":true,"href":"https:\/\/catholiques17.fr\/nieul\/wp-json\/wp\/v2\/tags?post=8979"}],"curies":[{"name":"wp","href":"https:\/\/api.w.org\/{rel}","templated":true}]}}