{"id":8968,"date":"2023-11-16T16:05:31","date_gmt":"2023-11-16T15:05:31","guid":{"rendered":"https:\/\/catholiques17.fr\/nieul\/?p=8968"},"modified":"2023-11-16T16:05:33","modified_gmt":"2023-11-16T15:05:33","slug":"resultats-de-lenquete-sur-les-familles-de-charente-maritime","status":"publish","type":"post","link":"https:\/\/catholiques17.fr\/nieul\/resultats-de-lenquete-sur-les-familles-de-charente-maritime\/","title":{"rendered":"R\u00e9sultats de l&rsquo;enqu\u00eate sur les familles de Charente-Maritime"},"content":{"rendered":"\n<div style=\"height:75px\" aria-hidden=\"true\" class=\"wp-block-spacer\"><\/div>\n\n\n\n<h3 class=\"wp-block-heading\">Au printemps dernier, une grande enqu\u00eate (initi\u00e9e par le P\u00f4le annonce de la Foi) \u00e9tait diffus\u00e9e aupr\u00e8s des familles de Charente-Maritime. Il s\u2019agissait de mieux conna\u00eetre les familles avec enfants du d\u00e9partement, leurs attentes et leurs besoins.<\/h3>\n\n\n\n<div style=\"height:56px\" aria-hidden=\"true\" class=\"wp-block-spacer\"><\/div>\n\n\n\n<p>Apr\u00e8s plusieurs semaines d\u2019analyses, une synth\u00e8se vient d\u2019\u00eatre publi\u00e9e, permettant \u00e0 chaque communaut\u00e9 locale de s\u2019en saisir et d\u2019adapter ses pratiques pastorales, ajust\u00e9es aux r\u00e9alit\u00e9s des familles de notre d\u00e9partement.<\/p>\n\n\n\n<div style=\"height:69px\" aria-hidden=\"true\" class=\"wp-block-spacer\"><\/div>\n\n\n\n<div class=\"wp-block-buttons is-content-justification-center is-layout-flex wp-container-core-buttons-is-layout-16018d1d wp-block-buttons-is-layout-flex\">\n<div class=\"wp-block-button\"><a class=\"wp-block-button__link has-background has-text-align-center wp-element-button\" href=\"https:\/\/catholiques17.fr\/wp-content\/uploads\/2023\/11\/Synthese-compr-1.pdf\" style=\"background-color:#1e658f\" target=\"_blank\" rel=\"noreferrer noopener\">Acc\u00e9der aux r\u00e9sultats de l&rsquo;enqu\u00eate<\/a><\/div>\n<\/div>\n\n\n\n<div style=\"height:100px\" aria-hidden=\"true\" class=\"wp-block-spacer\"><\/div>\n","protected":false},"excerpt":{"rendered":"<p>Au printemps dernier, une grande enqu\u00eate (initi\u00e9e par le P\u00f4le annonce de la Foi) \u00e9tait diffus\u00e9e aupr\u00e8s des familles de Charente-Maritime. Il s\u2019agissait de mieux conna\u00eetre les familles avec enfants [&hellip;]<\/p>\n","protected":false},"author":4,"featured_media":8969,"comment_status":"open","ping_status":"open","sticky":false,"template":"","format":"standard","meta":{"_et_pb_use_builder":"off","_et_pb_old_content":"","_et_gb_content_width":"","footnotes":""},"categories":[6,23],"tags":[],"class_list":["post-8968","post","type-post","status-publish","format-standard","has-post-thumbnail","hentry","category-actualite","category-diocese"],"_links":{"self":[{"href":"https:\/\/catholiques17.fr\/nieul\/wp-json\/wp\/v2\/posts\/8968","targetHints":{"allow":["GET"]}}],"collection":[{"href":"https:\/\/catholiques17.fr\/nieul\/wp-json\/wp\/v2\/posts"}],"about":[{"href":"https:\/\/catholiques17.fr\/nieul\/wp-json\/wp\/v2\/types\/post"}],"author":[{"embeddable":true,"href":"https:\/\/catholiques17.fr\/nieul\/wp-json\/wp\/v2\/users\/4"}],"replies":[{"embeddable":true,"href":"https:\/\/catholiques17.fr\/nieul\/wp-json\/wp\/v2\/comments?post=8968"}],"version-history":[{"count":2,"href":"https:\/\/catholiques17.fr\/nieul\/wp-json\/wp\/v2\/posts\/8968\/revisions"}],"predecessor-version":[{"id":8971,"href":"https:\/\/catholiques17.fr\/nieul\/wp-json\/wp\/v2\/posts\/8968\/revisions\/8971"}],"wp:featuredmedia":[{"embeddable":true,"href":"https:\/\/catholiques17.fr\/nieul\/wp-json\/wp\/v2\/media\/8969"}],"wp:attachment":[{"href":"https:\/\/catholiques17.fr\/nieul\/wp-json\/wp\/v2\/media?parent=8968"}],"wp:term":[{"taxonomy":"category","embeddable":true,"href":"https:\/\/catholiques17.fr\/nieul\/wp-json\/wp\/v2\/categories?post=8968"},{"taxonomy":"post_tag","embeddable":true,"href":"https:\/\/catholiques17.fr\/nieul\/wp-json\/wp\/v2\/tags?post=8968"}],"curies":[{"name":"wp","href":"https:\/\/api.w.org\/{rel}","templated":true}]}}