{"id":8930,"date":"2023-11-06T14:59:28","date_gmt":"2023-11-06T13:59:28","guid":{"rendered":"https:\/\/catholiques17.fr\/nieul\/?p=8930"},"modified":"2023-11-06T15:06:47","modified_gmt":"2023-11-06T14:06:47","slug":"intention-de-priere-du-pape-pour-le-mois-de-novembre-2","status":"publish","type":"post","link":"https:\/\/catholiques17.fr\/nieul\/intention-de-priere-du-pape-pour-le-mois-de-novembre-2\/","title":{"rendered":"Intention de pri\u00e8re du Pape pour le mois de novembre"},"content":{"rendered":"\n<div style=\"height:68px\" aria-hidden=\"true\" class=\"wp-block-spacer\"><\/div>\n\n\n\n<p><strong>Le Pape Fran\u00e7ois nous explique qu\u2019\u00ab \u00eatre Pape ne signifie pas que l\u2019on perd son humanit\u00e9 \u00bb. Au contraire, \u00ab \u00eatre Pape, c\u2019est aussi un processus \u00bb dans lequel \u00ab on prend conscience de ce que signifie \u00eatre pasteur \u00bb. C\u2019est pourquoi il nous invite \u00e0 demander au Seigneur de le b\u00e9nir. Et \u00e0 prier \u00ab afin que le Pape, quel qu\u2019il soit, et aujourd\u2019hui c\u2019est mon tour, re\u00e7oive l\u2019aide de l\u2019Esprit Saint, et qu\u2019il soit docile \u00e0 cette aide \u00bb. <\/strong><\/p>\n\n\n\n<div style=\"height:58px\" aria-hidden=\"true\" class=\"wp-block-spacer\"><\/div>\n\n\n\n<figure class=\"wp-block-embed aligncenter is-type-video is-provider-youtube wp-block-embed-youtube wp-embed-aspect-16-9 wp-has-aspect-ratio\"><div class=\"wp-block-embed__wrapper\">\n<iframe loading=\"lazy\" title=\"Pour le Pape \u2013 La Vid\u00e9o du Pape 11 \u2013 Novembre 2023\" width=\"1080\" height=\"608\" src=\"https:\/\/www.youtube.com\/embed\/tWOeR0UTAj8?feature=oembed\"  allow=\"accelerometer; autoplay; clipboard-write; encrypted-media; gyroscope; picture-in-picture; web-share\" allowfullscreen><\/iframe>\n<\/div><\/figure>\n\n\n\n<div style=\"height:43px\" aria-hidden=\"true\" class=\"wp-block-spacer\"><\/div>\n\n\n\n<p class=\"has-text-align-center\">Nous vous invitons \u00e0 vous unir \u00e0 la pri\u00e8re pour le Pape, afin que dans l\u2019exercice de sa mission, il puisse continuer \u00e0 accompagner dans la foi le troupeau qui lui est confi\u00e9 par J\u00e9sus et toujours avec l\u2019aide de l\u2019Esprit Saint.. <\/p>\n\n\n\n<div style=\"height:40px\" aria-hidden=\"true\" class=\"wp-block-spacer\"><\/div>\n\n\n\n<p class=\"has-text-align-center has-luminous-vivid-orange-color has-text-color\">\u00ab Demandez au Seigneur de me b\u00e9nir. <br>Votre pri\u00e8re me donne de la force et m\u2019aide \u00e0 discerner <br>et \u00e0 accompagner l\u2019\u00c9glise \u00e0 l\u2019\u00e9coute de l&rsquo;Esprit Saint. <br>\u00catre Pape ne signifie pas que l\u2019on perd son humanit\u00e9. <br>Au contraire, mon humanit\u00e9 grandit chaque jour davantage <br>avec le peuple saint et fid\u00e8le de Dieu. <br>Car \u00eatre Pape, c\u2019est aussi un processus. <br>On prend conscience de ce que signifie \u00eatre pasteur. <br>Et dans ce processus, on apprend \u00e0 \u00eatre plus charitable, <br>plus mis\u00e9ricordieux et, surtout, plus patient, <br>comme l\u2019est notre p\u00e8re Dieu, qui est si patient. <br>Je peux imaginer que tous les papes, au d\u00e9but de leur pontificat, <br>ont eu ce sentiment de peur, de vertige, de celui qui sait qu\u2019il va \u00eatre jug\u00e9 s\u00e9v\u00e8rement. <\/p>\n\n\n\n<p class=\"has-text-align-center has-luminous-vivid-orange-color has-text-color\">Car le Seigneur va nous demander, \u00e0 nous \u00e9v\u00eaques, <br>de rendre des comptes s\u00e9rieusement. <br>S\u2019il vous pla\u00eet, je vous demande de juger avec bienveillance. <br>Et de prier afin que le Pape, quel qu\u2019il soit, et aujourd\u2019hui c\u2019est mon tour, <br>re\u00e7oive l\u2019aide de l\u2019Esprit Saint, et qu\u2019il soit docile \u00e0 cette aide. <br>Prions pour le Pape, afin que, dans l\u2019exercice de sa mission, <br>il continue \u00e0 accompagner dans la foi le troupeau qui lui est confi\u00e9 par J\u00e9sus <br>et toujours avec l\u2019aide de l\u2019Esprit Saint. <br>Faisons cette pri\u00e8re en silence de vous tous sur moi. <br>Priez pour moi, en ma faveur bien-s\u00fbr ! \u00bb<\/p>\n\n\n\n<p class=\"has-text-align-center has-luminous-vivid-orange-color has-text-color\">Pape Fran\u00e7ois<\/p>\n\n\n\n<div style=\"height:100px\" aria-hidden=\"true\" class=\"wp-block-spacer\"><\/div>\n","protected":false},"excerpt":{"rendered":"<p>Le Pape Fran\u00e7ois nous explique qu\u2019\u00ab \u00eatre Pape ne signifie pas que l\u2019on perd son humanit\u00e9 \u00bb. Au contraire, \u00ab \u00eatre Pape, c\u2019est aussi un processus \u00bb dans lequel \u00ab [&hellip;]<\/p>\n","protected":false},"author":4,"featured_media":8934,"comment_status":"open","ping_status":"open","sticky":false,"template":"","format":"standard","meta":{"_et_pb_use_builder":"off","_et_pb_old_content":"","_et_gb_content_width":"","footnotes":""},"categories":[6,21],"tags":[],"class_list":["post-8930","post","type-post","status-publish","format-standard","has-post-thumbnail","hentry","category-actualite","category-eglise-universelle"],"_links":{"self":[{"href":"https:\/\/catholiques17.fr\/nieul\/wp-json\/wp\/v2\/posts\/8930","targetHints":{"allow":["GET"]}}],"collection":[{"href":"https:\/\/catholiques17.fr\/nieul\/wp-json\/wp\/v2\/posts"}],"about":[{"href":"https:\/\/catholiques17.fr\/nieul\/wp-json\/wp\/v2\/types\/post"}],"author":[{"embeddable":true,"href":"https:\/\/catholiques17.fr\/nieul\/wp-json\/wp\/v2\/users\/4"}],"replies":[{"embeddable":true,"href":"https:\/\/catholiques17.fr\/nieul\/wp-json\/wp\/v2\/comments?post=8930"}],"version-history":[{"count":3,"href":"https:\/\/catholiques17.fr\/nieul\/wp-json\/wp\/v2\/posts\/8930\/revisions"}],"predecessor-version":[{"id":8933,"href":"https:\/\/catholiques17.fr\/nieul\/wp-json\/wp\/v2\/posts\/8930\/revisions\/8933"}],"wp:featuredmedia":[{"embeddable":true,"href":"https:\/\/catholiques17.fr\/nieul\/wp-json\/wp\/v2\/media\/8934"}],"wp:attachment":[{"href":"https:\/\/catholiques17.fr\/nieul\/wp-json\/wp\/v2\/media?parent=8930"}],"wp:term":[{"taxonomy":"category","embeddable":true,"href":"https:\/\/catholiques17.fr\/nieul\/wp-json\/wp\/v2\/categories?post=8930"},{"taxonomy":"post_tag","embeddable":true,"href":"https:\/\/catholiques17.fr\/nieul\/wp-json\/wp\/v2\/tags?post=8930"}],"curies":[{"name":"wp","href":"https:\/\/api.w.org\/{rel}","templated":true}]}}