{"id":8886,"date":"2023-10-30T08:26:53","date_gmt":"2023-10-30T07:26:53","guid":{"rendered":"https:\/\/catholiques17.fr\/nieul\/?p=8886"},"modified":"2023-10-30T08:26:57","modified_gmt":"2023-10-30T07:26:57","slug":"decouvrir-le-scoutisme-a-6-et-7-ans-avec-les-farfadets","status":"publish","type":"post","link":"https:\/\/catholiques17.fr\/nieul\/decouvrir-le-scoutisme-a-6-et-7-ans-avec-les-farfadets\/","title":{"rendered":"D\u00e9couvrir le scoutisme \u00e0 6 et 7 ans avec les Farfadets"},"content":{"rendered":"\n<div style=\"height:64px\" aria-hidden=\"true\" class=\"wp-block-spacer\"><\/div>\n\n\n\n<h2 class=\"wp-block-heading\">Le scoutisme est un mouvement de jeunesse reposant sur l\u2019apprentissage de valeurs, telles que le respect, la confiance, la justice et le d\u00e9passement.<\/h2>\n\n\n\n<p>Son but est d\u2019aider le jeune individu \u00e0 former son caract\u00e8re et \u00e0 construire sa personnalit\u00e9 tout en contribuant \u00e0 son d\u00e9veloppement physique, intellectuel, affectif, spirituel et social.\u00a0<\/p>\n\n\n\n<p>Trois mouvements de scoutisme catholique sont repr\u00e9sent\u00e9s dans notre dioc\u00e8se : <a href=\"https:\/\/jeunes17.fr\/mouvements\/\" target=\"_blank\" rel=\"noreferrer noopener\">les d\u00e9couvrir<\/a><\/p>\n\n\n\n<div style=\"height:35px\" aria-hidden=\"true\" class=\"wp-block-spacer\"><\/div>\n\n\n\n<hr class=\"wp-block-separator has-text-color has-light-green-cyan-color has-alpha-channel-opacity has-light-green-cyan-background-color has-background is-style-wide\"\/>\n\n\n\n<div style=\"height:32px\" aria-hidden=\"true\" class=\"wp-block-spacer\"><\/div>\n\n\n\n<p><strong>Le groupe marin de la Rochelle St Nicolas recherche des enfants pour \u00e9toffer sa branche\u00a0\u00bb farfadets\u00a0\u00bb .<\/strong> Il s&rsquo;agit d&rsquo;un groupe pour enfants de 6 et 7 ans, anim\u00e9 par les parents, avec le soutien du parent responsable du groupe. Les r\u00e9unions ont lieu une fois par mois et un camp de trois jours sera organis\u00e9 en fin d&rsquo;ann\u00e9e scolaire.<\/p>\n\n\n\n<div style=\"height:45px\" aria-hidden=\"true\" class=\"wp-block-spacer\"><\/div>\n\n\n\n<div class=\"wp-block-buttons is-content-justification-center is-layout-flex wp-container-core-buttons-is-layout-16018d1d wp-block-buttons-is-layout-flex\">\n<div class=\"wp-block-button\"><a class=\"wp-block-button__link has-luminous-vivid-orange-background-color has-background wp-element-button\" href=\"https:\/\/sites.sgdf.fr\/la-rochelle-marin-saint-nicolas\/presentation-du-groupe\/\" target=\"_blank\" rel=\"noreferrer noopener\">D\u00e9couvrir le groupe St Nicolas La Rochelle<\/a><\/div>\n\n\n\n<div class=\"wp-block-button\"><a class=\"wp-block-button__link has-vivid-cyan-blue-color has-light-green-cyan-background-color has-text-color has-background has-text-align-center wp-element-button\" href=\"https:\/\/farfadets.sgdf.fr\/\" target=\"_blank\" rel=\"noreferrer noopener\">D\u00e9couvrir le site national des Farfadets<\/a><\/div>\n\n\n\n<div class=\"wp-block-button\"><a class=\"wp-block-button__link has-white-color has-vivid-cyan-blue-background-color has-text-color has-background has-text-align-center wp-element-button\" href=\"https:\/\/catholiques17.fr\/nieul\/wp-content\/uploads\/sites\/29\/2023\/10\/depliant_farfadets_la_branche_des_6_8_ans_et_leurs_parents_farfadets_decouvrir-les-farfadets_c6b95ecad7_compressed.pdf\">T\u00e9l\u00e9charger le d\u00e9pliant<\/a><\/div>\n<\/div>\n\n\n\n<div style=\"height:75px\" aria-hidden=\"true\" class=\"wp-block-spacer\"><\/div>\n\n\n\n<figure class=\"wp-block-embed aligncenter is-type-video is-provider-youtube wp-block-embed-youtube wp-embed-aspect-16-9 wp-has-aspect-ratio\"><div class=\"wp-block-embed__wrapper\">\n<iframe loading=\"lazy\" title=\"Farfadets : le scoutisme d\u00e8s 6 ans\" width=\"1080\" height=\"608\" src=\"https:\/\/www.youtube.com\/embed\/qDFF0V4--mY?feature=oembed\"  allow=\"accelerometer; autoplay; clipboard-write; encrypted-media; gyroscope; picture-in-picture; web-share\" allowfullscreen><\/iframe>\n<\/div><\/figure>\n\n\n\n<div style=\"height:55px\" aria-hidden=\"true\" class=\"wp-block-spacer\"><\/div>\n\n\n\n<p class=\"has-text-align-center\"><strong><span style=\"text-decoration: underline;\">Informations et contact :<\/span><\/strong> Evgeniya Petit &#8211; 0669903242\u00a0<\/p>\n\n\n\n<div style=\"height:100px\" aria-hidden=\"true\" class=\"wp-block-spacer\"><\/div>\n\n\n\n<p><\/p>\n","protected":false},"excerpt":{"rendered":"<p>Le scoutisme est un mouvement de jeunesse reposant sur l\u2019apprentissage de valeurs, telles que le respect, la confiance, la justice et le d\u00e9passement. Son but est d\u2019aider le jeune individu [&hellip;]<\/p>\n","protected":false},"author":4,"featured_media":8887,"comment_status":"open","ping_status":"open","sticky":false,"template":"","format":"standard","meta":{"_et_pb_use_builder":"off","_et_pb_old_content":"","_et_gb_content_width":"","footnotes":""},"categories":[6,42,26],"tags":[],"class_list":["post-8886","post","type-post","status-publish","format-standard","has-post-thumbnail","hentry","category-actualite","category-enfants","category-informations"],"_links":{"self":[{"href":"https:\/\/catholiques17.fr\/nieul\/wp-json\/wp\/v2\/posts\/8886","targetHints":{"allow":["GET"]}}],"collection":[{"href":"https:\/\/catholiques17.fr\/nieul\/wp-json\/wp\/v2\/posts"}],"about":[{"href":"https:\/\/catholiques17.fr\/nieul\/wp-json\/wp\/v2\/types\/post"}],"author":[{"embeddable":true,"href":"https:\/\/catholiques17.fr\/nieul\/wp-json\/wp\/v2\/users\/4"}],"replies":[{"embeddable":true,"href":"https:\/\/catholiques17.fr\/nieul\/wp-json\/wp\/v2\/comments?post=8886"}],"version-history":[{"count":3,"href":"https:\/\/catholiques17.fr\/nieul\/wp-json\/wp\/v2\/posts\/8886\/revisions"}],"predecessor-version":[{"id":8891,"href":"https:\/\/catholiques17.fr\/nieul\/wp-json\/wp\/v2\/posts\/8886\/revisions\/8891"}],"wp:featuredmedia":[{"embeddable":true,"href":"https:\/\/catholiques17.fr\/nieul\/wp-json\/wp\/v2\/media\/8887"}],"wp:attachment":[{"href":"https:\/\/catholiques17.fr\/nieul\/wp-json\/wp\/v2\/media?parent=8886"}],"wp:term":[{"taxonomy":"category","embeddable":true,"href":"https:\/\/catholiques17.fr\/nieul\/wp-json\/wp\/v2\/categories?post=8886"},{"taxonomy":"post_tag","embeddable":true,"href":"https:\/\/catholiques17.fr\/nieul\/wp-json\/wp\/v2\/tags?post=8886"}],"curies":[{"name":"wp","href":"https:\/\/api.w.org\/{rel}","templated":true}]}}