{"id":8866,"date":"2023-10-16T09:50:35","date_gmt":"2023-10-16T07:50:35","guid":{"rendered":"https:\/\/catholiques17.fr\/nieul\/?p=8866"},"modified":"2023-10-16T10:08:15","modified_gmt":"2023-10-16T08:08:15","slug":"17-octobre-jour-de-priere-et-de-jeune-pour-la-paix","status":"publish","type":"post","link":"https:\/\/catholiques17.fr\/nieul\/17-octobre-jour-de-priere-et-de-jeune-pour-la-paix\/","title":{"rendered":"17 octobre : Jour de pri\u00e8re et de jeune pour la Paix"},"content":{"rendered":"\n<div style=\"height:77px\" aria-hidden=\"true\" class=\"wp-block-spacer\"><\/div>\n\n\n\n<h2 class=\"wp-block-heading\">Suite au terrorisme et \u00e0 la guerre qui frappent le Proche-Orient, l\u2019Assembl\u00e9e des Ordinaires catholiques de Terre Sainte adresse ce message \u00e0 ses fid\u00e8les. <\/h2>\n\n\n\n<h2 class=\"wp-block-heading\">Mais au-del\u00e0 de la Terre Sainte, nous pouvons tous joindre nos pri\u00e8res pour que la Paix r\u00e8gne dans cette r\u00e9gion et dans le monde entier.<\/h2>\n\n\n\n<div style=\"height:48px\" aria-hidden=\"true\" class=\"wp-block-spacer\"><\/div>\n\n\n\n<blockquote class=\"wp-block-quote is-style-default has-luminous-vivid-orange-color has-white-background-color has-text-color has-background is-layout-flow wp-block-quote-is-layout-flow\">\n<p>\u00ab&nbsp;<em>Car Dieu n\u2019est pas un Dieu de d\u00e9sordre, mais de paix.<\/em>&nbsp;\u00bb (1 Cor 14, 33)<\/p>\n\n\n\n<p>Chers fr\u00e8res et s\u0153urs,<\/p>\n\n\n\n<p>Que le Seigneur nous accorde vraiment sa paix !<\/p>\n\n\n\n<p>La douleur et la consternation face \u00e0 ce qui se passe sont grandes. Une fois de plus, nous nous trouvons au milieu d\u2019une crise politique et militaire. Nous avons \u00e9t\u00e9 soudainement catapult\u00e9s dans une mer de violence sans pr\u00e9c\u00e9dent. La haine, que nous subissons malheureusement d\u00e9j\u00e0 depuis trop longtemps, va encore s\u2019accro\u00eetre et la spirale de violence qui s\u2019ensuivra cr\u00e9era encore plus de destruction. Tout semble parler de mort.<\/p>\n\n\n\n<p>Mais dans ce moment de douleur et de d\u00e9sarroi, nous ne voulons pas rester impuissants. Et nous ne pouvons pas laisser la mort et ses aiguillons (1 Cor 15, 55) \u00eatre le seul mot \u00e0 entendre.<\/p>\n\n\n\n<p>C\u2019est pourquoi nous ressentons le besoin de prier, de tourner nos c\u0153urs vers Dieu le P\u00e8re. C\u2019est seulement ainsi que nous pourrons puiser la force et la s\u00e9r\u00e9nit\u00e9 pour vivre ce temps, en nous tournant vers Lui, dans une pri\u00e8re d\u2019intercession, d\u2019imploration et aussi de cri.<\/p>\n\n\n\n<p><strong>Au nom de tous les Ordinaires de Terre Sainte, j\u2019invite toutes les paroisses et communaut\u00e9s religieuses \u00e0 une journ\u00e9e de je\u00fbne et de pri\u00e8re pour la paix et la r\u00e9conciliation.<\/strong><\/p>\n\n\n\n<p><strong>Nous demandons que le mardi 17 octobre, chacun prenne une journ\u00e9e de je\u00fbne, d\u2019abstinence et de pri\u00e8re. Des temps de pri\u00e8re avec adoration eucharistique et chapelet \u00e0 la Sainte Vierge devraient \u00eatre organis\u00e9s. Il est probable que dans de nombreuses parties de nos dioc\u00e8ses, les circonstances ne permettent pas de grands rassemblements. Dans les paroisses, dans les communaut\u00e9s religieuses, dans les familles, il sera toujours possible d\u2019organiser des moments de pri\u00e8re communs, simples et sobres.<\/strong><\/p>\n\n\n\n<p>C\u2019est ainsi que nous nous retrouvons tous, malgr\u00e9 tout, dans une pri\u00e8re commune, pour remettre \u00e0 Dieu le P\u00e8re notre soif de paix, de justice et de r\u00e9conciliation.<\/p>\n\n\n\n<p>A tous mes v\u0153ux et mes pri\u00e8res,<\/p>\n<cite><strong>+Pierbattista Card. Pizzaballa<\/strong>, Patriarche Latin de J\u00e9rusalem,<\/cite><\/blockquote>\n\n\n\n<div style=\"height:67px\" aria-hidden=\"true\" class=\"wp-block-spacer\"><\/div>\n\n\n\n<figure class=\"wp-block-embed aligncenter is-type-video is-provider-youtube wp-block-embed-youtube wp-embed-aspect-16-9 wp-has-aspect-ratio\"><div class=\"wp-block-embed__wrapper\">\n<iframe loading=\"lazy\" title=\"Fran\u00e7ois: appel pour la Terre Sainte\" width=\"1080\" height=\"608\" src=\"https:\/\/www.youtube.com\/embed\/hL-NFIW_JQw?feature=oembed\"  allow=\"accelerometer; autoplay; clipboard-write; encrypted-media; gyroscope; picture-in-picture; web-share\" allowfullscreen><\/iframe>\n<\/div><\/figure>\n\n\n\n<div style=\"height:100px\" aria-hidden=\"true\" class=\"wp-block-spacer\"><\/div>\n","protected":false},"excerpt":{"rendered":"<p>Suite au terrorisme et \u00e0 la guerre qui frappent le Proche-Orient, l\u2019Assembl\u00e9e des Ordinaires catholiques de Terre Sainte adresse ce message \u00e0 ses fid\u00e8les. Mais au-del\u00e0 de la Terre Sainte, [&hellip;]<\/p>\n","protected":false},"author":4,"featured_media":8865,"comment_status":"open","ping_status":"open","sticky":false,"template":"","format":"standard","meta":{"_et_pb_use_builder":"off","_et_pb_old_content":"","_et_gb_content_width":"","footnotes":""},"categories":[6,21],"tags":[],"class_list":["post-8866","post","type-post","status-publish","format-standard","has-post-thumbnail","hentry","category-actualite","category-eglise-universelle"],"_links":{"self":[{"href":"https:\/\/catholiques17.fr\/nieul\/wp-json\/wp\/v2\/posts\/8866","targetHints":{"allow":["GET"]}}],"collection":[{"href":"https:\/\/catholiques17.fr\/nieul\/wp-json\/wp\/v2\/posts"}],"about":[{"href":"https:\/\/catholiques17.fr\/nieul\/wp-json\/wp\/v2\/types\/post"}],"author":[{"embeddable":true,"href":"https:\/\/catholiques17.fr\/nieul\/wp-json\/wp\/v2\/users\/4"}],"replies":[{"embeddable":true,"href":"https:\/\/catholiques17.fr\/nieul\/wp-json\/wp\/v2\/comments?post=8866"}],"version-history":[{"count":2,"href":"https:\/\/catholiques17.fr\/nieul\/wp-json\/wp\/v2\/posts\/8866\/revisions"}],"predecessor-version":[{"id":8869,"href":"https:\/\/catholiques17.fr\/nieul\/wp-json\/wp\/v2\/posts\/8866\/revisions\/8869"}],"wp:featuredmedia":[{"embeddable":true,"href":"https:\/\/catholiques17.fr\/nieul\/wp-json\/wp\/v2\/media\/8865"}],"wp:attachment":[{"href":"https:\/\/catholiques17.fr\/nieul\/wp-json\/wp\/v2\/media?parent=8866"}],"wp:term":[{"taxonomy":"category","embeddable":true,"href":"https:\/\/catholiques17.fr\/nieul\/wp-json\/wp\/v2\/categories?post=8866"},{"taxonomy":"post_tag","embeddable":true,"href":"https:\/\/catholiques17.fr\/nieul\/wp-json\/wp\/v2\/tags?post=8866"}],"curies":[{"name":"wp","href":"https:\/\/api.w.org\/{rel}","templated":true}]}}