{"id":8814,"date":"2023-10-02T10:21:52","date_gmt":"2023-10-02T08:21:52","guid":{"rendered":"https:\/\/catholiques17.fr\/nieul\/?p=8814"},"modified":"2023-10-02T10:21:55","modified_gmt":"2023-10-02T08:21:55","slug":"intention-de-priere-du-pape-pour-le-mois-doctobre-2","status":"publish","type":"post","link":"https:\/\/catholiques17.fr\/nieul\/intention-de-priere-du-pape-pour-le-mois-doctobre-2\/","title":{"rendered":"Intention de pri\u00e8re du Pape pour le mois d&rsquo;octobre"},"content":{"rendered":"\n<div style=\"height:63px\" aria-hidden=\"true\" class=\"wp-block-spacer\"><\/div>\n\n\n\n<p class=\"has-text-align-left\"><strong>Octobre est un mois sp\u00e9cial pour toute l\u2019\u00c9glise, qui c\u00e9l\u00e8bre \u00e0 Rome son Assembl\u00e9e synodale<\/strong>. Et, \u00ab lorsqu\u2019une \u00c9glise est en Synode \u00bb, nous rappelle le Pape, \u00ab cette dynamique synodale ne peut qu\u2019\u00eatre port\u00e9e par la vocation missionnaire \u00bb. \u00ab La mission est au c\u0153ur de l\u2019\u00c9glise \u00bb, poursuit Fran\u00e7ois dans la vid\u00e9o qui accompagne son intention de pri\u00e8re, r\u00e9alis\u00e9e et produite par le R\u00e9seau Mondial de Pri\u00e8re du Pape. \u00ab Par la pri\u00e8re et le discernement, l\u2019Esprit Saint nous aide \u00e0 r\u00e9aliser l\u2019apostolat de l\u2019oreille, c\u2019est-\u00e0-dire \u00e0 apprendre \u00e0 \u00e9couter avec les oreilles de Dieu afin de pouvoir parler avec la parole de Dieu \u00bb : si le Synode est donc \u00ab un chemin \u00bb, son but est de \u00ab rejoindre chacun, chercher chacun, accueillir chacun et impliquer chacun, sans exclure personne \u00bb.<\/p>\n\n\n\n<div style=\"height:65px\" aria-hidden=\"true\" class=\"wp-block-spacer\"><\/div>\n\n\n\n<figure class=\"wp-block-embed aligncenter is-type-video is-provider-youtube wp-block-embed-youtube wp-embed-aspect-16-9 wp-has-aspect-ratio\"><div class=\"wp-block-embed__wrapper\">\n<iframe loading=\"lazy\" title=\"Pour l\u2019\u00c9glise en Synode \u2013 La Vid\u00e9o du Pape 10 \u2013 Octobre 2023\" width=\"1080\" height=\"608\" src=\"https:\/\/www.youtube.com\/embed\/4pEcl3syUNM?feature=oembed\"  allow=\"accelerometer; autoplay; clipboard-write; encrypted-media; gyroscope; picture-in-picture; web-share\" allowfullscreen><\/iframe>\n<\/div><\/figure>\n\n\n\n<div style=\"height:62px\" aria-hidden=\"true\" class=\"wp-block-spacer\"><\/div>\n\n\n\n<h2 class=\"wp-block-heading has-text-align-center\">Ouvrons notre c\u0153ur et \u00ab prions pour l\u2019\u00c9glise, afin qu\u2019elle adopte l\u2019\u00e9coute et le dialogue comme style de vie \u00bb.<\/h2>\n\n\n\n<div style=\"height:66px\" aria-hidden=\"true\" class=\"wp-block-spacer\"><\/div>\n\n\n\n<p class=\"has-white-color has-text-color has-background has-medium-font-size\" style=\"background-color:#1c597d\">La mission est au c\u0153ur de l\u2019\u00c9glise. Et plus encore. Lorsqu\u2019une \u00c9glise est en Synode, cette dynamique synodale ne peut qu\u2019\u00eatre port\u00e9e par la vocation missionnaire, \u00e0 savoir, la r\u00e9ponse au commandement de J\u00e9sus de proclamer l\u2019\u00c9vangile. Je voudrais vous rappeler qu\u2019il ne s\u2019agit pas de la fin du chemin, mais plut\u00f4t de la poursuite d\u2019un chemin eccl\u00e9sial. C\u2019est un chemin que nous parcourons, comme les disciples d\u2019Emma\u00fcs, en \u00e9coutant le Seigneur qui vient toujours parmi nous. Il est le Seigneur de la surprise. Par la pri\u00e8re et le discernement, l\u2019Esprit Saint nous aide \u00e0 r\u00e9aliser \u00ab l\u2019apostolat de l\u2019oreille \u00bb, c\u2019est-\u00e0-dire apprendre \u00e0 \u00e9couter avec les oreilles de Dieu afin de pouvoir parler avec la parole de Dieu. Nous nous rapprochons ainsi du c\u0153ur du Christ, d\u2019o\u00f9 na\u00eet notre mission et la voix qui nous attire \u00e0 Lui. Une voix qui nous r\u00e9v\u00e8le le c\u0153ur de la mission, qui est de rejoindre chacun, chercher chacun, accueillir chacun et impliquer chacun, sans exclure personne. Prions pour l\u2019\u00c9glise, afin qu\u2019elle adopte l\u2019\u00e9coute et le dialogue comme style de vie \u00e0 tous les niveaux, en se laissant guider par la force de l\u2019Esprit Saint vers les p\u00e9riph\u00e9ries du monde<\/p>\n\n\n\n<div style=\"height:100px\" aria-hidden=\"true\" class=\"wp-block-spacer\"><\/div>\n","protected":false},"excerpt":{"rendered":"<p>Octobre est un mois sp\u00e9cial pour toute l\u2019\u00c9glise, qui c\u00e9l\u00e8bre \u00e0 Rome son Assembl\u00e9e synodale. Et, \u00ab lorsqu\u2019une \u00c9glise est en Synode \u00bb, nous rappelle le Pape, \u00ab cette dynamique [&hellip;]<\/p>\n","protected":false},"author":4,"featured_media":8815,"comment_status":"open","ping_status":"open","sticky":false,"template":"","format":"standard","meta":{"_et_pb_use_builder":"off","_et_pb_old_content":"","_et_gb_content_width":"","footnotes":""},"categories":[6,22],"tags":[],"class_list":["post-8814","post","type-post","status-publish","format-standard","has-post-thumbnail","hentry","category-actualite","category-pape-francois"],"_links":{"self":[{"href":"https:\/\/catholiques17.fr\/nieul\/wp-json\/wp\/v2\/posts\/8814","targetHints":{"allow":["GET"]}}],"collection":[{"href":"https:\/\/catholiques17.fr\/nieul\/wp-json\/wp\/v2\/posts"}],"about":[{"href":"https:\/\/catholiques17.fr\/nieul\/wp-json\/wp\/v2\/types\/post"}],"author":[{"embeddable":true,"href":"https:\/\/catholiques17.fr\/nieul\/wp-json\/wp\/v2\/users\/4"}],"replies":[{"embeddable":true,"href":"https:\/\/catholiques17.fr\/nieul\/wp-json\/wp\/v2\/comments?post=8814"}],"version-history":[{"count":1,"href":"https:\/\/catholiques17.fr\/nieul\/wp-json\/wp\/v2\/posts\/8814\/revisions"}],"predecessor-version":[{"id":8816,"href":"https:\/\/catholiques17.fr\/nieul\/wp-json\/wp\/v2\/posts\/8814\/revisions\/8816"}],"wp:featuredmedia":[{"embeddable":true,"href":"https:\/\/catholiques17.fr\/nieul\/wp-json\/wp\/v2\/media\/8815"}],"wp:attachment":[{"href":"https:\/\/catholiques17.fr\/nieul\/wp-json\/wp\/v2\/media?parent=8814"}],"wp:term":[{"taxonomy":"category","embeddable":true,"href":"https:\/\/catholiques17.fr\/nieul\/wp-json\/wp\/v2\/categories?post=8814"},{"taxonomy":"post_tag","embeddable":true,"href":"https:\/\/catholiques17.fr\/nieul\/wp-json\/wp\/v2\/tags?post=8814"}],"curies":[{"name":"wp","href":"https:\/\/api.w.org\/{rel}","templated":true}]}}