{"id":8747,"date":"2023-09-08T14:43:19","date_gmt":"2023-09-08T12:43:19","guid":{"rendered":"https:\/\/catholiques17.fr\/nieul\/?p=8747"},"modified":"2023-09-08T14:43:22","modified_gmt":"2023-09-08T12:43:22","slug":"messe-dinstallation-des-soeurs-au-monastere-de-nieul-s-mer","status":"publish","type":"post","link":"https:\/\/catholiques17.fr\/nieul\/messe-dinstallation-des-soeurs-au-monastere-de-nieul-s-mer\/","title":{"rendered":"Messe d&rsquo;installation des S\u0153urs au monast\u00e8re de Nieul s\/mer"},"content":{"rendered":"\n<div style=\"height:58px\" aria-hidden=\"true\" class=\"wp-block-spacer\"><\/div>\n\n\n\n<p>C&rsquo;est \u00e0 l&rsquo;occasion de la f\u00eate de la Nativit\u00e9 de la Vierge Marie que la messe d&rsquo;installation des S\u0153urs au monast\u00e8re de Nieul s\/mer a \u00e9t\u00e9 c\u00e9l\u00e9br\u00e9e. Une page se tourne avec le d\u00e9part des clarisses il y a quelques jours et maintenant l&rsquo;installation de la branche contemplative des S\u0153urs Servantes du Seigneur et de la Vierge de Matara.<\/p>\n\n\n\n<p>Le P\u00e8re Bertrand Monnard, vicaire g\u00e9n\u00e9ral, les p\u00e8res Sergio Perez et Laurent Chaumet ont c\u00e9l\u00e9br\u00e9 la messe dans la chapelle du monast\u00e8re, rejoints par <a><\/a>des paroissiens du secteur ainsi que par les s\u0153urs apostoliques de leur communaut\u00e9 (install\u00e9es \u00e0 pr\u00e9sent \u00e0 St Fort s\/Gironde).<\/p>\n\n\n\n<p>\u00ab\u00a0La vocation absolument unique de la Vierge Marie nous renvoie \u00e0 notre propre vocation chr\u00e9tienne, toute notre vie devient alors une r\u00e9ponse \u00e0 l&rsquo;amour premier au Seigneur.<\/p>\n\n\n\n<p>Que le Seigneur vous donne de r\u00e9pondre pleinement \u00e0 votre vocation monastique, et que ce lieu soit un havre de paix et de ressourcement spirituel\u00a0\u00bb.<\/p>\n\n\n\n<p>M\u00e8re Infante, Sr Marie de la consolation, Sr Marie m\u00e8re de Gr\u00e2ces, Sr Marie de la Pr\u00e9sentation et Sr Marie du c\u0153ur Eucharistique, soyez assur\u00e9es de notre pri\u00e8re pour que ce monast\u00e8re soit le signe visible de la pr\u00e9sence du Christ ressuscit\u00e9 et vivant !<\/p>\n\n\n\n<div style=\"height:33px\" aria-hidden=\"true\" class=\"wp-block-spacer\"><\/div>\n\n\n\n<div class=\"wp-block-columns is-layout-flex wp-container-core-columns-is-layout-9d6595d7 wp-block-columns-is-layout-flex\">\n<div class=\"wp-block-column is-layout-flow wp-block-column-is-layout-flow\">\n<figure class=\"wp-block-image size-full\"><a href=\"https:\/\/catholiques17.fr\/nieul\/wp-content\/uploads\/sites\/29\/2023\/09\/P1016303_1.jpg\"><img loading=\"lazy\" decoding=\"async\" width=\"800\" height=\"600\" src=\"https:\/\/catholiques17.fr\/nieul\/wp-content\/uploads\/sites\/29\/2023\/09\/P1016303_1.jpg\" alt=\"\" class=\"wp-image-8749\" srcset=\"https:\/\/catholiques17.fr\/nieul\/wp-content\/uploads\/sites\/29\/2023\/09\/P1016303_1.jpg 800w, https:\/\/catholiques17.fr\/nieul\/wp-content\/uploads\/sites\/29\/2023\/09\/P1016303_1-480x360.jpg 480w\" sizes=\"(min-width: 0px) and (max-width: 480px) 480px, (min-width: 481px) 800px, 100vw\" \/><\/a><\/figure>\n<\/div>\n\n\n\n<div class=\"wp-block-column is-layout-flow wp-block-column-is-layout-flow\">\n<figure class=\"wp-block-image size-full\"><a href=\"https:\/\/catholiques17.fr\/nieul\/wp-content\/uploads\/sites\/29\/2023\/09\/P1016320_1.jpg\"><img loading=\"lazy\" decoding=\"async\" width=\"800\" height=\"600\" src=\"https:\/\/catholiques17.fr\/nieul\/wp-content\/uploads\/sites\/29\/2023\/09\/P1016320_1.jpg\" alt=\"\" class=\"wp-image-8750\" srcset=\"https:\/\/catholiques17.fr\/nieul\/wp-content\/uploads\/sites\/29\/2023\/09\/P1016320_1.jpg 800w, https:\/\/catholiques17.fr\/nieul\/wp-content\/uploads\/sites\/29\/2023\/09\/P1016320_1-480x360.jpg 480w\" sizes=\"(min-width: 0px) and (max-width: 480px) 480px, (min-width: 481px) 800px, 100vw\" \/><\/a><\/figure>\n<\/div>\n\n\n\n<div class=\"wp-block-column is-layout-flow wp-block-column-is-layout-flow\">\n<figure class=\"wp-block-image size-full\"><a href=\"https:\/\/catholiques17.fr\/nieul\/wp-content\/uploads\/sites\/29\/2023\/09\/P1016325_1.jpg\"><img loading=\"lazy\" decoding=\"async\" width=\"800\" height=\"600\" src=\"https:\/\/catholiques17.fr\/nieul\/wp-content\/uploads\/sites\/29\/2023\/09\/P1016325_1.jpg\" alt=\"\" class=\"wp-image-8751\" srcset=\"https:\/\/catholiques17.fr\/nieul\/wp-content\/uploads\/sites\/29\/2023\/09\/P1016325_1.jpg 800w, https:\/\/catholiques17.fr\/nieul\/wp-content\/uploads\/sites\/29\/2023\/09\/P1016325_1-480x360.jpg 480w\" sizes=\"(min-width: 0px) and (max-width: 480px) 480px, (min-width: 481px) 800px, 100vw\" \/><\/a><\/figure>\n<\/div>\n<\/div>\n\n\n\n<div style=\"height:55px\" aria-hidden=\"true\" class=\"wp-block-spacer\"><\/div>\n\n\n\n<div class=\"wp-block-group is-vertical is-content-justification-center is-layout-flex wp-container-core-group-is-layout-4b2eccd6 wp-block-group-is-layout-flex\">\n<p class=\"has-text-align-center\"><strong>Retrouvez l&rsquo;ensemble des photos de la messe d&rsquo;installation :<\/strong><\/p>\n\n\n\n<figure class=\"wp-block-embed is-type-wp-embed is-provider-dioc-egrave-se-la-rochelle wp-block-embed-dioc-egrave-se-la-rochelle\"><div class=\"wp-block-embed__wrapper\">\n<blockquote class=\"wp-embedded-content\" data-secret=\"BGyLvbNhrm\"><a href=\"https:\/\/catholiques17.fr\/albums-photos-du-diocese\/\">Albums photos en ligne<\/a><\/blockquote><iframe loading=\"lazy\" class=\"wp-embedded-content\" sandbox=\"allow-scripts\" security=\"restricted\" style=\"position: absolute; clip: rect(1px, 1px, 1px, 1px);\" title=\"\u00ab\u00a0Albums photos en ligne\u00a0\u00bb &#8212; Dioc&egrave;se la Rochelle\" src=\"https:\/\/catholiques17.fr\/albums-photos-du-diocese\/embed\/#?secret=6t1kzGxd8g#?secret=BGyLvbNhrm\" data-secret=\"BGyLvbNhrm\" width=\"600\" height=\"338\" frameborder=\"0\" marginwidth=\"0\" marginheight=\"0\" scrolling=\"no\"><\/iframe>\n<\/div><\/figure>\n<\/div>\n\n\n\n<div style=\"height:100px\" aria-hidden=\"true\" class=\"wp-block-spacer\"><\/div>\n","protected":false},"excerpt":{"rendered":"<p>C&rsquo;est \u00e0 l&rsquo;occasion de la f\u00eate de la Nativit\u00e9 de la Vierge Marie que la messe d&rsquo;installation des S\u0153urs au monast\u00e8re de Nieul s\/mer a \u00e9t\u00e9 c\u00e9l\u00e9br\u00e9e. Une page se [&hellip;]<\/p>\n","protected":false},"author":4,"featured_media":8748,"comment_status":"open","ping_status":"open","sticky":false,"template":"","format":"standard","meta":{"_et_pb_use_builder":"off","_et_pb_old_content":"","_et_gb_content_width":"","footnotes":""},"categories":[6,40],"tags":[],"class_list":["post-8747","post","type-post","status-publish","format-standard","has-post-thumbnail","hentry","category-actualite","category-vie-religieuse"],"_links":{"self":[{"href":"https:\/\/catholiques17.fr\/nieul\/wp-json\/wp\/v2\/posts\/8747","targetHints":{"allow":["GET"]}}],"collection":[{"href":"https:\/\/catholiques17.fr\/nieul\/wp-json\/wp\/v2\/posts"}],"about":[{"href":"https:\/\/catholiques17.fr\/nieul\/wp-json\/wp\/v2\/types\/post"}],"author":[{"embeddable":true,"href":"https:\/\/catholiques17.fr\/nieul\/wp-json\/wp\/v2\/users\/4"}],"replies":[{"embeddable":true,"href":"https:\/\/catholiques17.fr\/nieul\/wp-json\/wp\/v2\/comments?post=8747"}],"version-history":[{"count":3,"href":"https:\/\/catholiques17.fr\/nieul\/wp-json\/wp\/v2\/posts\/8747\/revisions"}],"predecessor-version":[{"id":8754,"href":"https:\/\/catholiques17.fr\/nieul\/wp-json\/wp\/v2\/posts\/8747\/revisions\/8754"}],"wp:featuredmedia":[{"embeddable":true,"href":"https:\/\/catholiques17.fr\/nieul\/wp-json\/wp\/v2\/media\/8748"}],"wp:attachment":[{"href":"https:\/\/catholiques17.fr\/nieul\/wp-json\/wp\/v2\/media?parent=8747"}],"wp:term":[{"taxonomy":"category","embeddable":true,"href":"https:\/\/catholiques17.fr\/nieul\/wp-json\/wp\/v2\/categories?post=8747"},{"taxonomy":"post_tag","embeddable":true,"href":"https:\/\/catholiques17.fr\/nieul\/wp-json\/wp\/v2\/tags?post=8747"}],"curies":[{"name":"wp","href":"https:\/\/api.w.org\/{rel}","templated":true}]}}