{"id":8720,"date":"2023-09-01T15:30:25","date_gmt":"2023-09-01T13:30:25","guid":{"rendered":"https:\/\/catholiques17.fr\/nieul\/?p=8720"},"modified":"2023-09-01T15:30:29","modified_gmt":"2023-09-01T13:30:29","slug":"intention-de-priere-du-pape-pour-le-mois-de-septembre","status":"publish","type":"post","link":"https:\/\/catholiques17.fr\/nieul\/intention-de-priere-du-pape-pour-le-mois-de-septembre\/","title":{"rendered":"Intention de pri\u00e8re du Pape pour le mois de Septembre"},"content":{"rendered":"\n<div style=\"height:71px\" aria-hidden=\"true\" class=\"wp-block-spacer\"><\/div>\n\n\n\n<h2 class=\"wp-block-heading has-text-align-center\">Le Pape nous invite ce mois-ci \u00e0 prier pour les personnes qui vivent en marge de la soci\u00e9t\u00e9. L\u2019\u00e9ventail de ces personnes est large. Tous les pauvres, les migrants, les malades, les personnes \u00e2g\u00e9es ou celles au parcours de vie bris\u00e9e ne sont pas n\u00e9cessairement en marge. Parmi eux, il y en a. C\u2019est vers ces personnes que nous nous tournons. Concr\u00e8tement, chacun peut regarder dans son entourage quelles sont celles concern\u00e9es, et voir comment sa pri\u00e8re peut se faire inventive.<\/h2>\n\n\n\n<div style=\"height:57px\" aria-hidden=\"true\" class=\"wp-block-spacer\"><\/div>\n\n\n\n<figure class=\"wp-block-embed aligncenter is-type-video is-provider-youtube wp-block-embed-youtube wp-embed-aspect-16-9 wp-has-aspect-ratio\"><div class=\"wp-block-embed__wrapper\">\n<iframe loading=\"lazy\" title=\"Pour les personnes qui vivent en marge de la soci\u00e9t\u00e9 \u2013 La Vid\u00e9o du Pape 9 \u2013 Septembre 2023\" width=\"1080\" height=\"608\" src=\"https:\/\/www.youtube.com\/embed\/hBQxKbaE614?feature=oembed\"  allow=\"accelerometer; autoplay; clipboard-write; encrypted-media; gyroscope; picture-in-picture; web-share\" allowfullscreen><\/iframe>\n<\/div><\/figure>\n\n\n\n<div style=\"height:58px\" aria-hidden=\"true\" class=\"wp-block-spacer\"><\/div>\n\n\n\n<p><\/p>\n\n\n\n<p>Les soci\u00e9t\u00e9s dans lesquelles nous vivons sont aussi questionn\u00e9es. Comment sont-elles construites pour permettre \u00e0 chacun d\u2019avoir une vraie place&nbsp;? Nous le savons, l\u2019\u00eatre humain est fragile et cherche \u00e0 ne pas se retrouver \u00e0 la marge ou, pire, exclu. Ce mouvement spontan\u00e9, p\u00e9tri de peur, induit la loi du plus fort. Elle porte en elle un principe d\u2019exclusion. L\u2019attention premi\u00e8re \u00e0 la personne fragile ou en difficult\u00e9 est le contrepoison sans lequel il n\u2019y a pas de progr\u00e8s social ni de soci\u00e9t\u00e9 juste.<\/p>\n\n\n\n<p>Les institutions peuvent mettre en place des dispositifs pour aider ceux qui se retrouvent en difficult\u00e9. Cette g\u00e9n\u00e9rosit\u00e9, n\u00e9cessaire, doit aussi s\u2019interroger. Vise-t-elle une r\u00e9elle int\u00e9gration, une r\u00e9ciprocit\u00e9 dans les relations, est-elle respectueuse de la dignit\u00e9 des personnes&nbsp;? Penser \u00e0 leur place ne respecte pas la r\u00e9ciprocit\u00e9. Les associer \u00e0 trouver des solutions est n\u00e9cessaire.<\/p>\n\n\n\n<p>Les conditions de vie inhumaines font penser \u00e0 des situations extr\u00eames o\u00f9 la vie est menac\u00e9e \u00e0 court ou moyen terme. Elles sont nombreuses dans le monde. Notre pri\u00e8re s\u2019inscrit sur ce paysage de fond, qui donne la mesure des enjeux. Ce que nous pouvons faire, ici, chacun \u00e0 notre mesure, a d\u2019autant plus de prix. Les soci\u00e9t\u00e9s sont faites d\u2019individus. C\u2019est \u00e0 partir d\u2019eux que le changement est possible. Que le Seigneur nous donne un c\u0153ur sage et fort pour l\u2019accomplir.<\/p>\n\n\n\n<p><em><strong>Daniel R\u00e9gent sj<\/strong><br>directeur du R\u00e9seau Mondial de Pri\u00e8re du Pape France<\/em><\/p>\n\n\n\n<div style=\"height:62px\" aria-hidden=\"true\" class=\"wp-block-spacer\"><\/div>\n\n\n\n<div class=\"wp-block-columns is-layout-flex wp-container-core-columns-is-layout-9d6595d7 wp-block-columns-is-layout-flex\">\n<div class=\"wp-block-column is-layout-flow wp-block-column-is-layout-flow\">\n<figure class=\"wp-block-image aligncenter size-full\"><a href=\"https:\/\/catholiques17.fr\/nieul\/wp-content\/uploads\/sites\/29\/2023\/09\/Intention2.jpg\"><img loading=\"lazy\" decoding=\"async\" width=\"656\" height=\"459\" src=\"https:\/\/catholiques17.fr\/nieul\/wp-content\/uploads\/sites\/29\/2023\/09\/Intention2.jpg\" alt=\"\" class=\"wp-image-8723\" srcset=\"https:\/\/catholiques17.fr\/nieul\/wp-content\/uploads\/sites\/29\/2023\/09\/Intention2.jpg 656w, https:\/\/catholiques17.fr\/nieul\/wp-content\/uploads\/sites\/29\/2023\/09\/Intention2-480x336.jpg 480w\" sizes=\"(min-width: 0px) and (max-width: 480px) 480px, (min-width: 481px) 656px, 100vw\" \/><\/a><\/figure>\n\n\n\n<figure class=\"wp-block-image aligncenter size-full\"><a href=\"https:\/\/catholiques17.fr\/nieul\/wp-content\/uploads\/sites\/29\/2023\/09\/Intention4.jpg\"><img loading=\"lazy\" decoding=\"async\" width=\"656\" height=\"526\" src=\"https:\/\/catholiques17.fr\/nieul\/wp-content\/uploads\/sites\/29\/2023\/09\/Intention4.jpg\" alt=\"\" class=\"wp-image-8725\" srcset=\"https:\/\/catholiques17.fr\/nieul\/wp-content\/uploads\/sites\/29\/2023\/09\/Intention4.jpg 656w, https:\/\/catholiques17.fr\/nieul\/wp-content\/uploads\/sites\/29\/2023\/09\/Intention4-480x385.jpg 480w\" sizes=\"(min-width: 0px) and (max-width: 480px) 480px, (min-width: 481px) 656px, 100vw\" \/><\/a><\/figure>\n<\/div>\n\n\n\n<div class=\"wp-block-column is-layout-flow wp-block-column-is-layout-flow\">\n<figure class=\"wp-block-image aligncenter size-full\"><a href=\"https:\/\/catholiques17.fr\/nieul\/wp-content\/uploads\/sites\/29\/2023\/09\/Intention3.jpg\"><img loading=\"lazy\" decoding=\"async\" width=\"656\" height=\"735\" src=\"https:\/\/catholiques17.fr\/nieul\/wp-content\/uploads\/sites\/29\/2023\/09\/Intention3.jpg\" alt=\"\" class=\"wp-image-8724\" srcset=\"https:\/\/catholiques17.fr\/nieul\/wp-content\/uploads\/sites\/29\/2023\/09\/Intention3.jpg 656w, https:\/\/catholiques17.fr\/nieul\/wp-content\/uploads\/sites\/29\/2023\/09\/Intention3-480x538.jpg 480w\" sizes=\"(min-width: 0px) and (max-width: 480px) 480px, (min-width: 481px) 656px, 100vw\" \/><\/a><\/figure>\n<\/div>\n<\/div>\n\n\n\n<div style=\"height:100px\" aria-hidden=\"true\" class=\"wp-block-spacer\"><\/div>\n","protected":false},"excerpt":{"rendered":"<p>Le Pape nous invite ce mois-ci \u00e0 prier pour les personnes qui vivent en marge de la soci\u00e9t\u00e9. L\u2019\u00e9ventail de ces personnes est large. Tous les pauvres, les migrants, les [&hellip;]<\/p>\n","protected":false},"author":4,"featured_media":8721,"comment_status":"open","ping_status":"open","sticky":false,"template":"","format":"standard","meta":{"_et_pb_use_builder":"off","_et_pb_old_content":"","_et_gb_content_width":"","footnotes":""},"categories":[6,21,22],"tags":[],"class_list":["post-8720","post","type-post","status-publish","format-standard","has-post-thumbnail","hentry","category-actualite","category-eglise-universelle","category-pape-francois"],"_links":{"self":[{"href":"https:\/\/catholiques17.fr\/nieul\/wp-json\/wp\/v2\/posts\/8720","targetHints":{"allow":["GET"]}}],"collection":[{"href":"https:\/\/catholiques17.fr\/nieul\/wp-json\/wp\/v2\/posts"}],"about":[{"href":"https:\/\/catholiques17.fr\/nieul\/wp-json\/wp\/v2\/types\/post"}],"author":[{"embeddable":true,"href":"https:\/\/catholiques17.fr\/nieul\/wp-json\/wp\/v2\/users\/4"}],"replies":[{"embeddable":true,"href":"https:\/\/catholiques17.fr\/nieul\/wp-json\/wp\/v2\/comments?post=8720"}],"version-history":[{"count":2,"href":"https:\/\/catholiques17.fr\/nieul\/wp-json\/wp\/v2\/posts\/8720\/revisions"}],"predecessor-version":[{"id":8727,"href":"https:\/\/catholiques17.fr\/nieul\/wp-json\/wp\/v2\/posts\/8720\/revisions\/8727"}],"wp:featuredmedia":[{"embeddable":true,"href":"https:\/\/catholiques17.fr\/nieul\/wp-json\/wp\/v2\/media\/8721"}],"wp:attachment":[{"href":"https:\/\/catholiques17.fr\/nieul\/wp-json\/wp\/v2\/media?parent=8720"}],"wp:term":[{"taxonomy":"category","embeddable":true,"href":"https:\/\/catholiques17.fr\/nieul\/wp-json\/wp\/v2\/categories?post=8720"},{"taxonomy":"post_tag","embeddable":true,"href":"https:\/\/catholiques17.fr\/nieul\/wp-json\/wp\/v2\/tags?post=8720"}],"curies":[{"name":"wp","href":"https:\/\/api.w.org\/{rel}","templated":true}]}}