{"id":8615,"date":"2023-07-14T09:24:49","date_gmt":"2023-07-14T07:24:49","guid":{"rendered":"https:\/\/catholiques17.fr\/nieul\/?p=8615"},"modified":"2023-07-14T09:25:58","modified_gmt":"2023-07-14T07:25:58","slug":"intention-de-priere-du-pape-pour-le-mois-de-juillet","status":"publish","type":"post","link":"https:\/\/catholiques17.fr\/nieul\/intention-de-priere-du-pape-pour-le-mois-de-juillet\/","title":{"rendered":"Intention de pri\u00e8re du Pape pour le mois de Juillet"},"content":{"rendered":"\n<div style=\"height:69px\" aria-hidden=\"true\" class=\"wp-block-spacer\"><\/div>\n\n\n\n<h2 class=\"wp-block-heading\">Prions afin que les catholiques mettent au centre de leur vie l\u2019Eucharistie qui transforme en profondeur les relations humaines et ouvre \u00e0 la rencontre avec Dieu et avec les fr\u00e8res et s\u0153urs.<\/h2>\n\n\n\n<p>Pape Fran\u00e7ois \u2013 Juillet 2023<\/p>\n\n\n\n<div style=\"height:51px\" aria-hidden=\"true\" class=\"wp-block-spacer\"><\/div>\n\n\n\n<figure class=\"wp-block-embed aligncenter is-type-video is-provider-youtube wp-block-embed-youtube wp-embed-aspect-16-9 wp-has-aspect-ratio\"><div class=\"wp-block-embed__wrapper\">\n<iframe loading=\"lazy\" title=\"Pour une vie eucharistique \u2013 La Vid\u00e9o du Pape 7 \u2013 Juillet 2023\" width=\"1080\" height=\"608\" src=\"https:\/\/www.youtube.com\/embed\/MzpxHePAvoU?feature=oembed\"  allow=\"accelerometer; autoplay; clipboard-write; encrypted-media; gyroscope; picture-in-picture; web-share\" allowfullscreen><\/iframe>\n<\/div><\/figure>\n\n\n\n<div style=\"height:100px\" aria-hidden=\"true\" class=\"wp-block-spacer\"><\/div>\n\n\n\n<blockquote class=\"wp-block-quote has-text-align-center has-white-color has-text-color has-background is-layout-flow wp-block-quote-is-layout-flow\" style=\"background-color:#095b83\">\n<p><\/p>\n\n\n\n<p class=\"has-text-align-center\">\u00ab\u00a0<em>Si vous quittez la messe de la m\u00eame fa\u00e7on que vous y \u00eates entr\u00e9s, c\u2019est que quelque chose ne va pas.<br>L\u2019Eucharistie est la pr\u00e9sence de J\u00e9sus. Elle est profond\u00e9ment transformatrice. J\u00e9sus vient et vous transforme.<br>En elle, c\u2019est le Christ qui s\u2019offre, qui se donne pour nous, qui nous invite \u00e0 laisser notre vie se nourrir de lui et \u00e0 nourrir la vie de nos fr\u00e8res et s\u0153urs. La c\u00e9l\u00e9bration de l\u2019Eucharistie est une rencontre avec J\u00e9sus ressuscit\u00e9 et, en m\u00eame temps, une mani\u00e8re de nous ouvrir au monde comme Il nous l\u2019a enseign\u00e9.<br>Chaque fois que nous participons \u00e0 une Eucharistie, J\u00e9sus vient et J\u00e9sus nous donne la force d\u2019aimer comme Il a aim\u00e9.<br>Parce qu\u2019elle nous donne le courage d\u2019aller \u00e0 la rencontre de l\u2019autre, de sortir de nous-m\u00eames                                                                  et de nous ouvrir avec amour aux autres.<br>Prions afin que les catholiques mettent au centre de leur vie la c\u00e9l\u00e9bration de l\u2019Eucharistie qui transforme les relations humaines et ouvre \u00e0 la rencontre avec Dieu et avec les fr\u00e8res et s\u0153urs.<\/em>\u00ab\u00a0<\/p>\n\n\n\n<p><\/p>\n\n\n\n<p class=\"has-small-font-size\"><em>Pape Fran\u00e7ois<\/em><\/p>\n<\/blockquote>\n\n\n\n<p><\/p>\n\n\n\n<p><\/p>\n\n\n\n<div style=\"height:38px\" aria-hidden=\"true\" class=\"wp-block-spacer\"><\/div>\n\n\n\n<h2 class=\"wp-block-heading\"><strong>S\u2019ouvrir \u00e0 J\u00e9sus, s\u2019ouvrir au monde : <\/strong><strong>Fran\u00e7ois nous invite \u00e0 mettre l\u2019Eucharistie au centre de notre vie<\/strong><\/h2>\n\n\n\n<ul class=\"wp-block-list\">\n<li><em>La nouvelle <\/em><strong><em>Vid\u00e9o du Pape<\/em><\/strong><em> nous invite \u00e0 mettre la c\u00e9l\u00e9bration de l\u2019Eucharistie au centre de notre vie : \u00ab\u00a0L\u2019Eucharistie est la pr\u00e9sence de J\u00e9sus. Elle est profond\u00e9ment transformatrice\u00a0\u00bb.<\/em><\/li>\n\n\n\n<li><strong><em>Fran\u00e7ois<\/em><\/strong><em> affirme que l\u2019Eucharistie est ce qui \u00ab&nbsp;nous donne le courage d\u2019aller \u00e0 la rencontre de l\u2019autre, de sortir de nous-m\u00eames et de nous ouvrir avec amour aux autres&nbsp;\u00bb.<\/em><\/li>\n\n\n\n<li><em>En expliquant que \u00ab&nbsp;c\u2019est le Christ qui s\u2019offre&nbsp;\u00bb dans l\u2019Eucharistie, <\/em><strong><em>Fran\u00e7ois<\/em><\/strong><em> nous invite \u00ab&nbsp;\u00e0 laisser notre vie se nourrir de lui et \u00e0 nourrir la vie de nos fr\u00e8res et s\u0153urs&nbsp;\u00bb.<\/em><\/li>\n<\/ul>\n\n\n\n<p>(Cit\u00e9 du Vatican, 3 Juillet 2023) \u2013 \u00ab\u00a0Si vous quittez la messe de la m\u00eame fa\u00e7on que vous y \u00eates entr\u00e9s, c\u2019est que quelque chose ne va pas\u00a0\u00bb, commence ainsi le Pape Fran\u00e7ois dans cette Vid\u00e9o du Pape. Dans sa nouvelle intention de pri\u00e8re, confi\u00e9e \u00e0 l\u2019ensemble de l\u2019\u00c9glise catholique \u00e0 travers le R\u00e9seau Mondial de Pri\u00e8re du Pape, le Saint-P\u00e8re nous invite \u00e0 placer l\u2019Eucharistie au centre de notre vie. Il nous invite \u00e0 consid\u00e9rer cette c\u00e9l\u00e9bration non pas comme une obligation rituelle, mais plut\u00f4t comme une rencontre avec J\u00e9sus ressuscit\u00e9, car \u00ab\u00a0l\u2019Eucharistie est la pr\u00e9sence de J\u00e9sus\u00a0\u00bb, qui est \u00ab\u00a0profond\u00e9ment transformatrice\u00a0\u00bb. C\u2019est ainsi que, dans cette vid\u00e9o, Fran\u00e7ois insiste sur le fait que \u00ab\u00a0c\u2019est le Christ qui s\u2019offre, qui se donne pour nous\u00a0\u00bb, ce qui doit nous conduire \u00e0 \u00ab\u00a0laisser notre vie se nourrir de lui et \u00e0 nourrir la vie de nos fr\u00e8res et s\u0153urs\u00a0\u00bb.<\/p>\n\n\n\n<h3 class=\"wp-block-heading\"><strong>Rendre l\u2019amour&nbsp;<\/strong><\/h3>\n\n\n\n<p>C\u2019est ce qui arrive aux personnages de la vid\u00e9o de ce mois-ci : trois fid\u00e8les qui, \u00e0 la fin de la Messe, apportent l\u2019Eucharistie \u00e0 leurs fr\u00e8res et s\u0153urs dans le besoin, \u00e0 l\u2019ext\u00e9rieur de l\u2019\u00e9glise, en leur rendant l\u2019amour et le don de soi qu\u2019ils ont re\u00e7us dans le sacrement. Les sc\u00e8nes de la vie quotidienne se d\u00e9roulent dans la ville am\u00e9ricaine de D\u00e9troit : c\u2019est, en effet, gr\u00e2ce \u00e0 l\u2019aide de l\u2019Archidioc\u00e8se de D\u00e9troit que la Vid\u00e9o du Pape du mois de juillet a pu \u00eatre r\u00e9alis\u00e9e. Cette collaboration n\u2019est pas un hasard, comme l\u2019explique ainsi l\u2019archev\u00eaque Allen H. Vigneron : \u00ab\u00a0Nous sommes profond\u00e9ment reconnaissants de l\u2019occasion qui nous est donn\u00e9e de soutenir le Saint-P\u00e8re et son initiative La Vid\u00e9o du Pape. Et nous sommes tout particuli\u00e8rement honor\u00e9s de produire cette vid\u00e9o sur l\u2019Eucharistie. Le moment est providentiel, car notre archidioc\u00e8se et tous les dioc\u00e8ses des \u00c9tats-Unis sont engag\u00e9s dans un renouveau eucharistique pour restaurer la compr\u00e9hension et la d\u00e9votion \u00e0 J\u00e9sus-Christ dans le Saint-Sacrement. Nous prions afin que cette vid\u00e9o soit une invitation convaincante pour nous tous, dans l\u2019\u00c9glise universelle, \u00e0 rencontrer J\u00e9sus et \u00e0 le remercier pour le pr\u00e9cieux don qu\u2019il nous fait de lui-m\u00eame dans l\u2019Eucharistie.<\/p>\n\n\n\n<h3 class=\"wp-block-heading\"><strong>Sortir de soi, s\u2019ouvrir aux autres<\/strong><\/h3>\n\n\n\n<p>Dans cette Vid\u00e9o du Pape, Fran\u00e7ois explique \u00ab\u00a0la logique de l\u2019Eucharistie\u00a0\u00bb, qui \u00ab\u00a0nous donne le courage d\u2019aller \u00e0 la rencontre de l\u2019autre, de sortir de nous-m\u00eames et de nous ouvrir avec amour aux autres\u00a0\u00bb. Il l\u2019avait \u00e9galement indiqu\u00e9 lors d\u2019un Ang\u00e9lus en Juin 2021, en soulignant que J\u00e9sus, \u00ab\u00a0\u00e0 l\u2019apog\u00e9e de sa vie, ne distribue pas le pain en abondance pour nourrir les foules, mais il se rompt lui-m\u00eame lors de la c\u00e8ne pascale avec ses disciples\u00a0\u00bb. De cette mani\u00e8re, avait ainsi poursuivi Fran\u00e7ois, J\u00e9sus nous montre que \u00ab\u00a0le but de la vie consiste \u00e0 se donner, que la plus grande chose est servir\u00a0\u00bb. C\u2019est pourquoi il nous encourage \u00e0 Le rencontrer dans l\u2019Eucharistie, car c\u2019est l\u00e0 que nous est donn\u00e9e la capacit\u00e9 d\u2019aimer les autres et de nous laisser transformer par eux.<\/p>\n\n\n\n<h3 class=\"wp-block-heading\"><strong>L\u2019Eucharistie au centre<\/strong><\/h3>\n\n\n\n<p>Le P\u00e8re Fr\u00e9d\u00e9ric Fornos S.J., directeur international du R\u00e9seau Mondial de Pri\u00e8re du Pape, a comment\u00e9 cette intention de pri\u00e8re de la fa\u00e7on suivante : \u00ab\u00a0Une fois de plus, Fran\u00e7ois nous rappelle o\u00f9 mettre l\u2019accent, \u00e0 savoir ce qui est r\u00e9ellement important dans notre vie. L\u2019Eucharistie est une rencontre avec J\u00e9sus ressuscit\u00e9, nous dit-il. J\u00e9sus-Christ souhaite nous transformer, nous donner sa capacit\u00e9 d\u2019aimer, au service de sa mission. Combien de fois r\u00e9duisons-nous la messe \u00e0 un rituel, \u00e0 l\u2019hom\u00e9lie du pr\u00eatre ou \u00e0 la communion ? C\u2019est \u00e0 cette rencontre personnelle et communautaire avec le Ressuscit\u00e9 que nous invite notre Mouvement Eucharistique des Jeunes (MEJ), la branche jeunes du R\u00e9seau Mondial de Pri\u00e8re du Pape. Lorsque nous nous laissons transformer par J\u00e9sus-Christ dans l\u2019Eucharistie, nous assimilons son mode de vie et nous souhaitons partager sa mission de compassion pour le monde. Accompagnons le Saint-P\u00e8re ce mois-ci avec cette intention de pri\u00e8re pour nous rapprocher encore plus de cette exp\u00e9rience transformatrice\u00a0\u00bb.<\/p>\n\n\n\n<div style=\"height:63px\" aria-hidden=\"true\" class=\"wp-block-spacer\"><\/div>\n\n\n\n<div class=\"wp-block-columns is-layout-flex wp-container-core-columns-is-layout-9d6595d7 wp-block-columns-is-layout-flex\">\n<div class=\"wp-block-column is-layout-flow wp-block-column-is-layout-flow\">\n<figure class=\"wp-block-image aligncenter size-full\"><img loading=\"lazy\" decoding=\"async\" width=\"487\" height=\"800\" src=\"https:\/\/catholiques17.fr\/nieul\/wp-content\/uploads\/sites\/29\/2023\/07\/2.jpg\" alt=\"\" class=\"wp-image-8617\" srcset=\"https:\/\/catholiques17.fr\/nieul\/wp-content\/uploads\/sites\/29\/2023\/07\/2.jpg 487w, https:\/\/catholiques17.fr\/nieul\/wp-content\/uploads\/sites\/29\/2023\/07\/2-480x789.jpg 480w\" sizes=\"(min-width: 0px) and (max-width: 480px) 480px, (min-width: 481px) 487px, 100vw\" \/><\/figure>\n<\/div>\n\n\n\n<div class=\"wp-block-column is-layout-flow wp-block-column-is-layout-flow\">\n<figure class=\"wp-block-image aligncenter size-full\"><img loading=\"lazy\" decoding=\"async\" width=\"561\" height=\"580\" src=\"https:\/\/catholiques17.fr\/nieul\/wp-content\/uploads\/sites\/29\/2023\/07\/3.jpg\" alt=\"\" class=\"wp-image-8616\" srcset=\"https:\/\/catholiques17.fr\/nieul\/wp-content\/uploads\/sites\/29\/2023\/07\/3.jpg 561w, https:\/\/catholiques17.fr\/nieul\/wp-content\/uploads\/sites\/29\/2023\/07\/3-480x496.jpg 480w\" sizes=\"(min-width: 0px) and (max-width: 480px) 480px, (min-width: 481px) 561px, 100vw\" \/><\/figure>\n<\/div>\n<\/div>\n\n\n\n<div style=\"height:100px\" aria-hidden=\"true\" class=\"wp-block-spacer\"><\/div>\n","protected":false},"excerpt":{"rendered":"<p>Prions afin que les catholiques mettent au centre de leur vie l\u2019Eucharistie qui transforme en profondeur les relations humaines et ouvre \u00e0 la rencontre avec Dieu et avec les fr\u00e8res [&hellip;]<\/p>\n","protected":false},"author":4,"featured_media":8618,"comment_status":"open","ping_status":"open","sticky":false,"template":"","format":"standard","meta":{"_et_pb_use_builder":"off","_et_pb_old_content":"","_et_gb_content_width":"","footnotes":""},"categories":[6,21,22],"tags":[],"class_list":["post-8615","post","type-post","status-publish","format-standard","has-post-thumbnail","hentry","category-actualite","category-eglise-universelle","category-pape-francois"],"_links":{"self":[{"href":"https:\/\/catholiques17.fr\/nieul\/wp-json\/wp\/v2\/posts\/8615","targetHints":{"allow":["GET"]}}],"collection":[{"href":"https:\/\/catholiques17.fr\/nieul\/wp-json\/wp\/v2\/posts"}],"about":[{"href":"https:\/\/catholiques17.fr\/nieul\/wp-json\/wp\/v2\/types\/post"}],"author":[{"embeddable":true,"href":"https:\/\/catholiques17.fr\/nieul\/wp-json\/wp\/v2\/users\/4"}],"replies":[{"embeddable":true,"href":"https:\/\/catholiques17.fr\/nieul\/wp-json\/wp\/v2\/comments?post=8615"}],"version-history":[{"count":3,"href":"https:\/\/catholiques17.fr\/nieul\/wp-json\/wp\/v2\/posts\/8615\/revisions"}],"predecessor-version":[{"id":8621,"href":"https:\/\/catholiques17.fr\/nieul\/wp-json\/wp\/v2\/posts\/8615\/revisions\/8621"}],"wp:featuredmedia":[{"embeddable":true,"href":"https:\/\/catholiques17.fr\/nieul\/wp-json\/wp\/v2\/media\/8618"}],"wp:attachment":[{"href":"https:\/\/catholiques17.fr\/nieul\/wp-json\/wp\/v2\/media?parent=8615"}],"wp:term":[{"taxonomy":"category","embeddable":true,"href":"https:\/\/catholiques17.fr\/nieul\/wp-json\/wp\/v2\/categories?post=8615"},{"taxonomy":"post_tag","embeddable":true,"href":"https:\/\/catholiques17.fr\/nieul\/wp-json\/wp\/v2\/tags?post=8615"}],"curies":[{"name":"wp","href":"https:\/\/api.w.org\/{rel}","templated":true}]}}