{"id":8595,"date":"2023-06-25T08:01:12","date_gmt":"2023-06-25T06:01:12","guid":{"rendered":"https:\/\/catholiques17.fr\/nieul\/?p=8595"},"modified":"2023-06-25T08:08:05","modified_gmt":"2023-06-25T06:08:05","slug":"des-enfants-de-la-paroisse-presents-au-rassemblement-enfants-de-dieu","status":"publish","type":"post","link":"https:\/\/catholiques17.fr\/nieul\/des-enfants-de-la-paroisse-presents-au-rassemblement-enfants-de-dieu\/","title":{"rendered":"Des enfants de la paroisse pr\u00e9sents au rassemblement \u00ab\u00a0Enfants de Dieu\u00a0\u00bb"},"content":{"rendered":"<p>[et_pb_section fb_built=\u00a0\u00bb1&Prime; _builder_version=\u00a0\u00bb4.16&Prime; global_colors_info=\u00a0\u00bb{}\u00a0\u00bb theme_builder_area=\u00a0\u00bbpost_content\u00a0\u00bb][et_pb_row _builder_version=\u00a0\u00bb4.16&Prime; background_size=\u00a0\u00bbinitial\u00a0\u00bb background_position=\u00a0\u00bbtop_left\u00a0\u00bb background_repeat=\u00a0\u00bbrepeat\u00a0\u00bb custom_padding=\u00a0\u00bb7px|||||\u00a0\u00bb global_colors_info=\u00a0\u00bb{}\u00a0\u00bb theme_builder_area=\u00a0\u00bbpost_content\u00a0\u00bb][et_pb_column type=\u00a0\u00bb4_4&Prime; _builder_version=\u00a0\u00bb4.16&Prime; custom_padding=\u00a0\u00bb|||\u00a0\u00bb global_colors_info=\u00a0\u00bb{}\u00a0\u00bb custom_padding__hover=\u00a0\u00bb|||\u00a0\u00bb theme_builder_area=\u00a0\u00bbpost_content\u00a0\u00bb][et_pb_text _builder_version=\u00a0\u00bb4.21.0&Prime; background_size=\u00a0\u00bbinitial\u00a0\u00bb background_position=\u00a0\u00bbtop_left\u00a0\u00bb background_repeat=\u00a0\u00bbrepeat\u00a0\u00bb global_colors_info=\u00a0\u00bb{}\u00a0\u00bb theme_builder_area=\u00a0\u00bbpost_content\u00a0\u00bb]<!-- divi:spacer {\"height\":\"59px\"} --><!-- \/divi:spacer --><!-- divi:paragraph --><\/p>\n<p>Plusieurs enfants de notre paroisse et de Puilboreau-St Xandre ont particip\u00e9 le 17 juin au grand rassemblement dioc\u00e9sain des enfants du cat\u00e9 \u00e0 Sablonceaux. Des centaines d&rsquo;enfants, leurs cat\u00e9chistes et parfois leurs parents (venus renforcer l&rsquo;encadrement de tout ce petit monde !) ont v\u00e9cu cette chaude journ\u00e9e sur les traces de St Paul.<\/p>\n<p>&nbsp;<\/p>\n<p><!-- \/divi:paragraph --><!-- divi:paragraph --><\/p>\n<p>En effet, apr\u00e8s un temps d&rsquo;accueil musical et rythm\u00e9, suivi de l&rsquo;\u00e9coute de la Parole de Dieu et d&rsquo;un temps de pri\u00e8re, les enfants ont d\u00e9couvert l&rsquo;histoire de la conversion de St Paul. S&rsquo;en est suivi un grand jeu, menant chaque \u00e9quipe dans les villes du bassin m\u00e9diterran\u00e9en, afin de d\u00e9couvrir l&rsquo;histoire des premiers chr\u00e9tiens, leurs difficult\u00e9s et leurs joies, et de r\u00e9flechir \u00e0 la fa\u00e7on dont cela faisait \u00e9cho dans leur vie d&rsquo;aujourd&rsquo;hui. Chaque atelier proposait un extrait des Actes des ap\u00f4tres, un temps d&rsquo;\u00e9change et une activit\u00e9 ludique en rapport avec ce qui venait d&rsquo;\u00eatre d\u00e9couvert.<\/p>\n<p>&nbsp;<\/p>\n<p><!-- \/divi:paragraph --><!-- divi:paragraph --><\/p>\n<p>En parall\u00e8le, les enfants ont \u00e9galement particip\u00e9 \u00e0 la r\u00e9alisation d&rsquo;une grande fresque et ont contribu\u00e9 \u00e0 l&rsquo;enregistrement d&rsquo;une \u00e9mission RCF (\u00e0 \u00e9couter ci-dessous).<\/p>\n<p>&nbsp;<\/p>\n<p><!-- \/divi:paragraph --><!-- divi:paragraph --><\/p>\n<p>La journ\u00e9e s&rsquo;est termin\u00e9 par la c\u00e9l\u00e9bration de l&rsquo;eucharistie dans l&rsquo;abbatiale : \u00e0 l&rsquo;image de l&rsquo;\u00e9glise construite de leurs mains au d\u00e9but de la messe, les enfants nous ont montr\u00e9 avec force et vitalit\u00e9 qu&rsquo;ils participaient avec joie \u00e0 l&rsquo;Eglise d&rsquo;aujourd&rsquo;hui !<\/p>\n<p>&nbsp;<\/p>\n<p><!-- \/divi:paragraph --><!-- divi:spacer {\"height\":\"55px\"} --><!-- \/divi:spacer -->[\/et_pb_text][\/et_pb_column][\/et_pb_row][et_pb_row _builder_version=\u00a0\u00bb4.21.0&Prime; _module_preset=\u00a0\u00bbdefault\u00a0\u00bb global_colors_info=\u00a0\u00bb{}\u00a0\u00bb theme_builder_area=\u00a0\u00bbpost_content\u00a0\u00bb][et_pb_column type=\u00a0\u00bb4_4&Prime; _builder_version=\u00a0\u00bb4.21.0&Prime; _module_preset=\u00a0\u00bbdefault\u00a0\u00bb global_colors_info=\u00a0\u00bb{}\u00a0\u00bb theme_builder_area=\u00a0\u00bbpost_content\u00a0\u00bb][et_pb_icon font_icon=\u00a0\u00bb&#xf51d;||fa||900&Prime; _builder_version=\u00a0\u00bb4.21.0&Prime; _module_preset=\u00a0\u00bbdefault\u00a0\u00bb global_colors_info=\u00a0\u00bb{}\u00a0\u00bb theme_builder_area=\u00a0\u00bbpost_content\u00a0\u00bb][\/et_pb_icon][\/et_pb_column][\/et_pb_row][et_pb_row _builder_version=\u00a0\u00bb4.21.0&Prime; _module_preset=\u00a0\u00bbdefault\u00a0\u00bb global_colors_info=\u00a0\u00bb{}\u00a0\u00bb theme_builder_area=\u00a0\u00bbpost_content\u00a0\u00bb][et_pb_column type=\u00a0\u00bb4_4&Prime; _builder_version=\u00a0\u00bb4.21.0&Prime; _module_preset=\u00a0\u00bbdefault\u00a0\u00bb global_colors_info=\u00a0\u00bb{}\u00a0\u00bb theme_builder_area=\u00a0\u00bbpost_content\u00a0\u00bb][et_pb_button button_url=\u00a0\u00bbhttps:\/\/photos.google.com\/share\/AF1QipO6qtpAglBMKDi8EBJ8eZOnY_07_0vNjfSnncq0lckQA_iRfjEq0VeAtaEd3wHFtw?key=cjRJR2w2Q2xPYUZ6Rk1PbVVQWktKYlJVX3ZQVi1n\u00a0\u00bb url_new_window=\u00a0\u00bbon\u00a0\u00bb button_text=\u00a0\u00bbJe d\u00e9couvre les photos du rassemblement %22Enfants de Dieu\u00a0\u00bb button_alignment=\u00a0\u00bbcenter\u00a0\u00bb _builder_version=\u00a0\u00bb4.21.0&Prime; _module_preset=\u00a0\u00bbdefault\u00a0\u00bb custom_button=\u00a0\u00bbon\u00a0\u00bb button_border_radius=\u00a0\u00bb8px\u00a0\u00bb button_icon=\u00a0\u00bb&#xf1ae;||fa||900&Prime; global_colors_info=\u00a0\u00bb{}\u00a0\u00bb theme_builder_area=\u00a0\u00bbpost_content\u00a0\u00bb][\/et_pb_button][\/et_pb_column][\/et_pb_row][et_pb_row _builder_version=\u00a0\u00bb4.21.0&Prime; _module_preset=\u00a0\u00bbdefault\u00a0\u00bb global_colors_info=\u00a0\u00bb{}\u00a0\u00bb theme_builder_area=\u00a0\u00bbpost_content\u00a0\u00bb][et_pb_column type=\u00a0\u00bb4_4&Prime; _builder_version=\u00a0\u00bb4.21.0&Prime; _module_preset=\u00a0\u00bbdefault\u00a0\u00bb global_colors_info=\u00a0\u00bb{}\u00a0\u00bb theme_builder_area=\u00a0\u00bbpost_content\u00a0\u00bb][et_pb_code _builder_version=\u00a0\u00bb4.21.0&Prime; _module_preset=\u00a0\u00bbdefault\u00a0\u00bb global_colors_info=\u00a0\u00bb{}\u00a0\u00bb theme_builder_area=\u00a0\u00bbpost_content\u00a0\u00bb]<iframe allowfullscreen width=100% height=140px src=\"https:\/\/www.rcf.fr\/actualite\/mon-eglise-a-des-talents\/embed?episodeId=383854\"><\/iframe>[\/et_pb_code][\/et_pb_column][\/et_pb_row][\/et_pb_section]<\/p>\n","protected":false},"excerpt":{"rendered":"<p>Plusieurs enfants de notre paroisse et de Puilboreau-St Xandre ont particip\u00e9 le 17 juin au grand rassemblement dioc\u00e9sain des enfants du cat\u00e9 \u00e0 Sablonceaux. Des centaines d&rsquo;enfants, leurs cat\u00e9chistes et [&hellip;]<\/p>\n","protected":false},"author":4,"featured_media":8596,"comment_status":"open","ping_status":"open","sticky":false,"template":"","format":"standard","meta":{"_et_pb_use_builder":"on","_et_pb_old_content":"","_et_gb_content_width":"","footnotes":""},"categories":[6,29,23],"tags":[],"class_list":["post-8595","post","type-post","status-publish","format-standard","has-post-thumbnail","hentry","category-actualite","category-cate","category-diocese"],"_links":{"self":[{"href":"https:\/\/catholiques17.fr\/nieul\/wp-json\/wp\/v2\/posts\/8595","targetHints":{"allow":["GET"]}}],"collection":[{"href":"https:\/\/catholiques17.fr\/nieul\/wp-json\/wp\/v2\/posts"}],"about":[{"href":"https:\/\/catholiques17.fr\/nieul\/wp-json\/wp\/v2\/types\/post"}],"author":[{"embeddable":true,"href":"https:\/\/catholiques17.fr\/nieul\/wp-json\/wp\/v2\/users\/4"}],"replies":[{"embeddable":true,"href":"https:\/\/catholiques17.fr\/nieul\/wp-json\/wp\/v2\/comments?post=8595"}],"version-history":[{"count":5,"href":"https:\/\/catholiques17.fr\/nieul\/wp-json\/wp\/v2\/posts\/8595\/revisions"}],"predecessor-version":[{"id":8603,"href":"https:\/\/catholiques17.fr\/nieul\/wp-json\/wp\/v2\/posts\/8595\/revisions\/8603"}],"wp:featuredmedia":[{"embeddable":true,"href":"https:\/\/catholiques17.fr\/nieul\/wp-json\/wp\/v2\/media\/8596"}],"wp:attachment":[{"href":"https:\/\/catholiques17.fr\/nieul\/wp-json\/wp\/v2\/media?parent=8595"}],"wp:term":[{"taxonomy":"category","embeddable":true,"href":"https:\/\/catholiques17.fr\/nieul\/wp-json\/wp\/v2\/categories?post=8595"},{"taxonomy":"post_tag","embeddable":true,"href":"https:\/\/catholiques17.fr\/nieul\/wp-json\/wp\/v2\/tags?post=8595"}],"curies":[{"name":"wp","href":"https:\/\/api.w.org\/{rel}","templated":true}]}}