{"id":8539,"date":"2023-06-02T10:07:59","date_gmt":"2023-06-02T08:07:59","guid":{"rendered":"https:\/\/catholiques17.fr\/nieul\/?p=8539"},"modified":"2023-06-02T10:08:03","modified_gmt":"2023-06-02T08:08:03","slug":"intention-de-priere-du-pape-pour-le-mois-de-juin-2","status":"publish","type":"post","link":"https:\/\/catholiques17.fr\/nieul\/intention-de-priere-du-pape-pour-le-mois-de-juin-2\/","title":{"rendered":"Intention de pri\u00e8re du pape pour le mois de Juin"},"content":{"rendered":"\n<div style=\"height:75px\" aria-hidden=\"true\" class=\"wp-block-spacer\"><\/div>\n\n\n\n<h2 class=\"wp-block-heading\">En juin, le Pape nous invitera \u00e0 prier\u00a0<strong>\u00ab pour que la communaut\u00e9 internationale s\u2019engage concr\u00e8tement dans l\u2019abolition de la torture et assure un soutien aux victimes ainsi qu\u2019\u00e0 leurs familles. \u00bb<\/strong><\/h2>\n\n\n\n<div style=\"height:54px\" aria-hidden=\"true\" class=\"wp-block-spacer\"><\/div>\n\n\n\n<figure class=\"wp-block-embed aligncenter is-type-video is-provider-youtube wp-block-embed-youtube wp-embed-aspect-16-9 wp-has-aspect-ratio\"><div class=\"wp-block-embed__wrapper\">\n<iframe loading=\"lazy\" title=\"Pour l\u2019abolition de la torture \u2013 La Vid\u00e9o du Pape \u2013 Juin 2023\" width=\"1080\" height=\"608\" src=\"https:\/\/www.youtube.com\/embed\/d-k6DU8OqUQ?feature=oembed\"  allow=\"accelerometer; autoplay; clipboard-write; encrypted-media; gyroscope; picture-in-picture; web-share\" allowfullscreen><\/iframe>\n<\/div><\/figure>\n\n\n\n<div style=\"height:65px\" aria-hidden=\"true\" class=\"wp-block-spacer\"><\/div>\n\n\n\n<p>Si le pape demande de prier pour l\u2019abolition de la torture, c\u2019est qu\u2019elle se pratique. La convention de l\u2019ONU de 1984 contre la torture a \u00e9t\u00e9 ratifi\u00e9e \u00e0 ce jour par 173 \u00c9tats, mais il reste bien du chemin \u00e0 faire, m\u00eame dans les pays qui ont sign\u00e9. <strong>Recourir \u00e0 la torture pi\u00e9tine le respect fondamental de la personne<\/strong>, d\u00e9grade ceux qui la pratiquent et s\u00e8me dans le monde le poison qui incite \u00e0 la pratiquer en retour.<\/p>\n\n\n\n<p><strong>La torture est un mal intentionnel<\/strong> qui touche \u00e0 l\u2019int\u00e9grit\u00e9 physique, psychique, sociale et relationnelle des victimes. C\u2019est un traumatisme qui a des effets graves sur leur avenir. Une douleur intense est inflig\u00e9e pour obtenir des renseignements, des \u00ab&nbsp;aveux&nbsp;\u00bb, des avantages financiers, en humiliant, en brisant une r\u00e9sistance, en terrorisant. Elle est le fait d\u2019individus, de groupes, \u2013 mafias, cartels de la drogue, organisations terroristes -, et m\u00eame d\u2019\u00c9tats. Elle s\u2019organise avec des acteurs, des donneurs d\u2019ordres et des complicit\u00e9s. Par exemple, des bandes peuvent y soumettre des migrants pour ran\u00e7onner les familles rendues t\u00e9moins par t\u00e9l\u00e9phone de leur calvaire. Ceci peut se faire avec <strong>la passivit\u00e9 complice<\/strong> d\u2019\u00c9tats soucieux de limiter les migrations.<\/p>\n\n\n\n<p>Face \u00e0 cela, le pape tourne notre attention vers le plus universel&nbsp;: \u00ab&nbsp;la communaut\u00e9 internationale&nbsp;\u00bb, et vers le plus concret&nbsp;: \u00ab&nbsp;les victimes et leurs familles&nbsp;\u00bb. Le terme \u00ab&nbsp;communaut\u00e9 internationale&nbsp;\u00bb fait penser \u00e0 la concertation entre les pays et les continents au service de la paix, de la justice, du respect des droits de l\u2019homme. Cette concertation est possible parce qu\u2019<strong>il y a une conscience au c\u0153ur de l\u2019homme qui appelle au bien en r\u00e9sistant \u00e0 ce qui n\u2019est pas digne<\/strong>. C\u2019est cette force sup\u00e9rieure qu\u2019il faut invoquer et mobiliser pour contrecarrer les forces inf\u00e9rieures au travail dans le monde et en chacun. Les trait\u00e9s historiques sont n\u00e9cessaires mais pas suffisants pour parvenir \u00e0 \u00e9radiquer la torture. Il faut une volont\u00e9 de chaque jour. Se tourner vers les victimes et leurs familles, leur assurer soutien et compassion, agir aupr\u00e8s des \u00c9tats est le chemin concret pour <strong>dire non \u00e0 la torture et parvenir ensemble \u00e0 son abolition dans le monde.<\/strong><\/p>\n\n\n\n<p>Celui qui entre dans une \u00e9glise est accueilli par la repr\u00e9sentation de <strong>J\u00e9sus en croix<\/strong>. L\u2019artiste, selon sa sensibilit\u00e9 et l\u2019\u00e9poque, sculpte un tortur\u00e9, un homme endormi, un pestif\u00e9r\u00e9, un Vivant qui a travers\u00e9 la mort. Pour les chr\u00e9tiens, <strong>lever les yeux vers le crucifi\u00e9, tortur\u00e9, ressuscit\u00e9 est central<\/strong>. Il nous arrache \u00e0 la fascination de la violence et de la mort.<\/p>\n\n\n\n<p><strong>Qu\u2019au long de ce mois, le signe de la croix dispose notre c\u0153ur,<\/strong> dans la perspective du 26 juin, journ\u00e9e internationale pour l\u2019abolition de la torture et de soutien aux victimes. <\/p>\n\n\n\n<p><strong>Daniel R\u00e9gent sj.<\/strong><\/p>\n\n\n\n<p><a href=\"http:\/\/www.prieraucoeurdumonde.net\/\">R\u00e9seau Mondial de Pri\u00e8re du Pape France<\/a><\/p>\n\n\n\n<div style=\"height:100px\" aria-hidden=\"true\" class=\"wp-block-spacer\"><\/div>\n","protected":false},"excerpt":{"rendered":"<p>En juin, le Pape nous invitera \u00e0 prier\u00a0\u00ab pour que la communaut\u00e9 internationale s\u2019engage concr\u00e8tement dans l\u2019abolition de la torture et assure un soutien aux victimes ainsi qu\u2019\u00e0 leurs familles. [&hellip;]<\/p>\n","protected":false},"author":4,"featured_media":8540,"comment_status":"open","ping_status":"open","sticky":false,"template":"","format":"standard","meta":{"_et_pb_use_builder":"off","_et_pb_old_content":"","_et_gb_content_width":"","footnotes":""},"categories":[6,22],"tags":[],"class_list":["post-8539","post","type-post","status-publish","format-standard","has-post-thumbnail","hentry","category-actualite","category-pape-francois"],"_links":{"self":[{"href":"https:\/\/catholiques17.fr\/nieul\/wp-json\/wp\/v2\/posts\/8539","targetHints":{"allow":["GET"]}}],"collection":[{"href":"https:\/\/catholiques17.fr\/nieul\/wp-json\/wp\/v2\/posts"}],"about":[{"href":"https:\/\/catholiques17.fr\/nieul\/wp-json\/wp\/v2\/types\/post"}],"author":[{"embeddable":true,"href":"https:\/\/catholiques17.fr\/nieul\/wp-json\/wp\/v2\/users\/4"}],"replies":[{"embeddable":true,"href":"https:\/\/catholiques17.fr\/nieul\/wp-json\/wp\/v2\/comments?post=8539"}],"version-history":[{"count":1,"href":"https:\/\/catholiques17.fr\/nieul\/wp-json\/wp\/v2\/posts\/8539\/revisions"}],"predecessor-version":[{"id":8541,"href":"https:\/\/catholiques17.fr\/nieul\/wp-json\/wp\/v2\/posts\/8539\/revisions\/8541"}],"wp:featuredmedia":[{"embeddable":true,"href":"https:\/\/catholiques17.fr\/nieul\/wp-json\/wp\/v2\/media\/8540"}],"wp:attachment":[{"href":"https:\/\/catholiques17.fr\/nieul\/wp-json\/wp\/v2\/media?parent=8539"}],"wp:term":[{"taxonomy":"category","embeddable":true,"href":"https:\/\/catholiques17.fr\/nieul\/wp-json\/wp\/v2\/categories?post=8539"},{"taxonomy":"post_tag","embeddable":true,"href":"https:\/\/catholiques17.fr\/nieul\/wp-json\/wp\/v2\/tags?post=8539"}],"curies":[{"name":"wp","href":"https:\/\/api.w.org\/{rel}","templated":true}]}}