{"id":8484,"date":"2023-05-07T08:16:59","date_gmt":"2023-05-07T06:16:59","guid":{"rendered":"https:\/\/catholiques17.fr\/nieul\/?p=8484"},"modified":"2023-05-07T08:17:06","modified_gmt":"2023-05-07T06:17:06","slug":"intention-de-priere-du-pape-pour-le-mois-de-mai-2","status":"publish","type":"post","link":"https:\/\/catholiques17.fr\/nieul\/intention-de-priere-du-pape-pour-le-mois-de-mai-2\/","title":{"rendered":"Intention de pri\u00e8re du Pape pour le mois de Mai"},"content":{"rendered":"\n<div style=\"height:76px\" aria-hidden=\"true\" class=\"wp-block-spacer\"><\/div>\n\n\n\n<p>Une \u00c9glise vivante est une \u00c9glise en mouvement. Et les mouvements eccl\u00e9siaux, comme nous le dit Fran\u00e7ois dans la vid\u00e9o du mois de mai, r\u00e9alis\u00e9e par le R\u00e9seau Mondial de Pri\u00e8re du Pape, \u00ab sont un don, ils sont la richesse de l\u2019\u00c9glise \u00bb. De m\u00eame qu\u2019\u00e0 la Pentec\u00f4te, il y a deux mille ans, les ap\u00f4tres ont re\u00e7u le don d\u2019annoncer la R\u00e9surrection dans diff\u00e9rentes langues, de m\u00eame aujourd\u2019hui les mouvements et les groupes eccl\u00e9siaux \u2013 nous explique le Pape \u2013 parlent \u00ab des langues diff\u00e9rentes \u00bb et avec cr\u00e9ativit\u00e9 \u00ab ils red\u00e9couvrent chaque jour dans leur charisme de nouvelles mani\u00e8res de montrer l\u2019attrait et la nouveaut\u00e9 de l\u2019\u00c9vangile \u00bb. L\u2019\u00c9glise a besoin d\u2019eux, rappelle Fran\u00e7ois, qui les exhorte \u00e0 travailler \u00ab au service des \u00e9v\u00eaques et des paroisses pour \u00e9viter toute tentation de repli sur soi \u00bb. Et il prie pour qu\u2019ils \u00ab red\u00e9couvrent chaque jour leur mission, une mission \u00e9vang\u00e9lisatrice, en mettant leurs charismes au service des besoins du monde \u00bb.<\/p>\n\n\n\n<div style=\"height:59px\" aria-hidden=\"true\" class=\"wp-block-spacer\"><\/div>\n\n\n\n<figure class=\"wp-block-embed aligncenter is-type-video is-provider-youtube wp-block-embed-youtube wp-embed-aspect-16-9 wp-has-aspect-ratio\"><div class=\"wp-block-embed__wrapper\">\n<iframe loading=\"lazy\" title=\"Pour les mouvements et les groupes eccle\u0301siaux - La Vid\u00e9o du Pape 5 - Mai 2023\" width=\"1080\" height=\"608\" src=\"https:\/\/www.youtube.com\/embed\/d57iGZzkgA4?feature=oembed\"  allow=\"accelerometer; autoplay; clipboard-write; encrypted-media; gyroscope; picture-in-picture; web-share\" allowfullscreen><\/iframe>\n<\/div><\/figure>\n\n\n\n<div style=\"height:62px\" aria-hidden=\"true\" class=\"wp-block-spacer\"><\/div>\n\n\n\n<blockquote class=\"wp-block-quote is-layout-flow wp-block-quote-is-layout-flow\">\n<p>\u00ab\u00a0Les mouvements eccl\u00e9siaux sont un don, ils sont la richesse de l&rsquo;\u00c9glise ! Voil\u00e0 ce que vous \u00eates ! Les mouvements renouvellent l\u2019\u00c9glise par leur capacit\u00e9 de dialogue au service de la mission \u00e9vang\u00e9lisatrice. Ils red\u00e9couvrent chaque jour dans leur charisme de nouvelles mani\u00e8res de montrer l\u2019attrait et la nouveaut\u00e9 de l\u2019\u00c9vangile. Comment y parviennent-ils ? En parlant des langues diff\u00e9rentes. Elles semblent diff\u00e9rentes, mais c\u2019est la cr\u00e9ativit\u00e9 qui cr\u00e9e ces diff\u00e9rences. Tout en se comprenant toujours et en se faisant comprendre. Et en travaillant au service des \u00e9v\u00eaques et des paroisses pour \u00e9viter toute tentation de repli sur soi. Ce qui peut \u00eatre le danger, n\u2019est-ce pas ? Restez toujours en mouvement, en r\u00e9pondant \u00e0 l\u2019impulsion de l\u2019Esprit Saint, aux d\u00e9fis et aux changements du monde d\u2019aujourd\u2019hui. Restez dans l\u2019harmonie de l\u2019\u00c9glise, car l\u2019harmonie est un don de l\u2019Esprit Saint. Prions pour que les mouvements et les groupes eccl\u00e9siaux red\u00e9couvrent chaque jour leur mission, une mission \u00e9vang\u00e9lisatrice, en mettant leurs charismes au service des besoins du monde. Au service\u00a0\u00bb.<\/p>\n<cite>Pape Fran\u00e7ois, mai 2023<\/cite><\/blockquote>\n\n\n\n<div style=\"height:100px\" aria-hidden=\"true\" class=\"wp-block-spacer\"><\/div>\n","protected":false},"excerpt":{"rendered":"<p>Une \u00c9glise vivante est une \u00c9glise en mouvement. Et les mouvements eccl\u00e9siaux, comme nous le dit Fran\u00e7ois dans la vid\u00e9o du mois de mai, r\u00e9alis\u00e9e par le R\u00e9seau Mondial de [&hellip;]<\/p>\n","protected":false},"author":4,"featured_media":8483,"comment_status":"open","ping_status":"open","sticky":false,"template":"","format":"standard","meta":{"_et_pb_use_builder":"off","_et_pb_old_content":"","_et_gb_content_width":"","footnotes":""},"categories":[6,21,22],"tags":[],"class_list":["post-8484","post","type-post","status-publish","format-standard","has-post-thumbnail","hentry","category-actualite","category-eglise-universelle","category-pape-francois"],"_links":{"self":[{"href":"https:\/\/catholiques17.fr\/nieul\/wp-json\/wp\/v2\/posts\/8484","targetHints":{"allow":["GET"]}}],"collection":[{"href":"https:\/\/catholiques17.fr\/nieul\/wp-json\/wp\/v2\/posts"}],"about":[{"href":"https:\/\/catholiques17.fr\/nieul\/wp-json\/wp\/v2\/types\/post"}],"author":[{"embeddable":true,"href":"https:\/\/catholiques17.fr\/nieul\/wp-json\/wp\/v2\/users\/4"}],"replies":[{"embeddable":true,"href":"https:\/\/catholiques17.fr\/nieul\/wp-json\/wp\/v2\/comments?post=8484"}],"version-history":[{"count":2,"href":"https:\/\/catholiques17.fr\/nieul\/wp-json\/wp\/v2\/posts\/8484\/revisions"}],"predecessor-version":[{"id":8486,"href":"https:\/\/catholiques17.fr\/nieul\/wp-json\/wp\/v2\/posts\/8484\/revisions\/8486"}],"wp:featuredmedia":[{"embeddable":true,"href":"https:\/\/catholiques17.fr\/nieul\/wp-json\/wp\/v2\/media\/8483"}],"wp:attachment":[{"href":"https:\/\/catholiques17.fr\/nieul\/wp-json\/wp\/v2\/media?parent=8484"}],"wp:term":[{"taxonomy":"category","embeddable":true,"href":"https:\/\/catholiques17.fr\/nieul\/wp-json\/wp\/v2\/categories?post=8484"},{"taxonomy":"post_tag","embeddable":true,"href":"https:\/\/catholiques17.fr\/nieul\/wp-json\/wp\/v2\/tags?post=8484"}],"curies":[{"name":"wp","href":"https:\/\/api.w.org\/{rel}","templated":true}]}}