{"id":8378,"date":"2023-04-03T09:31:45","date_gmt":"2023-04-03T07:31:45","guid":{"rendered":"https:\/\/catholiques17.fr\/nieul\/?p=8378"},"modified":"2023-04-03T09:34:00","modified_gmt":"2023-04-03T07:34:00","slug":"intention-de-priere-du-pape-pour-le-mois-davril-2","status":"publish","type":"post","link":"https:\/\/catholiques17.fr\/nieul\/intention-de-priere-du-pape-pour-le-mois-davril-2\/","title":{"rendered":"Intention de pri\u00e8re du Pape pour le mois d&rsquo;avril"},"content":{"rendered":"\n<div style=\"height:52px\" aria-hidden=\"true\" class=\"wp-block-spacer\"><\/div>\n\n\n\n<p>Vivre, parler et agir sans violence, ce n\u2019est pas baisser les bras, ni perdre, ni renoncer \u00e0 quoi que ce soit. C\u2019est aspirer \u00e0 tout.<br>Comme le disait Saint Jean XXIII, il y a 60 ans, dans l\u2019encyclique Pacem in Terris, la guerre est une folie, elle d\u00e9passe toute raison.<br>Toute guerre, tout affrontement arm\u00e9, se termine toujours par une d\u00e9faite pour tous.<br>D\u00e9veloppons une culture de la paix.<br>Rappelons-nous que m\u00eame en cas de l\u00e9gitime d\u00e9fense, la paix est le but \u00e0 atteindre. Et qu\u2019une paix durable ne peut \u00eatre qu\u2019une paix sans armes.<br>Faisons de la non-violence, tant dans la vie quotidienne que dans les relations internationales, un guide pour nos actions.<br>Et prions pour une plus ample diffusion d\u2019une culture de la non-violence, qui signifie un recours moindre aux armes de la part des \u00c9tats comme des citoyens.<\/p>\n\n\n\n<figure class=\"wp-block-pullquote\"><blockquote><p>Prions pour une plus grande diffusion d\u2019une culture de la non-violence, qui signifie un recours moindre aux armes de la part des \u00c9tats comme des citoyens.<\/p><cite><strong>Pape fran\u00e7ois, avril 2023<\/strong><\/cite><\/blockquote><\/figure>\n\n\n\n<div style=\"height:41px\" aria-hidden=\"true\" class=\"wp-block-spacer\"><\/div>\n\n\n\n<figure class=\"wp-block-embed aligncenter is-type-video is-provider-youtube wp-block-embed-youtube wp-embed-aspect-16-9 wp-has-aspect-ratio\"><div class=\"wp-block-embed__wrapper\">\n<iframe loading=\"lazy\" title=\"Pour une culture de la non-violence \u2013 La Vid\u00e9o du Pape 4  \u2013 Avril 2023\" width=\"1080\" height=\"608\" src=\"https:\/\/www.youtube.com\/embed\/JmyIEGi13Wo?feature=oembed\"  allow=\"accelerometer; autoplay; clipboard-write; encrypted-media; gyroscope; picture-in-picture; web-share\" allowfullscreen><\/iframe>\n<\/div><\/figure>\n\n\n\n<div style=\"height:67px\" aria-hidden=\"true\" class=\"wp-block-spacer\"><\/div>\n\n\n\n<p>Le 11 Avril marque le 60\u00e8me anniversaire de la publication de l\u2019encyclique <strong><em>Pacem in terris<\/em><\/strong>, \u00e9crite par le <strong>Pape Jean XXIII<\/strong> et qui est sous-titr\u00e9e de la mani\u00e8re suivante&nbsp;: \u00ab&nbsp;Sur la paix entre toutes les nations,&nbsp;fond\u00e9e sur la v\u00e9rit\u00e9, la justice, la charit\u00e9, la libert\u00e9&nbsp;\u00bb. Dans la vid\u00e9o de ce mois-ci, <strong>Fran\u00e7ois<\/strong> renouvelle ce message avec vigueur, soulignant que \u00ab&nbsp;la guerre est une folie, elle d\u00e9passe toute raison&nbsp;\u00bb.<\/p>\n\n\n\n<p>Cette phrase d\u2019il y a soixante ans, cit\u00e9e par <strong>Fran\u00e7ois<\/strong> dans le message qui accompagne son intention de pri\u00e8re, est plus que jamais d\u2019actualit\u00e9, tout comme les t\u00e9moignages laiss\u00e9s par certaines des personnes qui ont sem\u00e9 des graines de paix au si\u00e8cle dernier : saint Jean XXIII, bien s\u00fbr, mais \u00e9galement le Mahatma Gandhi, Martin Luther King, sainte Teresa de Calcutta. Dans La Vid\u00e9o du Pape de ce mois-ci, leurs portraits en noir et blanc apparaissent au milieu des sc\u00e8nes de destruction caus\u00e9es par la violence d\u2019aujourd\u2019hui : de la guerre en Ukraine \u00e0 celle au Moyen-Orient, en passant par les affrontements et les fusillades, y compris dans les pays les plus riches tels que les \u00c9tats-Unis. Si les t\u00e9moins n\u2019ont certes pas fait d\u00e9faut, en d\u00e9finitive, le monde n\u2019a pas encore appris la le\u00e7on fondamentale, \u00e0 savoir que \u00ab\u00a0toute guerre, tout affrontement arm\u00e9, se termine toujours par une d\u00e9faite pour tous\u00a0\u00bb.<\/p>\n\n\n\n<p><\/p>\n\n\n\n<h3 class=\"wp-block-heading\"><strong>La paix est le but \u00e0 atteindre<\/strong><\/h3>\n\n\n\n<p>Un article publi\u00e9 par Amnesty International, concernant les donn\u00e9es et les statistiques relatives \u00e0 l\u2019utilisation des armes \u00e0 feu entre 2012 et 2016, r\u00e9v\u00e8le un \u00e9chantillon de ce qui d\u00e9rive d\u2019une culture de la violence : par exemple, plus de 500 personnes meurent chaque jour des suites de la violence arm\u00e9e et 2000 sont, en moyenne, bless\u00e9es. En outre, 44% des homicides dans le monde sont commis avec des armes \u00e0 feu. Cette situation est directement li\u00e9e \u00e0 l\u2019industrie de l\u2019armement : 8 millions d\u2019armes de poing sont produites chaque ann\u00e9e, ainsi que 15 milliards de munitions. En ce qui concerne les conflits arm\u00e9s, <strong>Action contre la Violence Arm\u00e9e<\/strong> (Action on Armed Violence, AOAV) souligne que les perspectives pour 2023 ne sont pas encourageantes : de nouvelles confrontations, en particulier, l\u2019invasion russe de l\u2019Ukraine et l\u2019\u00e9clatement des conflits en Asie, s\u2019ajoutent aux affrontements et aux luttes arm\u00e9es qui sont en cours dans la Corne de l\u2019Afrique ainsi qu\u2019au Moyen-Orient.&nbsp;<\/p>\n\n\n\n<p>Le seul chemin possible afin de mettre fin \u00e0 cet assaut est de rechercher et de mettre en \u0153uvre, aussi bien au niveau local qu\u2019international, les moyens d\u2019un v\u00e9ritable dialogue et de faire de la \u00ab\u00a0non-violence\u00a0\u00bb, \u00ab\u00a0un guide pour nos actions\u00a0\u00bb. Ce message fait \u00e9cho aux propos tenus par le <strong>Pape Jean XXIII<\/strong>, il y a 60 ans : \u00ab\u00a0L\u2019\u0153uvre de la violence a toujours consist\u00e9 \u00e0 abattre, jamais \u00e0 construire ; \u00e0 exasp\u00e9rer les passions, jamais \u00e0 les apaiser. G\u00e9n\u00e9ratrice de haine et de d\u00e9sastre, au lieu de r\u00e9unir fraternellement, elle jette hommes et partis dans la dure n\u00e9cessit\u00e9 de reconstruire lentement, apr\u00e8s de douloureuses \u00e9preuves, sur les ruines amoncel\u00e9es par la discorde \u00bb.\u00a0<\/p>\n\n\n\n<p><\/p>\n\n\n\n<h3 class=\"wp-block-heading\"><strong>La paix sans les armes<\/strong><\/h3>\n\n\n\n<p>\u00c0 un moment de l\u2019histoire marqu\u00e9 par le conflit en Ukraine qui a impliqu\u00e9, cette derni\u00e8re ann\u00e9e, un grand nombre de pays, Fran\u00e7ois rappelle que, m\u00eame en cas de l\u00e9gitime d\u00e9fense, le but \u00e0 atteindre doit toujours \u00eatre la paix : m\u00eame lorsque cette paix, comme aujourd\u2019hui, semble lointaine. Mais \u00ab\u00a0une paix durable\u00a0\u00bb, ajoute-t-il, \u00ab\u00a0ne peut \u00eatre qu\u2019une paix sans armes\u00a0\u00bb, et c\u2019est pourquoi il insiste sur le th\u00e8me du d\u00e9sarmement, qui lui est cher, \u00e0 tous les niveaux, y compris au sein de la soci\u00e9t\u00e9 : \u00ab\u00a0la culture de la non-violence\u00a0\u00bb, conclut-il dans son intention de pri\u00e8re, \u00ab\u00a0signifie un recours moindre aux armes de la part des \u00c9tats comme des citoyens\u00a0\u00bb.<\/p>\n\n\n\n<div style=\"height:44px\" aria-hidden=\"true\" class=\"wp-block-spacer\"><\/div>\n\n\n\n<figure class=\"wp-block-image aligncenter size-full\"><a href=\"https:\/\/catholiques17.fr\/nieul\/wp-content\/uploads\/sites\/29\/2023\/04\/Non-violence.jpg\"><img loading=\"lazy\" decoding=\"async\" width=\"537\" height=\"800\" src=\"https:\/\/catholiques17.fr\/nieul\/wp-content\/uploads\/sites\/29\/2023\/04\/Non-violence.jpg\" alt=\"\" class=\"wp-image-8382\" srcset=\"https:\/\/catholiques17.fr\/nieul\/wp-content\/uploads\/sites\/29\/2023\/04\/Non-violence.jpg 537w, https:\/\/catholiques17.fr\/nieul\/wp-content\/uploads\/sites\/29\/2023\/04\/Non-violence-480x715.jpg 480w\" sizes=\"(min-width: 0px) and (max-width: 480px) 480px, (min-width: 481px) 537px, 100vw\" \/><\/a><\/figure>\n\n\n\n<div style=\"height:100px\" aria-hidden=\"true\" class=\"wp-block-spacer\"><\/div>\n","protected":false},"excerpt":{"rendered":"<p>Vivre, parler et agir sans violence, ce n\u2019est pas baisser les bras, ni perdre, ni renoncer \u00e0 quoi que ce soit. C\u2019est aspirer \u00e0 tout.Comme le disait Saint Jean XXIII, [&hellip;]<\/p>\n","protected":false},"author":4,"featured_media":8379,"comment_status":"open","ping_status":"open","sticky":false,"template":"","format":"standard","meta":{"_et_pb_use_builder":"off","_et_pb_old_content":"","_et_gb_content_width":"","footnotes":""},"categories":[6,22],"tags":[],"class_list":["post-8378","post","type-post","status-publish","format-standard","has-post-thumbnail","hentry","category-actualite","category-pape-francois"],"_links":{"self":[{"href":"https:\/\/catholiques17.fr\/nieul\/wp-json\/wp\/v2\/posts\/8378","targetHints":{"allow":["GET"]}}],"collection":[{"href":"https:\/\/catholiques17.fr\/nieul\/wp-json\/wp\/v2\/posts"}],"about":[{"href":"https:\/\/catholiques17.fr\/nieul\/wp-json\/wp\/v2\/types\/post"}],"author":[{"embeddable":true,"href":"https:\/\/catholiques17.fr\/nieul\/wp-json\/wp\/v2\/users\/4"}],"replies":[{"embeddable":true,"href":"https:\/\/catholiques17.fr\/nieul\/wp-json\/wp\/v2\/comments?post=8378"}],"version-history":[{"count":2,"href":"https:\/\/catholiques17.fr\/nieul\/wp-json\/wp\/v2\/posts\/8378\/revisions"}],"predecessor-version":[{"id":8383,"href":"https:\/\/catholiques17.fr\/nieul\/wp-json\/wp\/v2\/posts\/8378\/revisions\/8383"}],"wp:featuredmedia":[{"embeddable":true,"href":"https:\/\/catholiques17.fr\/nieul\/wp-json\/wp\/v2\/media\/8379"}],"wp:attachment":[{"href":"https:\/\/catholiques17.fr\/nieul\/wp-json\/wp\/v2\/media?parent=8378"}],"wp:term":[{"taxonomy":"category","embeddable":true,"href":"https:\/\/catholiques17.fr\/nieul\/wp-json\/wp\/v2\/categories?post=8378"},{"taxonomy":"post_tag","embeddable":true,"href":"https:\/\/catholiques17.fr\/nieul\/wp-json\/wp\/v2\/tags?post=8378"}],"curies":[{"name":"wp","href":"https:\/\/api.w.org\/{rel}","templated":true}]}}