{"id":8367,"date":"2023-03-29T12:10:21","date_gmt":"2023-03-29T10:10:21","guid":{"rendered":"https:\/\/catholiques17.fr\/nieul\/?p=8367"},"modified":"2023-03-29T12:10:23","modified_gmt":"2023-03-29T10:10:23","slug":"monsieur-le-cure-fait-sa-crise","status":"publish","type":"post","link":"https:\/\/catholiques17.fr\/nieul\/monsieur-le-cure-fait-sa-crise\/","title":{"rendered":"Monsieur le cur\u00e9 fait sa crise !"},"content":{"rendered":"\n<div style=\"height:59px\" aria-hidden=\"true\" class=\"wp-block-spacer\"><\/div>\n\n\n\n<p>Le lundi saint, 3 avril 2023, les pr\u00eatres et les diacres du dioc\u00e8se se retrouvent pour une journ\u00e9e fraternelle \u00e0 La Rochelle. Cette ann\u00e9e, ils assisteront \u00e0 une pi\u00e8ce de th\u00e9\u00e2tre, tir\u00e9e du livre de Jean Mercier Monsieur le Cur\u00e9 fait sa crise. Ce sera l\u2019occasion de r\u00e9fl\u00e9chir \u00e0 la vie des pr\u00eatres, \u00e0 leur vocation, \u00e0 leur collaboration avec les la\u00efcs, \u00e0 la synodalit\u00e9 dans l\u2019Eglise\u2026 <strong>Tous ceux qui le souhaitent sont invit\u00e9s \u00e0 assister \u00e0 cette pi\u00e8ce, qui sera jou\u00e9e avant la messe chrismale.<\/strong><\/p>\n\n\n\n<div style=\"height:32px\" aria-hidden=\"true\" class=\"wp-block-spacer\"><\/div>\n\n\n\n<h2 class=\"has-text-align-center wp-block-heading\"><strong>Spectacle le 3 avril 2023 \u00e0 16h<\/strong><br><strong>\u00e0 l\u2019\u00e9glise Notre-Dame de Cougnes de La Rochelle<\/strong><\/h2>\n\n\n\n<div style=\"height:41px\" aria-hidden=\"true\" class=\"wp-block-spacer\"><\/div>\n\n\n\n<figure class=\"wp-block-embed aligncenter is-type-video is-provider-youtube wp-block-embed-youtube wp-embed-aspect-16-9 wp-has-aspect-ratio\"><div class=\"wp-block-embed__wrapper\">\n<iframe loading=\"lazy\" title=\"Le spectacle \u00ab Monsieur le cur\u00e9 fait sa crise \u00bb\" width=\"1080\" height=\"608\" src=\"https:\/\/www.youtube.com\/embed\/L7leOUOmY3Q?feature=oembed\"  allow=\"accelerometer; autoplay; clipboard-write; encrypted-media; gyroscope; picture-in-picture; web-share\" allowfullscreen><\/iframe>\n<\/div><\/figure>\n\n\n\n<div style=\"height:100px\" aria-hidden=\"true\" class=\"wp-block-spacer\"><\/div>\n\n\n\n<figure class=\"wp-block-pullquote\"><blockquote><p>L\u2019abb\u00e9 Benjamin Bucquoy n\u2019en peut plus : les bonnes dames de la paroisse se d\u00e9testent, une p\u00e9tition est lanc\u00e9e contre lui, son \u00e9v\u00eaque ne l\u2019\u00e9coute plus\u2026 Quand il apprend que le poste dont il r\u00eavait est offert \u00e0 un autre, il craque\u2026et dispara\u00eet. C\u2019est le d\u00e9but d\u2019une aventure tendre et lumineuse o\u00f9 derri\u00e8re le comique des situations perce un questionnement de fond : quel est le c\u0153ur de notre vocation, comment y rester fid\u00e8le malgr\u00e9 la lourdeur du quotidien ?<\/p><cite>Dur\u00e9e : 1h30. Tous publics.<br>Mise en sc\u00e8ne : Mehdi Djaadi<br>Com\u00e9dien : Reynold de Guenyveau<\/cite><\/blockquote><\/figure>\n\n\n\n<div style=\"height:61px\" aria-hidden=\"true\" class=\"wp-block-spacer\"><\/div>\n\n\n\n<div class=\"wp-block-buttons is-content-justification-center is-layout-flex wp-container-core-buttons-is-layout-16018d1d wp-block-buttons-is-layout-flex\">\n<div class=\"wp-block-button\"><a class=\"wp-block-button__link has-luminous-vivid-orange-background-color has-background wp-element-button\" href=\"https:\/\/www.billetweb.fr\/mlecure-larochelle\" target=\"_blank\" rel=\"noreferrer noopener\">R\u00e9servez votre place en ligne<\/a><\/div>\n<\/div>\n\n\n\n<div style=\"height:100px\" aria-hidden=\"true\" class=\"wp-block-spacer\"><\/div>\n","protected":false},"excerpt":{"rendered":"<p>Le lundi saint, 3 avril 2023, les pr\u00eatres et les diacres du dioc\u00e8se se retrouvent pour une journ\u00e9e fraternelle \u00e0 La Rochelle. Cette ann\u00e9e, ils assisteront \u00e0 une pi\u00e8ce de [&hellip;]<\/p>\n","protected":false},"author":4,"featured_media":8368,"comment_status":"open","ping_status":"open","sticky":false,"template":"","format":"standard","meta":{"_et_pb_use_builder":"off","_et_pb_old_content":"","_et_gb_content_width":"","footnotes":""},"categories":[6,31,23],"tags":[],"class_list":["post-8367","post","type-post","status-publish","format-standard","has-post-thumbnail","hentry","category-actualite","category-culture","category-diocese"],"_links":{"self":[{"href":"https:\/\/catholiques17.fr\/nieul\/wp-json\/wp\/v2\/posts\/8367","targetHints":{"allow":["GET"]}}],"collection":[{"href":"https:\/\/catholiques17.fr\/nieul\/wp-json\/wp\/v2\/posts"}],"about":[{"href":"https:\/\/catholiques17.fr\/nieul\/wp-json\/wp\/v2\/types\/post"}],"author":[{"embeddable":true,"href":"https:\/\/catholiques17.fr\/nieul\/wp-json\/wp\/v2\/users\/4"}],"replies":[{"embeddable":true,"href":"https:\/\/catholiques17.fr\/nieul\/wp-json\/wp\/v2\/comments?post=8367"}],"version-history":[{"count":3,"href":"https:\/\/catholiques17.fr\/nieul\/wp-json\/wp\/v2\/posts\/8367\/revisions"}],"predecessor-version":[{"id":8371,"href":"https:\/\/catholiques17.fr\/nieul\/wp-json\/wp\/v2\/posts\/8367\/revisions\/8371"}],"wp:featuredmedia":[{"embeddable":true,"href":"https:\/\/catholiques17.fr\/nieul\/wp-json\/wp\/v2\/media\/8368"}],"wp:attachment":[{"href":"https:\/\/catholiques17.fr\/nieul\/wp-json\/wp\/v2\/media?parent=8367"}],"wp:term":[{"taxonomy":"category","embeddable":true,"href":"https:\/\/catholiques17.fr\/nieul\/wp-json\/wp\/v2\/categories?post=8367"},{"taxonomy":"post_tag","embeddable":true,"href":"https:\/\/catholiques17.fr\/nieul\/wp-json\/wp\/v2\/tags?post=8367"}],"curies":[{"name":"wp","href":"https:\/\/api.w.org\/{rel}","templated":true}]}}