{"id":8248,"date":"2023-03-02T16:50:14","date_gmt":"2023-03-02T15:50:14","guid":{"rendered":"https:\/\/catholiques17.fr\/nieul\/?p=8248"},"modified":"2023-03-08T09:29:27","modified_gmt":"2023-03-08T08:29:27","slug":"intention-de-priere-du-pape-pour-le-mois-de-mars","status":"publish","type":"post","link":"https:\/\/catholiques17.fr\/nieul\/intention-de-priere-du-pape-pour-le-mois-de-mars\/","title":{"rendered":"Intention de pri\u00e8re du Pape pour le mois de Mars"},"content":{"rendered":"\n<div style=\"height:51px\" aria-hidden=\"true\" class=\"wp-block-spacer\"><\/div>\n\n\n\n<blockquote class=\"wp-block-quote has-text-color is-layout-flow wp-block-quote-is-layout-flow\" style=\"color:#9b51e0f5\">\n<p class=\"has-text-color\" style=\"color:#9b51e0eb\">Pour les victimes d\u2019abus.<br>Prions pour tous ceux qui souffrent \u00e0 cause du mal commis par des membres de la communaut\u00e9 eccl\u00e9siale : afin qu\u2019ils puissent trouver dans l\u2019\u00c9glise elle-m\u00eame une r\u00e9ponse concr\u00e8te \u00e0 leur douleur et \u00e0 leur souffrance.<\/p>\n<cite>Pape Fran\u00e7ois<\/cite><\/blockquote>\n\n\n\n<div style=\"height:69px\" aria-hidden=\"true\" class=\"wp-block-spacer\"><\/div>\n\n\n\n<figure class=\"wp-block-embed aligncenter is-type-video is-provider-youtube wp-block-embed-youtube wp-embed-aspect-16-9 wp-has-aspect-ratio\"><div class=\"wp-block-embed__wrapper\">\n<iframe loading=\"lazy\" title=\"Pour les victimes d\u2019abus \u2013 La Vid\u00e9o du Pape 3 \u2013 Mars 2023\" width=\"1080\" height=\"608\" src=\"https:\/\/www.youtube.com\/embed\/_QkCpsV7XJM?feature=oembed\"  allow=\"accelerometer; autoplay; clipboard-write; encrypted-media; gyroscope; picture-in-picture; web-share\" allowfullscreen><\/iframe>\n<\/div><\/figure>\n\n\n\n<div style=\"height:46px\" aria-hidden=\"true\" class=\"wp-block-spacer\"><\/div>\n\n\n\n<hr class=\"wp-block-separator has-text-color has-luminous-vivid-orange-color has-alpha-channel-opacity has-luminous-vivid-orange-background-color has-background is-style-wide\"\/>\n\n\n\n<div style=\"height:39px\" aria-hidden=\"true\" class=\"wp-block-spacer\"><\/div>\n\n\n\n<p>En mars 2021, les \u00e9v\u00eaques fran\u00e7ais r\u00e9unis en Assembl\u00e9e pl\u00e9ni\u00e8re ont d\u00e9cid\u00e9 de consacrer une journ\u00e9e \u00e0 la m\u00e9moire de ces faits et \u00e0 la pri\u00e8re pour les personnes victimes, chaque ann\u00e9e. Cette&nbsp;<strong>Journ\u00e9e de pri\u00e8re pour les personnes victimes de violences et agressions sexuelles et d\u2019abus de pouvoir et de conscience au sein de l\u2019\u00c9glise<\/strong>&nbsp;a lieu le vendredi de la 3\u00e8me semaine de Car\u00eame. En 2023, ce sera le 17 mars.<\/p>\n\n\n\n<p><\/p>\n\n\n\n<div class=\"wp-block-divi-layout\">[et_pb_section admin_label=\u00a0\u00bbsection\u00a0\u00bb][et_pb_row admin_label=\u00a0\u00bbrow\u00a0\u00bb][\/et_pb_row][\/et_pb_section]<\/div>\n\n\n\n<blockquote class=\"wp-block-quote has-text-color is-layout-flow wp-block-quote-is-layout-flow\" style=\"color:#9b51e0ed\">\n<p class=\"has-white-color has-text-color has-background\" style=\"background-color:#9b51e0b8\">Quelle retenue dans l\u2019intention du pape \u00ab&nbsp;pour les victimes d\u2019abus&nbsp;\u00bb&nbsp;! Les mots m\u00eames du titre ne se retrouvent pas dans le texte. Qui sont les victimes&nbsp;? Des enfants, des adultes&nbsp;? Quels maux sont point\u00e9s&nbsp;? Des violences sexuelles, des abus d\u2019autorit\u00e9, de la manipulation, un silence complice&nbsp;? Qui en sont les auteurs&nbsp;? Des pr\u00eatres, des religieux, des consacr\u00e9s&nbsp;? Cherchez dans la communaut\u00e9 eccl\u00e9siale&nbsp;! Que signifie \u00ab&nbsp;r\u00e9ponse concr\u00e8te&nbsp;\u00bb&nbsp;? Une \u00e9coute, une indemnit\u00e9 financi\u00e8re, des c\u00e9l\u00e9brations de demande de pardon, des protocoles rigoureux pour l\u2019avenir&nbsp;? Ce n\u2019est pas pr\u00e9cis\u00e9. Il est difficile d\u2019ouvrir plus large le champ d\u00e9sign\u00e9 dans le titre et chaque agression s\u2019estompe dans le lointain du paysage. D\u2019aucuns voudront reconna\u00eetre l\u00e0 le langage de buis eccl\u00e9sial qui ne veux pas appeler un chat un chat, qui banalise ainsi les actes commis et inflige de nouvelles blessures \u00e0 cause de son insignifiance.<\/p>\n\n\n\n<p class=\"has-white-color has-text-color has-background\" style=\"background-color:#9b51e0b8\">Le pape n\u2019instruit pas ici un proc\u00e8s, il invite \u00e0 la pri\u00e8re pour tous ceux qui souffrent et cherche \u00e0 ouvrir un chemin. Il conna\u00eet la gravit\u00e9 de ce qui s\u2019est pass\u00e9 et se passe dans l\u2019\u00c9glise. Lui-m\u00eame a pu penser que des accusations \u00e9taient fausses&nbsp;; mieux inform\u00e9, il a demand\u00e9 pardon. Il n\u2019est pas \u00e0 l\u2019abri de pouvoir blesser des gens.<\/p>\n\n\n\n<p class=\"has-white-color has-text-color has-background\" style=\"background-color:#9b51e0b8\">Les souffrances et les blessures ne sont pas comparables. S\u2019il peut y avoir une certaine objectivit\u00e9 du mal commis, chacun le ressent \u00e0 l\u2019intime d\u2019une mani\u00e8re unique et en partie indicible. Les premiers \u00e0 qui il faut penser sont les enfants dont l\u2019innocence a \u00e9t\u00e9 pi\u00e9tin\u00e9e&nbsp;; celles et ceux dont la confiance a \u00e9t\u00e9 trahie. Qu\u2019ils puissent trouver des mots et des oreilles attentives pour dire ce qui cherche \u00e0 venir au jour pour enfin sortir de la mort. Il y a aussi la souffrance des proches. Il y a la col\u00e8re de ceux qui sont d\u00e9go\u00fbt\u00e9s. D\u2019une mani\u00e8re diff\u00e9rente, il y a la souffrance de ceux qui savent qu\u2019ils ont bless\u00e9, la souffrance de ceux qui avaient la responsabilit\u00e9 d\u2019intervenir et qui ne l\u2019ont pas fait ou qui l\u2019ont mal fait. Il y a la souffrance \u00e9prouv\u00e9e \u00e0 cause de la trahison du message \u00e9vang\u00e9lique, \u00e0 cause de l\u2019\u00c9glise salie. Il y a enfin la souffrance de compassion pour tant de victimes.<\/p>\n\n\n\n<p class=\"has-white-color has-text-color has-background\" style=\"background-color:#9b51e0b8\">Dans le mot \u2018tous\u2019 utilis\u00e9 par le pape, entendons que personne ne sort indemne de ces maux. Qui n\u2019a pas \u00e9t\u00e9 bless\u00e9, qui n\u2019a pas \u00e9t\u00e9 offenseur&nbsp;? \u2018Tous\u2019, c\u2019est l\u2019\u00c9glise enti\u00e8re, et c\u2019est chacun parce que chacun est l\u2019\u00c9glise \u00e0 la place qui est la sienne. Qu\u2019un immense cri silencieux nous saisisse \u2018tous\u2019&nbsp;! Seul le silence peut dire \u00e0 la fois la souffrance, la honte, l\u2019horreur, le d\u00e9go\u00fbt, la demande de pardon. La mise en croix de J\u00e9sus est contemporaine. Elle s\u2019accomplit au c\u0153ur de son \u00c9glise en toutes les victimes d\u2019abus. J\u00e9sus en sa souffrance les rejoint toutes. Avec Pierre, avec le pape, qu\u2019il soit aussi donn\u00e9 \u00e0 tous de pleurer am\u00e8rement en croisant le regard du Bien-Aim\u00e9. Alors l\u2019\u00c9glise elle-m\u00eame, victime en ses victimes, coupable en ses coupables, trouvera une r\u00e9ponse concr\u00e8te en Celui qui la sauve.<\/p>\n<cite><strong>Daniel R\u00e9gent sj.<\/strong> &#8211; <a href=\"https:\/\/www.prieraucoeurdumonde.net\/\">R\u00e9seau Mondial de Pri\u00e8re du Pape<\/a><\/cite><\/blockquote>\n\n\n\n<div style=\"height:100px\" aria-hidden=\"true\" class=\"wp-block-spacer\"><\/div>\n","protected":false},"excerpt":{"rendered":"<p>Pour les victimes d\u2019abus.Prions pour tous ceux qui souffrent \u00e0 cause du mal commis par des membres de la communaut\u00e9 eccl\u00e9siale : afin qu\u2019ils puissent trouver dans l\u2019\u00c9glise elle-m\u00eame une [&hellip;]<\/p>\n","protected":false},"author":4,"featured_media":8249,"comment_status":"open","ping_status":"open","sticky":false,"template":"","format":"standard","meta":{"_et_pb_use_builder":"","_et_pb_old_content":"","_et_gb_content_width":"","footnotes":""},"categories":[6,22],"tags":[],"class_list":["post-8248","post","type-post","status-publish","format-standard","has-post-thumbnail","hentry","category-actualite","category-pape-francois"],"_links":{"self":[{"href":"https:\/\/catholiques17.fr\/nieul\/wp-json\/wp\/v2\/posts\/8248","targetHints":{"allow":["GET"]}}],"collection":[{"href":"https:\/\/catholiques17.fr\/nieul\/wp-json\/wp\/v2\/posts"}],"about":[{"href":"https:\/\/catholiques17.fr\/nieul\/wp-json\/wp\/v2\/types\/post"}],"author":[{"embeddable":true,"href":"https:\/\/catholiques17.fr\/nieul\/wp-json\/wp\/v2\/users\/4"}],"replies":[{"embeddable":true,"href":"https:\/\/catholiques17.fr\/nieul\/wp-json\/wp\/v2\/comments?post=8248"}],"version-history":[{"count":4,"href":"https:\/\/catholiques17.fr\/nieul\/wp-json\/wp\/v2\/posts\/8248\/revisions"}],"predecessor-version":[{"id":8255,"href":"https:\/\/catholiques17.fr\/nieul\/wp-json\/wp\/v2\/posts\/8248\/revisions\/8255"}],"wp:featuredmedia":[{"embeddable":true,"href":"https:\/\/catholiques17.fr\/nieul\/wp-json\/wp\/v2\/media\/8249"}],"wp:attachment":[{"href":"https:\/\/catholiques17.fr\/nieul\/wp-json\/wp\/v2\/media?parent=8248"}],"wp:term":[{"taxonomy":"category","embeddable":true,"href":"https:\/\/catholiques17.fr\/nieul\/wp-json\/wp\/v2\/categories?post=8248"},{"taxonomy":"post_tag","embeddable":true,"href":"https:\/\/catholiques17.fr\/nieul\/wp-json\/wp\/v2\/tags?post=8248"}],"curies":[{"name":"wp","href":"https:\/\/api.w.org\/{rel}","templated":true}]}}