{"id":8063,"date":"2023-01-02T16:28:04","date_gmt":"2023-01-02T15:28:04","guid":{"rendered":"https:\/\/catholiques17.fr\/nieul\/?p=8063"},"modified":"2023-01-02T16:28:06","modified_gmt":"2023-01-02T15:28:06","slug":"decouvrez-les-coulisses-du-journal-paroissial","status":"publish","type":"post","link":"https:\/\/catholiques17.fr\/nieul\/decouvrez-les-coulisses-du-journal-paroissial\/","title":{"rendered":"D\u00e9couvrez les coulisses du journal paroissial"},"content":{"rendered":"\n<div style=\"height:64px\" aria-hidden=\"true\" class=\"wp-block-spacer\"><\/div>\n\n\n\n<p>Le d\u00e9but de l&rsquo;ann\u00e9e 2023 commence \u00ab\u00a0sur les chapeaux de roue\u00a0\u00bb, avec la parution du journal paroissial.<\/p>\n\n\n\n<p>Chaque trimestre, apr\u00e8s le travail de r\u00e9daction puis de mise en page, <a rel=\"noreferrer noopener\" href=\"https:\/\/catholiques17.fr\/nieul\/les-services\/journal-et-medias\/\" target=\"_blank\">l&rsquo;\u00e9quipe du journal<\/a> sollicite les petites mains de la paroisse pour le long travail d&rsquo;\u00e9tiquetage et de r\u00e9partition par villages (puis  par secteurs) du millier de num\u00e9ros imprim\u00e9s.<\/p>\n\n\n\n<div class=\"wp-block-columns is-layout-flex wp-container-core-columns-is-layout-9d6595d7 wp-block-columns-is-layout-flex\">\n<div class=\"wp-block-column is-layout-flow wp-block-column-is-layout-flow\">\n<figure class=\"wp-block-image aligncenter size-full\"><img loading=\"lazy\" decoding=\"async\" width=\"800\" height=\"600\" src=\"https:\/\/catholiques17.fr\/nieul\/wp-content\/uploads\/sites\/29\/2023\/01\/IMG_20230102_143615_1.jpg\" alt=\"\" class=\"wp-image-8065\" srcset=\"https:\/\/catholiques17.fr\/nieul\/wp-content\/uploads\/sites\/29\/2023\/01\/IMG_20230102_143615_1.jpg 800w, https:\/\/catholiques17.fr\/nieul\/wp-content\/uploads\/sites\/29\/2023\/01\/IMG_20230102_143615_1-480x360.jpg 480w\" sizes=\"(min-width: 0px) and (max-width: 480px) 480px, (min-width: 481px) 800px, 100vw\" \/><\/figure>\n<\/div>\n\n\n\n<div class=\"wp-block-column is-layout-flow wp-block-column-is-layout-flow\">\n<figure class=\"wp-block-image size-full\"><img loading=\"lazy\" decoding=\"async\" width=\"800\" height=\"600\" src=\"https:\/\/catholiques17.fr\/nieul\/wp-content\/uploads\/sites\/29\/2023\/01\/IMG_20230102_143632_1.jpg\" alt=\"\" class=\"wp-image-8066\" srcset=\"https:\/\/catholiques17.fr\/nieul\/wp-content\/uploads\/sites\/29\/2023\/01\/IMG_20230102_143632_1.jpg 800w, https:\/\/catholiques17.fr\/nieul\/wp-content\/uploads\/sites\/29\/2023\/01\/IMG_20230102_143632_1-480x360.jpg 480w\" sizes=\"(min-width: 0px) and (max-width: 480px) 480px, (min-width: 481px) 800px, 100vw\" \/><\/figure>\n<\/div>\n<\/div>\n\n\n\n<p class=\"has-text-align-center\"><em><strong>Un grand merci \u00e0 tous ceux qui sont venus travailler efficacement et dans la bonne humeur !<\/strong><\/em><\/p>\n\n\n\n<div style=\"height:43px\" aria-hidden=\"true\" class=\"wp-block-spacer\"><\/div>\n\n\n\n<p>Les journaux sont maintenant pr\u00eats \u00e0 \u00eatre distribu\u00e9s dans vos bo\u00eetes aux lettres, gr\u00e2ce \u00e0 un r\u00e9seau de distributeurs b\u00e9n\u00e9voles qui sillonneront dans les prochaines heures, les rues de nos villages, afin que chacun puisse d\u00e9couvrir les articles, actualit\u00e9s paroissiales&#8230; sans oublier le c\u00e9l\u00e8bre r\u00e9bus du p\u00e8re Yves !<\/p>\n\n\n\n<div style=\"height:100px\" aria-hidden=\"true\" class=\"wp-block-spacer\"><\/div>\n","protected":false},"excerpt":{"rendered":"<p>Le d\u00e9but de l&rsquo;ann\u00e9e 2023 commence \u00ab\u00a0sur les chapeaux de roue\u00a0\u00bb, avec la parution du journal paroissial. Chaque trimestre, apr\u00e8s le travail de r\u00e9daction puis de mise en page, l&rsquo;\u00e9quipe [&hellip;]<\/p>\n","protected":false},"author":4,"featured_media":8064,"comment_status":"open","ping_status":"open","sticky":false,"template":"","format":"standard","meta":{"_et_pb_use_builder":"off","_et_pb_old_content":"","_et_gb_content_width":"","footnotes":""},"categories":[6,26],"tags":[],"class_list":["post-8063","post","type-post","status-publish","format-standard","has-post-thumbnail","hentry","category-actualite","category-informations"],"_links":{"self":[{"href":"https:\/\/catholiques17.fr\/nieul\/wp-json\/wp\/v2\/posts\/8063","targetHints":{"allow":["GET"]}}],"collection":[{"href":"https:\/\/catholiques17.fr\/nieul\/wp-json\/wp\/v2\/posts"}],"about":[{"href":"https:\/\/catholiques17.fr\/nieul\/wp-json\/wp\/v2\/types\/post"}],"author":[{"embeddable":true,"href":"https:\/\/catholiques17.fr\/nieul\/wp-json\/wp\/v2\/users\/4"}],"replies":[{"embeddable":true,"href":"https:\/\/catholiques17.fr\/nieul\/wp-json\/wp\/v2\/comments?post=8063"}],"version-history":[{"count":2,"href":"https:\/\/catholiques17.fr\/nieul\/wp-json\/wp\/v2\/posts\/8063\/revisions"}],"predecessor-version":[{"id":8068,"href":"https:\/\/catholiques17.fr\/nieul\/wp-json\/wp\/v2\/posts\/8063\/revisions\/8068"}],"wp:featuredmedia":[{"embeddable":true,"href":"https:\/\/catholiques17.fr\/nieul\/wp-json\/wp\/v2\/media\/8064"}],"wp:attachment":[{"href":"https:\/\/catholiques17.fr\/nieul\/wp-json\/wp\/v2\/media?parent=8063"}],"wp:term":[{"taxonomy":"category","embeddable":true,"href":"https:\/\/catholiques17.fr\/nieul\/wp-json\/wp\/v2\/categories?post=8063"},{"taxonomy":"post_tag","embeddable":true,"href":"https:\/\/catholiques17.fr\/nieul\/wp-json\/wp\/v2\/tags?post=8063"}],"curies":[{"name":"wp","href":"https:\/\/api.w.org\/{rel}","templated":true}]}}