{"id":8006,"date":"2022-12-12T11:18:19","date_gmt":"2022-12-12T10:18:19","guid":{"rendered":"https:\/\/catholiques17.fr\/nieul\/?p=8006"},"modified":"2022-12-12T18:21:07","modified_gmt":"2022-12-12T17:21:07","slug":"la-saison-2-de-la-serie-sur-jesus-the-chosen-arrive-sur-nos-ecrans","status":"publish","type":"post","link":"https:\/\/catholiques17.fr\/nieul\/la-saison-2-de-la-serie-sur-jesus-the-chosen-arrive-sur-nos-ecrans\/","title":{"rendered":"La saison 2 de la s\u00e9rie sur J\u00e9sus (the Chosen) arrive sur nos \u00e9crans"},"content":{"rendered":"\n<div style=\"height:60px\" aria-hidden=\"true\" class=\"wp-block-spacer\"><\/div>\n\n\n\n<p>\u00ab\u00a0<strong>The Chosen\u00a0\u00bb<\/strong> ( = les \u00e9lus) est une s\u00e9rie t\u00e9l\u00e9vis\u00e9e sur J\u00e9sus qui nous fait d\u00e9couvrir la figure du Christ en partant des personnages secondaires pr\u00e9sents dans les Evangiles. Sept saisons sont attendues.&nbsp;La premi\u00e8re saison avait \u00e9t\u00e9 diffus\u00e9e en exclusivit\u00e9 l\u2019ann\u00e9e derni\u00e8re sur C8, elle est maintenant disponible sur Netflix.<\/p>\n\n\n\n<p><strong>Samedi 17 d\u00e9cembre<\/strong>, vous pourrez enfin regarder l\u2019int\u00e9grale de la saison 2 traduite en fran\u00e7ais, \u00e0 partir de <strong>21h15 sur C8<\/strong>. Elle sera ensuite disponible en replay<\/p>\n\n\n\n<div style=\"height:45px\" aria-hidden=\"true\" class=\"wp-block-spacer\"><\/div>\n\n\n\n<figure class=\"wp-block-embed aligncenter is-type-video is-provider-youtube wp-block-embed-youtube wp-embed-aspect-16-9 wp-has-aspect-ratio\"><div class=\"wp-block-embed__wrapper\">\n<iframe loading=\"lazy\" title=\"The Chosen saison 2 - Bande annonce en fran\u00e7ais !\" width=\"1080\" height=\"608\" src=\"https:\/\/www.youtube.com\/embed\/iSrN3iTojpo?feature=oembed\"  allow=\"accelerometer; autoplay; clipboard-write; encrypted-media; gyroscope; picture-in-picture\" allowfullscreen><\/iframe>\n<\/div><\/figure>\n\n\n\n<div style=\"height:58px\" aria-hidden=\"true\" class=\"wp-block-spacer\"><\/div>\n\n\n\n<figure class=\"wp-block-pullquote\"><blockquote><p>En France, la saison 1 avait comptabilis\u00e9 un million de spectateurs apr\u00e8s sa diffusion sur C8. La s\u00e9rie compte environ 430 millions de vues dans le monde, une prouesse permise entre autres par sa disponibilit\u00e9 dans 50 langues diff\u00e9rentes. Sept saisons devraient \u00eatre tourn\u00e9es au total<\/p><\/blockquote><\/figure>\n\n\n\n<div style=\"height:51px\" aria-hidden=\"true\" class=\"wp-block-spacer\"><\/div>\n\n\n\n<h2 class=\"has-text-align-center wp-block-heading\">Pour en savoir davantage sur cette s\u00e9rie, revoir ou d\u00e9couvrir la saison 1, <\/h2>\n\n\n\n<h2 class=\"has-text-align-center wp-block-heading\">rendez-vous sur le site officiel : \u25ba <a rel=\"noreferrer noopener\" href=\"https:\/\/thechosen.fr\/\" target=\"_blank\">https:\/\/thechosen.fr\/<\/a><\/h2>\n\n\n\n<div style=\"height:100px\" aria-hidden=\"true\" class=\"wp-block-spacer\"><\/div>\n","protected":false},"excerpt":{"rendered":"<p>\u00ab\u00a0The Chosen\u00a0\u00bb ( = les \u00e9lus) est une s\u00e9rie t\u00e9l\u00e9vis\u00e9e sur J\u00e9sus qui nous fait d\u00e9couvrir la figure du Christ en partant des personnages secondaires pr\u00e9sents dans les Evangiles. Sept [&hellip;]<\/p>\n","protected":false},"author":4,"featured_media":8009,"comment_status":"open","ping_status":"open","sticky":false,"template":"","format":"standard","meta":{"_et_pb_use_builder":"off","_et_pb_old_content":"","_et_gb_content_width":"","footnotes":""},"categories":[6,31],"tags":[],"class_list":["post-8006","post","type-post","status-publish","format-standard","has-post-thumbnail","hentry","category-actualite","category-culture"],"_links":{"self":[{"href":"https:\/\/catholiques17.fr\/nieul\/wp-json\/wp\/v2\/posts\/8006","targetHints":{"allow":["GET"]}}],"collection":[{"href":"https:\/\/catholiques17.fr\/nieul\/wp-json\/wp\/v2\/posts"}],"about":[{"href":"https:\/\/catholiques17.fr\/nieul\/wp-json\/wp\/v2\/types\/post"}],"author":[{"embeddable":true,"href":"https:\/\/catholiques17.fr\/nieul\/wp-json\/wp\/v2\/users\/4"}],"replies":[{"embeddable":true,"href":"https:\/\/catholiques17.fr\/nieul\/wp-json\/wp\/v2\/comments?post=8006"}],"version-history":[{"count":3,"href":"https:\/\/catholiques17.fr\/nieul\/wp-json\/wp\/v2\/posts\/8006\/revisions"}],"predecessor-version":[{"id":8015,"href":"https:\/\/catholiques17.fr\/nieul\/wp-json\/wp\/v2\/posts\/8006\/revisions\/8015"}],"wp:featuredmedia":[{"embeddable":true,"href":"https:\/\/catholiques17.fr\/nieul\/wp-json\/wp\/v2\/media\/8009"}],"wp:attachment":[{"href":"https:\/\/catholiques17.fr\/nieul\/wp-json\/wp\/v2\/media?parent=8006"}],"wp:term":[{"taxonomy":"category","embeddable":true,"href":"https:\/\/catholiques17.fr\/nieul\/wp-json\/wp\/v2\/categories?post=8006"},{"taxonomy":"post_tag","embeddable":true,"href":"https:\/\/catholiques17.fr\/nieul\/wp-json\/wp\/v2\/tags?post=8006"}],"curies":[{"name":"wp","href":"https:\/\/api.w.org\/{rel}","templated":true}]}}