{"id":7908,"date":"2022-11-13T08:26:46","date_gmt":"2022-11-13T07:26:46","guid":{"rendered":"https:\/\/catholiques17.fr\/nieul\/?p=7908"},"modified":"2022-12-01T14:57:51","modified_gmt":"2022-12-01T13:57:51","slug":"sortie-cinema-reste-un-peu-un-film-qui-nous-interroge-sur-nos-propres-croyances","status":"publish","type":"post","link":"https:\/\/catholiques17.fr\/nieul\/sortie-cinema-reste-un-peu-un-film-qui-nous-interroge-sur-nos-propres-croyances\/","title":{"rendered":"Sortie cin\u00e9ma \u00ab\u00a0Reste un peu\u00a0\u00bb : un film qui nous interroge sur nos propres croyances"},"content":{"rendered":"\n<div style=\"height:50px\" aria-hidden=\"true\" class=\"wp-block-spacer\"><\/div>\n\n\n\n<p><strong>Le deuxi\u00e8me film de Gad Elmaleh, \u00ab\u00a0Reste un peu\u00a0\u00bb, sortira le mercredi 16 novembre dans toutes les salles de cin\u00e9ma.<\/strong> Dans ce long-m\u00e9trage, l\u2019humoriste livre un film intime qui nous interroge sur nos croyances, en lien avec son propre questionnement sur la foi.&nbsp;<\/p>\n\n\n\n<p>Coproducteur du spectacle \u00ab\u00a0Bernadette de Lourdes\u00a0\u00bb, c&rsquo;est en se rendant dans la cit\u00e9 mariale que l&rsquo;acteur se sent attir\u00e9 et accompagn\u00e9 par la Vierge Marie. Les rencontres s&rsquo;encha\u00eenent ensuite et ouvrent \u00e0 une v\u00e9ritable qu\u00eate spirituelle qui le m\u00e8nera \u00e0 \u00e9tudier la th\u00e9ologie au coll\u00e8ge des Bernardins, \u00e0 se rendre \u00e0 Paray le Monial ou \u00e0 l&rsquo;abbaye de S\u00e9nanque pour y vivre des temps de retraite, ou m\u00eame \u00e0 Rome pour la canonisation de Charles de Foucauld.<\/p>\n\n\n\n<div style=\"height:46px\" aria-hidden=\"true\" class=\"wp-block-spacer\"><\/div>\n\n\n\n<figure class=\"wp-block-gallery aligncenter has-nested-images columns-default is-cropped wp-block-gallery-1 is-layout-flex wp-block-gallery-is-layout-flex\">\n<figure class=\"wp-block-image size-large\"><a href=\"https:\/\/catholiques17.fr\/nieul\/wp-content\/uploads\/sites\/29\/2022\/11\/12-\u00a9-Laura-Gilli_1.jpg\"><img loading=\"lazy\" decoding=\"async\" width=\"800\" height=\"533\" data-id=\"7911\" src=\"https:\/\/catholiques17.fr\/nieul\/wp-content\/uploads\/sites\/29\/2022\/11\/12-\u00a9-Laura-Gilli_1.jpg\" alt=\"\" class=\"wp-image-7911\" srcset=\"https:\/\/catholiques17.fr\/nieul\/wp-content\/uploads\/sites\/29\/2022\/11\/12-\u00a9-Laura-Gilli_1.jpg 800w, https:\/\/catholiques17.fr\/nieul\/wp-content\/uploads\/sites\/29\/2022\/11\/12-\u00a9-Laura-Gilli_1-300x200.jpg 300w, https:\/\/catholiques17.fr\/nieul\/wp-content\/uploads\/sites\/29\/2022\/11\/12-\u00a9-Laura-Gilli_1-768x512.jpg 768w, https:\/\/catholiques17.fr\/nieul\/wp-content\/uploads\/sites\/29\/2022\/11\/12-\u00a9-Laura-Gilli_1-480x320.jpg 480w\" sizes=\"(max-width: 800px) 100vw, 800px\" \/><\/a><\/figure>\n\n\n\n<figure class=\"wp-block-image size-large\"><a href=\"https:\/\/catholiques17.fr\/nieul\/wp-content\/uploads\/sites\/29\/2022\/11\/11-\u00a9-Laura-Gilli_1.jpg\"><img loading=\"lazy\" decoding=\"async\" width=\"800\" height=\"533\" data-id=\"7910\" src=\"https:\/\/catholiques17.fr\/nieul\/wp-content\/uploads\/sites\/29\/2022\/11\/11-\u00a9-Laura-Gilli_1.jpg\" alt=\"\" class=\"wp-image-7910\" srcset=\"https:\/\/catholiques17.fr\/nieul\/wp-content\/uploads\/sites\/29\/2022\/11\/11-\u00a9-Laura-Gilli_1.jpg 800w, https:\/\/catholiques17.fr\/nieul\/wp-content\/uploads\/sites\/29\/2022\/11\/11-\u00a9-Laura-Gilli_1-300x200.jpg 300w, https:\/\/catholiques17.fr\/nieul\/wp-content\/uploads\/sites\/29\/2022\/11\/11-\u00a9-Laura-Gilli_1-768x512.jpg 768w, https:\/\/catholiques17.fr\/nieul\/wp-content\/uploads\/sites\/29\/2022\/11\/11-\u00a9-Laura-Gilli_1-480x320.jpg 480w\" sizes=\"(max-width: 800px) 100vw, 800px\" \/><\/a><\/figure>\n\n\n\n<figure class=\"wp-block-image size-large\"><a href=\"https:\/\/catholiques17.fr\/nieul\/wp-content\/uploads\/sites\/29\/2022\/11\/9-\u00a9-Laura-Gilli_1.jpg\"><img loading=\"lazy\" decoding=\"async\" width=\"800\" height=\"533\" data-id=\"7912\" src=\"https:\/\/catholiques17.fr\/nieul\/wp-content\/uploads\/sites\/29\/2022\/11\/9-\u00a9-Laura-Gilli_1.jpg\" alt=\"\" class=\"wp-image-7912\" srcset=\"https:\/\/catholiques17.fr\/nieul\/wp-content\/uploads\/sites\/29\/2022\/11\/9-\u00a9-Laura-Gilli_1.jpg 800w, https:\/\/catholiques17.fr\/nieul\/wp-content\/uploads\/sites\/29\/2022\/11\/9-\u00a9-Laura-Gilli_1-300x200.jpg 300w, https:\/\/catholiques17.fr\/nieul\/wp-content\/uploads\/sites\/29\/2022\/11\/9-\u00a9-Laura-Gilli_1-768x512.jpg 768w, https:\/\/catholiques17.fr\/nieul\/wp-content\/uploads\/sites\/29\/2022\/11\/9-\u00a9-Laura-Gilli_1-480x320.jpg 480w\" sizes=\"(max-width: 800px) 100vw, 800px\" \/><\/a><\/figure>\n\n\n\n<figure class=\"wp-block-image size-large\"><a href=\"https:\/\/catholiques17.fr\/nieul\/wp-content\/uploads\/sites\/29\/2022\/11\/4-\u00a9-Laura-Gilli_1.jpg\"><img loading=\"lazy\" decoding=\"async\" width=\"800\" height=\"533\" data-id=\"7913\" src=\"https:\/\/catholiques17.fr\/nieul\/wp-content\/uploads\/sites\/29\/2022\/11\/4-\u00a9-Laura-Gilli_1.jpg\" alt=\"\" class=\"wp-image-7913\" srcset=\"https:\/\/catholiques17.fr\/nieul\/wp-content\/uploads\/sites\/29\/2022\/11\/4-\u00a9-Laura-Gilli_1.jpg 800w, https:\/\/catholiques17.fr\/nieul\/wp-content\/uploads\/sites\/29\/2022\/11\/4-\u00a9-Laura-Gilli_1-300x200.jpg 300w, https:\/\/catholiques17.fr\/nieul\/wp-content\/uploads\/sites\/29\/2022\/11\/4-\u00a9-Laura-Gilli_1-768x512.jpg 768w, https:\/\/catholiques17.fr\/nieul\/wp-content\/uploads\/sites\/29\/2022\/11\/4-\u00a9-Laura-Gilli_1-480x320.jpg 480w\" sizes=\"(max-width: 800px) 100vw, 800px\" \/><\/a><\/figure>\n\n\n\n<figure class=\"wp-block-image size-large\"><a href=\"https:\/\/catholiques17.fr\/nieul\/wp-content\/uploads\/sites\/29\/2022\/11\/1-\u00a9-Laura-Gilli_1.jpg\"><img loading=\"lazy\" decoding=\"async\" width=\"800\" height=\"533\" data-id=\"7914\" src=\"https:\/\/catholiques17.fr\/nieul\/wp-content\/uploads\/sites\/29\/2022\/11\/1-\u00a9-Laura-Gilli_1.jpg\" alt=\"\" class=\"wp-image-7914\" srcset=\"https:\/\/catholiques17.fr\/nieul\/wp-content\/uploads\/sites\/29\/2022\/11\/1-\u00a9-Laura-Gilli_1.jpg 800w, https:\/\/catholiques17.fr\/nieul\/wp-content\/uploads\/sites\/29\/2022\/11\/1-\u00a9-Laura-Gilli_1-300x200.jpg 300w, https:\/\/catholiques17.fr\/nieul\/wp-content\/uploads\/sites\/29\/2022\/11\/1-\u00a9-Laura-Gilli_1-768x512.jpg 768w, https:\/\/catholiques17.fr\/nieul\/wp-content\/uploads\/sites\/29\/2022\/11\/1-\u00a9-Laura-Gilli_1-480x320.jpg 480w\" sizes=\"(max-width: 800px) 100vw, 800px\" \/><\/a><\/figure>\n\n\n\n<figure class=\"wp-block-image size-large\"><a href=\"https:\/\/catholiques17.fr\/nieul\/wp-content\/uploads\/sites\/29\/2022\/11\/15-\u00a9-Laura-Gilli_1.jpg\"><img loading=\"lazy\" decoding=\"async\" width=\"800\" height=\"533\" data-id=\"7915\" src=\"https:\/\/catholiques17.fr\/nieul\/wp-content\/uploads\/sites\/29\/2022\/11\/15-\u00a9-Laura-Gilli_1.jpg\" alt=\"\" class=\"wp-image-7915\" srcset=\"https:\/\/catholiques17.fr\/nieul\/wp-content\/uploads\/sites\/29\/2022\/11\/15-\u00a9-Laura-Gilli_1.jpg 800w, https:\/\/catholiques17.fr\/nieul\/wp-content\/uploads\/sites\/29\/2022\/11\/15-\u00a9-Laura-Gilli_1-300x200.jpg 300w, https:\/\/catholiques17.fr\/nieul\/wp-content\/uploads\/sites\/29\/2022\/11\/15-\u00a9-Laura-Gilli_1-768x512.jpg 768w, https:\/\/catholiques17.fr\/nieul\/wp-content\/uploads\/sites\/29\/2022\/11\/15-\u00a9-Laura-Gilli_1-480x320.jpg 480w\" sizes=\"(max-width: 800px) 100vw, 800px\" \/><\/a><\/figure>\n<\/figure>\n\n\n\n<div style=\"height:35px\" aria-hidden=\"true\" class=\"wp-block-spacer\"><\/div>\n\n\n\n<p>Le film est d\u2019autant plus intime qu\u2019il y fait jouer les membres de sa famille qui interpr\u00e8tent leurs propres r\u00f4les. Ce qui permet aux spectateurs de vivre son cheminement et son questionnement sur la foi main dans la main avec lui et les siens.<\/p>\n\n\n\n<p>Loin des plateaux t\u00e9l\u00e9s, des spectacles d\u2019humoristes, Gad Elmaleh nous interroge avec son film sur nos propres croyances. Pourquoi croyons-nous ? En quoi croyons-nous ?<\/p>\n\n\n\n<div style=\"height:47px\" aria-hidden=\"true\" class=\"wp-block-spacer\"><\/div>\n\n\n\n<figure class=\"wp-block-embed aligncenter is-type-video is-provider-youtube wp-block-embed-youtube wp-embed-aspect-16-9 wp-has-aspect-ratio\"><div class=\"wp-block-embed__wrapper\">\n<iframe loading=\"lazy\" title=\"RESTE UN PEU Bande Annonce VF (2022) Gad Elmaleh\" width=\"1080\" height=\"608\" src=\"https:\/\/www.youtube.com\/embed\/1xAPYulFpRM?feature=oembed\"  allow=\"accelerometer; autoplay; clipboard-write; encrypted-media; gyroscope; picture-in-picture\" allowfullscreen><\/iframe>\n<\/div><\/figure>\n\n\n\n<div style=\"height:100px\" aria-hidden=\"true\" class=\"wp-block-spacer\"><\/div>\n","protected":false},"excerpt":{"rendered":"<p>Le deuxi\u00e8me film de Gad Elmaleh, \u00ab\u00a0Reste un peu\u00a0\u00bb, sortira le mercredi 16 novembre dans toutes les salles de cin\u00e9ma. Dans ce long-m\u00e9trage, l\u2019humoriste livre un film intime qui nous [&hellip;]<\/p>\n","protected":false},"author":4,"featured_media":7909,"comment_status":"open","ping_status":"open","sticky":false,"template":"","format":"standard","meta":{"_et_pb_use_builder":"off","_et_pb_old_content":"","_et_gb_content_width":"","footnotes":""},"categories":[6,32,31],"tags":[],"class_list":["post-7908","post","type-post","status-publish","format-standard","has-post-thumbnail","hentry","category-actualite","category-catechumenat","category-culture"],"_links":{"self":[{"href":"https:\/\/catholiques17.fr\/nieul\/wp-json\/wp\/v2\/posts\/7908","targetHints":{"allow":["GET"]}}],"collection":[{"href":"https:\/\/catholiques17.fr\/nieul\/wp-json\/wp\/v2\/posts"}],"about":[{"href":"https:\/\/catholiques17.fr\/nieul\/wp-json\/wp\/v2\/types\/post"}],"author":[{"embeddable":true,"href":"https:\/\/catholiques17.fr\/nieul\/wp-json\/wp\/v2\/users\/4"}],"replies":[{"embeddable":true,"href":"https:\/\/catholiques17.fr\/nieul\/wp-json\/wp\/v2\/comments?post=7908"}],"version-history":[{"count":3,"href":"https:\/\/catholiques17.fr\/nieul\/wp-json\/wp\/v2\/posts\/7908\/revisions"}],"predecessor-version":[{"id":7954,"href":"https:\/\/catholiques17.fr\/nieul\/wp-json\/wp\/v2\/posts\/7908\/revisions\/7954"}],"wp:featuredmedia":[{"embeddable":true,"href":"https:\/\/catholiques17.fr\/nieul\/wp-json\/wp\/v2\/media\/7909"}],"wp:attachment":[{"href":"https:\/\/catholiques17.fr\/nieul\/wp-json\/wp\/v2\/media?parent=7908"}],"wp:term":[{"taxonomy":"category","embeddable":true,"href":"https:\/\/catholiques17.fr\/nieul\/wp-json\/wp\/v2\/categories?post=7908"},{"taxonomy":"post_tag","embeddable":true,"href":"https:\/\/catholiques17.fr\/nieul\/wp-json\/wp\/v2\/tags?post=7908"}],"curies":[{"name":"wp","href":"https:\/\/api.w.org\/{rel}","templated":true}]}}