{"id":7783,"date":"2022-10-04T08:42:00","date_gmt":"2022-10-04T06:42:00","guid":{"rendered":"https:\/\/catholiques17.fr\/nieul\/?p=7783"},"modified":"2022-10-04T08:42:03","modified_gmt":"2022-10-04T06:42:03","slug":"intention-de-priere-du-pape-pour-le-mois-doctobre","status":"publish","type":"post","link":"https:\/\/catholiques17.fr\/nieul\/intention-de-priere-du-pape-pour-le-mois-doctobre\/","title":{"rendered":"Intention de pri\u00e8re du Pape pour le mois d&rsquo;octobre"},"content":{"rendered":"\n<div style=\"height:51px\" aria-hidden=\"true\" class=\"wp-block-spacer\"><\/div>\n\n\n\n<blockquote class=\"wp-block-quote is-layout-flow wp-block-quote-is-layout-flow\"><p>Prions pour que l\u2019\u00c9glise, fid\u00e8le \u00e0 l\u2019\u00c9vangile et courageuse dans son annonce, soit un lieu de solidarit\u00e9, de fraternit\u00e9 et d\u2019accueil. Qu\u2019elle vive de plus en plus la synodalit\u00e9.<\/p><cite>Pape Fran\u00e7ois \u2013 Octobre 2022<\/cite><\/blockquote>\n\n\n\n<div style=\"height:26px\" aria-hidden=\"true\" class=\"wp-block-spacer\"><\/div>\n\n\n\n<p><em>Que signifie \u00ab faire synode \u00bb ? C\u2019est marcher ensemble : sy-no-de. En grec, cela signifie \u00ab marcher ensemble \u00bb et marcher dans la m\u00eame direction.<br>Et c\u2019est ce que Dieu attend de l\u2019\u00c9glise du troisi\u00e8me mill\u00e9naire. Qu\u2019elle reprenne conscience qu\u2019elle est un peuple en marche et que ce chemin doit \u00eatre parcouru ensemble.<br>Une \u00c9glise avec ce style synodal est une \u00c9glise qui \u00e9coute, qui sait qu\u2019\u00e9couter c\u2019est plus qu\u2019entendre.<br>C\u2019est s\u2019\u00e9couter les uns les autres, dans notre diversit\u00e9, et ouvrir les portes \u00e0 ceux qui sont en dehors de l\u2019\u00c9glise. Il ne s\u2019agit pas de recueillir des opinions, ni de cr\u00e9er un parlement. Le synode n\u2019est pas un sondage. Il s\u2019agit d\u2019\u00e9couter Celui qui est le personnage principal : le Saint-Esprit. Il s\u2019agit de prier. Sans pri\u00e8re, il n\u2019y aura pas de Synode.<br>Profitons de cette opportunit\u00e9 pour \u00eatre une \u00c9glise de proximit\u00e9, ce qui est le style de Dieu : la proximit\u00e9. Et remercions tout le Peuple de Dieu qui, par son \u00e9coute attentive, est en train de parcourir un chemin synodal.<br>Prions pour que l\u2019\u00c9glise, fid\u00e8le \u00e0 l\u2019\u00c9vangile et courageuse dans son annonce, vive toujours plus la synodalit\u00e9 et soit un lieu de solidarit\u00e9, de fraternit\u00e9 et d\u2019accueil.<\/em><\/p>\n\n\n\n<div style=\"height:42px\" aria-hidden=\"true\" class=\"wp-block-spacer\"><\/div>\n\n\n\n<figure class=\"wp-block-embed aligncenter is-type-video is-provider-youtube wp-block-embed-youtube wp-embed-aspect-16-9 wp-has-aspect-ratio\"><div class=\"wp-block-embed__wrapper\">\n<iframe loading=\"lazy\" title=\"Pour une \u00c9glise ouverte \u00e0 tous \u2013 La Vid\u00e9o du Pape \u2013 Octobre 2022\" width=\"1080\" height=\"608\" src=\"https:\/\/www.youtube.com\/embed\/91xDv_W03v0?feature=oembed\"  allow=\"accelerometer; autoplay; clipboard-write; encrypted-media; gyroscope; picture-in-picture\" allowfullscreen><\/iframe>\n<\/div><\/figure>\n\n\n\n<div style=\"height:100px\" aria-hidden=\"true\" class=\"wp-block-spacer\"><\/div>\n","protected":false},"excerpt":{"rendered":"<p>Prions pour que l\u2019\u00c9glise, fid\u00e8le \u00e0 l\u2019\u00c9vangile et courageuse dans son annonce, soit un lieu de solidarit\u00e9, de fraternit\u00e9 et d\u2019accueil. Qu\u2019elle vive de plus en plus la synodalit\u00e9. Pape [&hellip;]<\/p>\n","protected":false},"author":4,"featured_media":7784,"comment_status":"open","ping_status":"open","sticky":false,"template":"","format":"standard","meta":{"_et_pb_use_builder":"off","_et_pb_old_content":"","_et_gb_content_width":"","footnotes":""},"categories":[6,22],"tags":[],"class_list":["post-7783","post","type-post","status-publish","format-standard","has-post-thumbnail","hentry","category-actualite","category-pape-francois"],"_links":{"self":[{"href":"https:\/\/catholiques17.fr\/nieul\/wp-json\/wp\/v2\/posts\/7783","targetHints":{"allow":["GET"]}}],"collection":[{"href":"https:\/\/catholiques17.fr\/nieul\/wp-json\/wp\/v2\/posts"}],"about":[{"href":"https:\/\/catholiques17.fr\/nieul\/wp-json\/wp\/v2\/types\/post"}],"author":[{"embeddable":true,"href":"https:\/\/catholiques17.fr\/nieul\/wp-json\/wp\/v2\/users\/4"}],"replies":[{"embeddable":true,"href":"https:\/\/catholiques17.fr\/nieul\/wp-json\/wp\/v2\/comments?post=7783"}],"version-history":[{"count":1,"href":"https:\/\/catholiques17.fr\/nieul\/wp-json\/wp\/v2\/posts\/7783\/revisions"}],"predecessor-version":[{"id":7785,"href":"https:\/\/catholiques17.fr\/nieul\/wp-json\/wp\/v2\/posts\/7783\/revisions\/7785"}],"wp:featuredmedia":[{"embeddable":true,"href":"https:\/\/catholiques17.fr\/nieul\/wp-json\/wp\/v2\/media\/7784"}],"wp:attachment":[{"href":"https:\/\/catholiques17.fr\/nieul\/wp-json\/wp\/v2\/media?parent=7783"}],"wp:term":[{"taxonomy":"category","embeddable":true,"href":"https:\/\/catholiques17.fr\/nieul\/wp-json\/wp\/v2\/categories?post=7783"},{"taxonomy":"post_tag","embeddable":true,"href":"https:\/\/catholiques17.fr\/nieul\/wp-json\/wp\/v2\/tags?post=7783"}],"curies":[{"name":"wp","href":"https:\/\/api.w.org\/{rel}","templated":true}]}}