{"id":7758,"date":"2022-09-28T09:28:10","date_gmt":"2022-09-28T07:28:10","guid":{"rendered":"https:\/\/catholiques17.fr\/nieul\/?p=7758"},"modified":"2022-09-28T11:41:55","modified_gmt":"2022-09-28T09:41:55","slug":"les-messes-des-familles-dates-du-1er-trimestre","status":"publish","type":"post","link":"https:\/\/catholiques17.fr\/nieul\/les-messes-des-familles-dates-du-1er-trimestre\/","title":{"rendered":"Les messes des familles : dates du 1er trimestre"},"content":{"rendered":"\n<div style=\"height:61px\" aria-hidden=\"true\" class=\"wp-block-spacer\"><\/div>\n\n\n\n<p>Les messes des familles ont toutes lieu dans l&rsquo;\u00e9glise de Lagord, le dimanche \u00e0 11h, et sont fix\u00e9es aux dates suivantes : <\/p>\n\n\n\n<p><\/p>\n\n\n\n<p><\/p>\n\n\n\n<p><strong>Dimanche 2 octobre<\/strong><em> <\/em><em>(messe de rentr\u00e9e)<\/em><\/p>\n\n\n\n<p><strong>Dimanche 13 novembre<\/strong><\/p>\n\n\n\n<p><strong>Dimanche 4 d\u00e9cembre<\/strong><\/p>\n\n\n\n<div style=\"height:33px\" aria-hidden=\"true\" class=\"wp-block-spacer\"><\/div>\n\n\n\n<p><\/p>\n\n\n\n<div style=\"height:40px\" aria-hidden=\"true\" class=\"wp-block-spacer\"><\/div>\n\n\n\n<figure class=\"wp-block-image aligncenter size-full is-resized\"><img loading=\"lazy\" decoding=\"async\" src=\"https:\/\/catholiques17.fr\/nieul\/wp-content\/uploads\/sites\/29\/2022\/09\/EVEIL-TITRE-JPG.jpg\" alt=\"\" class=\"wp-image-7765\" width=\"400\" height=\"166\"\/><\/figure>\n\n\n\n<p class=\"has-text-align-center\">Il y a une proposition d&rsquo;\u00e9veil \u00e0 la foi pendant les messes des familles, pour les enfants de 4 \u00e0 7 ans<\/p>\n\n\n\n<figure class=\"wp-block-image aligncenter size-full is-resized\"><img loading=\"lazy\" decoding=\"async\" src=\"https:\/\/catholiques17.fr\/nieul\/wp-content\/uploads\/sites\/29\/2022\/09\/EVEIL-VISUEL-JPG.jpg\" alt=\"\" class=\"wp-image-7766\" width=\"168\" height=\"200\"\/><\/figure>\n\n\n\n<div style=\"height:100px\" aria-hidden=\"true\" class=\"wp-block-spacer\"><\/div>\n\n\n\n<div style=\"height:100px\" aria-hidden=\"true\" class=\"wp-block-spacer\"><\/div>\n","protected":false},"excerpt":{"rendered":"<p>Les messes des familles ont toutes lieu dans l&rsquo;\u00e9glise de Lagord, le dimanche \u00e0 11h, et sont fix\u00e9es aux dates suivantes : Dimanche 2 octobre (messe de rentr\u00e9e) Dimanche 13 [&hellip;]<\/p>\n","protected":false},"author":4,"featured_media":6745,"comment_status":"open","ping_status":"open","sticky":false,"template":"","format":"standard","meta":{"_et_pb_use_builder":"off","_et_pb_old_content":"","_et_gb_content_width":"","footnotes":""},"categories":[6,29],"tags":[],"class_list":["post-7758","post","type-post","status-publish","format-standard","has-post-thumbnail","hentry","category-actualite","category-cate"],"_links":{"self":[{"href":"https:\/\/catholiques17.fr\/nieul\/wp-json\/wp\/v2\/posts\/7758","targetHints":{"allow":["GET"]}}],"collection":[{"href":"https:\/\/catholiques17.fr\/nieul\/wp-json\/wp\/v2\/posts"}],"about":[{"href":"https:\/\/catholiques17.fr\/nieul\/wp-json\/wp\/v2\/types\/post"}],"author":[{"embeddable":true,"href":"https:\/\/catholiques17.fr\/nieul\/wp-json\/wp\/v2\/users\/4"}],"replies":[{"embeddable":true,"href":"https:\/\/catholiques17.fr\/nieul\/wp-json\/wp\/v2\/comments?post=7758"}],"version-history":[{"count":3,"href":"https:\/\/catholiques17.fr\/nieul\/wp-json\/wp\/v2\/posts\/7758\/revisions"}],"predecessor-version":[{"id":7767,"href":"https:\/\/catholiques17.fr\/nieul\/wp-json\/wp\/v2\/posts\/7758\/revisions\/7767"}],"wp:featuredmedia":[{"embeddable":true,"href":"https:\/\/catholiques17.fr\/nieul\/wp-json\/wp\/v2\/media\/6745"}],"wp:attachment":[{"href":"https:\/\/catholiques17.fr\/nieul\/wp-json\/wp\/v2\/media?parent=7758"}],"wp:term":[{"taxonomy":"category","embeddable":true,"href":"https:\/\/catholiques17.fr\/nieul\/wp-json\/wp\/v2\/categories?post=7758"},{"taxonomy":"post_tag","embeddable":true,"href":"https:\/\/catholiques17.fr\/nieul\/wp-json\/wp\/v2\/tags?post=7758"}],"curies":[{"name":"wp","href":"https:\/\/api.w.org\/{rel}","templated":true}]}}