{"id":7560,"date":"2022-08-08T18:38:25","date_gmt":"2022-08-08T16:38:25","guid":{"rendered":"https:\/\/catholiques17.fr\/nieul\/?p=7560"},"modified":"2022-08-08T18:40:06","modified_gmt":"2022-08-08T16:40:06","slug":"intention-de-priere-du-pape-francois-pour-le-mois-daout","status":"publish","type":"post","link":"https:\/\/catholiques17.fr\/nieul\/intention-de-priere-du-pape-francois-pour-le-mois-daout\/","title":{"rendered":"Intention de pri\u00e8re du Pape Fran\u00e7ois pour le mois d&rsquo;ao\u00fbt"},"content":{"rendered":"\n<div style=\"height:62px\" aria-hidden=\"true\" class=\"wp-block-spacer\"><\/div>\n\n\n\n<blockquote class=\"wp-block-quote is-layout-flow wp-block-quote-is-layout-flow\"><p><em>\u00c0 la suite de la pand\u00e9mie et des guerres, le monde est confront\u00e9 \u00e0 une grave crise socio-\u00e9conomique. Mais nous ne nous en rendons pas encore parfaitement compte !<br>Parmi les plus durement touch\u00e9s, on trouve les petits et moyens entrepreneurs.<br>Ceux qui travaillent dans les commerces, l\u2019artisanat, le nettoyage, les transports et tant d\u2019autres secteurs encore.<br>Ceux qui ne figurent pas sur les listes des plus riches et des plus puissants et qui, malgr\u00e9 les difficult\u00e9s, cr\u00e9ent des emplois tout en assumant leurs responsabilit\u00e9s sociales.<br>Ceux qui investissent dans le bien commun au lieu de cacher leur argent dans des paradis fiscaux.<br>Tous consacrent une \u00e9norme capacit\u00e9 cr\u00e9ative \u00e0 changer le cours des choses en partant du bas, d\u2019o\u00f9 surgit toujours la meilleure cr\u00e9ativit\u00e9.<br>Avec du courage, des efforts et des sacrifices, ils investissent dans la vie, g\u00e9n\u00e9rant du bien-\u00eatre, des opportunit\u00e9s et du travail.<br>Prions pour que les petits et moyens entrepreneurs, durement touch\u00e9s par la crise \u00e9conomique et sociale, puissent trouver les moyens n\u00e9cessaires \u00e0 la poursuite de leur activit\u00e9, au service des communaut\u00e9s o\u00f9 ils vivent.<\/em><\/p><cite><em>Pape Fran\u00e7ois<\/em><\/cite><\/blockquote>\n\n\n\n<div style=\"height:88px\" aria-hidden=\"true\" class=\"wp-block-spacer\"><\/div>\n\n\n\n<figure class=\"wp-block-embed aligncenter is-type-video is-provider-youtube wp-block-embed-youtube wp-embed-aspect-16-9 wp-has-aspect-ratio\"><div class=\"wp-block-embed__wrapper\">\n<iframe loading=\"lazy\" title=\"Pour les petits et moyens entrepreneurs \u2013 La Vid\u00e9o du Pape 08 \u2013 Ao\u00fbt 2022\" width=\"1080\" height=\"608\" src=\"https:\/\/www.youtube.com\/embed\/VFVsKtWgIeo?feature=oembed\"  allow=\"accelerometer; autoplay; clipboard-write; encrypted-media; gyroscope; picture-in-picture\" allowfullscreen><\/iframe>\n<\/div><\/figure>\n\n\n\n<div style=\"height:59px\" aria-hidden=\"true\" class=\"wp-block-spacer\"><\/div>\n\n\n\n<h2 class=\"has-medium-font-size wp-block-heading\"><strong>Le Pape souligne \u00ab le courage, les efforts et les sacrifices \u00bb des petits et moyens entrepreneurs<\/strong><\/h2>\n\n\n\n<ul class=\"wp-block-list\"><li><em>Dans son message, le Saint P\u00e8re met en avant la responsabilit\u00e9 sociale des petits et moyens entrepreneurs.<\/em><\/li><li><em>Ceux qui, par exemple, ont un atelier ou un commerce <\/em>\u00ab <em>investissent dans la vie, g\u00e9n\u00e9rant du bien-\u00eatre, des opportunit\u00e9s et du travail <\/em>\u00bb<em> dit le Pape.&nbsp;<\/em><\/li><li><em>Le Pape Fran\u00e7ois insiste sur l\u2019impact n\u00e9gatif des crises sur les petites et moyennes entreprises.<\/em><\/li><\/ul>\n\n\n\n<p><\/p>\n\n\n\n<div style=\"height:42px\" aria-hidden=\"true\" class=\"wp-block-spacer\"><\/div>\n\n\n\n<h3 class=\"has-medium-font-size wp-block-heading\"><strong>La crise que nous traversons<\/strong>&nbsp;<\/h3>\n\n\n\n<p>\u00ab A la suite de la pand\u00e9mie et des guerres, le monde est confront\u00e9 \u00e0 une grave crise socio-\u00e9conomique \u00bb d\u00e9clare le Pape qui souligne que les petits et moyens entrepreneurs sont parmi les plus touch\u00e9s. Selon les donn\u00e9es de la Banque mondiale pour 2021, une entreprise sur quatre dans le monde a perdu la moiti\u00e9 de son chiffre d\u2019affaires \u00e0 cause de la pand\u00e9mie. Par ailleurs, le soutien public est faible pr\u00e9cis\u00e9ment l\u00e0 o\u00f9 il est le plus n\u00e9cessaire : dans les pays pauvres et pour les petites entreprises.&nbsp;<\/p>\n\n\n\n<p>En ce sens, le <strong>Pape Fran\u00e7ois<\/strong> fait l\u2019\u00e9loge de ceux qui \u00ab avec du courage, des efforts et des sacrifices investissent dans la vie, g\u00e9n\u00e9rant du bien-\u00eatre, des opportunit\u00e9s et du travail \u00bb. Les petits et moyens entrepreneurs sont ceux qui g\u00e8rent un magasin, un restaurant ou un atelier. Mais aussi ceux qui travaillent dans le nettoyage ou les transports, les artisans, notamment. Ce sont \u00ab ceux qui ne figurent pas sur les listes des plus riches et des plus puissants et qui, malgr\u00e9 les difficult\u00e9s, cr\u00e9ent des emplois tout en assumant leurs responsabilit\u00e9s sociales \u00bb.<\/p>\n\n\n\n<div style=\"height:100px\" aria-hidden=\"true\" class=\"wp-block-spacer\"><\/div>\n","protected":false},"excerpt":{"rendered":"<p>\u00c0 la suite de la pand\u00e9mie et des guerres, le monde est confront\u00e9 \u00e0 une grave crise socio-\u00e9conomique. Mais nous ne nous en rendons pas encore parfaitement compte !Parmi les [&hellip;]<\/p>\n","protected":false},"author":4,"featured_media":7561,"comment_status":"open","ping_status":"open","sticky":false,"template":"","format":"standard","meta":{"_et_pb_use_builder":"off","_et_pb_old_content":"","_et_gb_content_width":"","footnotes":""},"categories":[6,22],"tags":[],"class_list":["post-7560","post","type-post","status-publish","format-standard","has-post-thumbnail","hentry","category-actualite","category-pape-francois"],"_links":{"self":[{"href":"https:\/\/catholiques17.fr\/nieul\/wp-json\/wp\/v2\/posts\/7560","targetHints":{"allow":["GET"]}}],"collection":[{"href":"https:\/\/catholiques17.fr\/nieul\/wp-json\/wp\/v2\/posts"}],"about":[{"href":"https:\/\/catholiques17.fr\/nieul\/wp-json\/wp\/v2\/types\/post"}],"author":[{"embeddable":true,"href":"https:\/\/catholiques17.fr\/nieul\/wp-json\/wp\/v2\/users\/4"}],"replies":[{"embeddable":true,"href":"https:\/\/catholiques17.fr\/nieul\/wp-json\/wp\/v2\/comments?post=7560"}],"version-history":[{"count":2,"href":"https:\/\/catholiques17.fr\/nieul\/wp-json\/wp\/v2\/posts\/7560\/revisions"}],"predecessor-version":[{"id":7564,"href":"https:\/\/catholiques17.fr\/nieul\/wp-json\/wp\/v2\/posts\/7560\/revisions\/7564"}],"wp:featuredmedia":[{"embeddable":true,"href":"https:\/\/catholiques17.fr\/nieul\/wp-json\/wp\/v2\/media\/7561"}],"wp:attachment":[{"href":"https:\/\/catholiques17.fr\/nieul\/wp-json\/wp\/v2\/media?parent=7560"}],"wp:term":[{"taxonomy":"category","embeddable":true,"href":"https:\/\/catholiques17.fr\/nieul\/wp-json\/wp\/v2\/categories?post=7560"},{"taxonomy":"post_tag","embeddable":true,"href":"https:\/\/catholiques17.fr\/nieul\/wp-json\/wp\/v2\/tags?post=7560"}],"curies":[{"name":"wp","href":"https:\/\/api.w.org\/{rel}","templated":true}]}}