{"id":7542,"date":"2022-07-19T08:46:52","date_gmt":"2022-07-19T06:46:52","guid":{"rendered":"https:\/\/catholiques17.fr\/nieul\/?p=7542"},"modified":"2022-07-19T08:46:53","modified_gmt":"2022-07-19T06:46:53","slug":"24-juillet-2022-journee-mondiale-des-grands-parents","status":"publish","type":"post","link":"https:\/\/catholiques17.fr\/nieul\/24-juillet-2022-journee-mondiale-des-grands-parents\/","title":{"rendered":"24 juillet 2022 : Journ\u00e9e mondiale des grands-parents"},"content":{"rendered":"\n<div style=\"height:47px\" aria-hidden=\"true\" class=\"wp-block-spacer\"><\/div>\n\n\n\n<p><strong><em>A proximit\u00e9 de la f\u00eate de saint Anne et saint Joachim, les grands-parents de J\u00e9sus, le 26 juin, le Pape Fran\u00e7ois nous invite \u00e0 c\u00e9l\u00e9brer la <a href=\"https:\/\/www.vatican.va\/content\/francesco\/fr\/messages\/nonni\/documents\/20220503-messaggio-nonni-anziani.html\">Deuxi\u00e8me Journ\u00e9e Mondiale des Grands Parents<\/a><\/em><\/strong>. <strong>C\u2019est l\u2019occasion d\u2019\u00eatre attentif aux personnes \u00e2g\u00e9es de notre entourage<\/strong>.<\/p>\n\n\n\n<p><strong>S\u2019adressant aux grands-parents et aux personnes \u00e2g\u00e9es<\/strong>, il les invite \u201c<strong>\u00e0 \u00eatre dans notre monde des artisans de <em>la r\u00e9volution de la tendresse<\/em><\/strong> \u201c :<\/p>\n\n\n\n<blockquote class=\"wp-block-quote is-layout-flow wp-block-quote-is-layout-flow\"><p>Nous, grands-parents et personnes \u00e2g\u00e9es, avons une grande responsabilit\u00e9&nbsp;: enseigner aux femmes et aux hommes de notre temps \u00e0 voir les autres avec le m\u00eame regard compr\u00e9hensif et tendre que nous portons sur nos petits-enfants. Nous avons affin\u00e9 notre humanit\u00e9 en prenant soin des autres et, aujourd\u2019hui, nous pouvons \u00eatre des ma\u00eetres d\u2019une mani\u00e8re de vivre pacifique et attentif aux plus faibles. [\u2026]<\/p><p>Faisons-le en apprenant \u00e0 utiliser toujours plus et toujours mieux l\u2019instrument le plus pr\u00e9cieux que nous avons, et qui est le plus appropri\u00e9 \u00e0 notre \u00e2ge : celui de la pri\u00e8re.<em> \u00ab Devenons, nous aussi, un peu po\u00e8tes de la pri\u00e8re : prenons go\u00fbt \u00e0 chercher nos mots, r\u00e9approprions-nous de ce que nous enseigne la Parole de Dieu \u00bb<\/em>. Notre invocation confiante peut faire beaucoup : elle peut accompagner le cri de douleur de celui qui souffre et elle peut contribuer \u00e0 changer les c\u0153urs.<\/p><cite>Pape Fran\u00e7ois<\/cite><\/blockquote>\n\n\n\n<p>Mais le pape ne s\u2019adresse pas qu\u2019aux personnes \u00e2g\u00e9es : c\u2019est chacun de nous qui doit se sentir concern\u00e9 :<\/p>\n\n\n\n<blockquote class=\"wp-block-quote is-layout-flow wp-block-quote-is-layout-flow\"><p>\u201cBeaucoup de gens ont peur de la vieillesse. Ils la consid\u00e8rent comme une sorte de maladie avec laquelle il vaut mieux \u00e9viter toute sorte de contact : les personnes \u00e2g\u00e9es ne nous concernent pas \u2013 pensent-ils \u2013 et il est opportun qu\u2019elles restent le plus loin possible, peut-\u00eatre entre elles, dans des structures qui s\u2019occupent d\u2019elles et nous pr\u00e9servent d\u2019endosser leurs chagrins. C\u2019est la \u201cculture du rebut\u201d : cette mentalit\u00e9 qui, tout en nous faisant nous sentir diff\u00e9rents des plus faibles et \u00e9trangers \u00e0 leur fragilit\u00e9, nous autorise \u00e0 imaginer des chemins s\u00e9par\u00e9s entre \u201cnous\u201d et \u201ceux\u201d.\u201d [\u2026]<\/p><p><strong>Je vous invite \u00e0 annoncer cette Journ\u00e9e dans vos paroisses et communaut\u00e9s ; \u00e0 aller trouver les personnes \u00e2g\u00e9es les plus seules, \u00e0 la maison ou dans les r\u00e9sidences o\u00f9 elles vivent. Faisons en sorte que personne ne vive cette journ\u00e9e dans la solitude<\/strong>. Avoir quelqu\u2019un \u00e0 attendre peut changer l\u2019orientation des journ\u00e9es de ceux qui n\u2019attendent plus rien de bon de l\u2019avenir ; et, d\u2019une premi\u00e8re rencontre, peut na\u00eetre une nouvelle amiti\u00e9.<\/p><cite> Pape Fran\u00e7ois <\/cite><\/blockquote>\n\n\n\n<p><strong>En cette p\u00e9riode de vacances, o\u00f9 les personnes isol\u00e9es peuvent se sentir encore plus seules\u2026 En cette p\u00e9riode de canicule, o\u00f9 leur sant\u00e9 peut m\u00eame \u00eatre mise \u00e0 mal, \u00e9coutons cet appel du Pape !<\/strong><\/p>\n\n\n\n<blockquote class=\"wp-block-quote is-layout-flow wp-block-quote-is-layout-flow\"><p><strong>La visite aux personnes \u00e2g\u00e9es seules est une \u0153uvre de mis\u00e9ricorde de notre temps !<\/strong><\/p><cite>Pape Fran\u00e7ois<\/cite><\/blockquote>\n\n\n\n<div style=\"height:44px\" aria-hidden=\"true\" class=\"wp-block-spacer\"><\/div>\n\n\n\n<div class=\"wp-block-image\"><figure class=\"aligncenter size-full\"><img loading=\"lazy\" decoding=\"async\" width=\"800\" height=\"310\" src=\"https:\/\/catholiques17.fr\/nieul\/wp-content\/uploads\/sites\/29\/2022\/07\/FR-Logo-Journee-Mondiale-des-Grands-parents-et-des-Personnes-Agee.jpg\" alt=\"\" class=\"wp-image-7544\" srcset=\"https:\/\/catholiques17.fr\/nieul\/wp-content\/uploads\/sites\/29\/2022\/07\/FR-Logo-Journee-Mondiale-des-Grands-parents-et-des-Personnes-Agee.jpg 800w, https:\/\/catholiques17.fr\/nieul\/wp-content\/uploads\/sites\/29\/2022\/07\/FR-Logo-Journee-Mondiale-des-Grands-parents-et-des-Personnes-Agee-480x186.jpg 480w\" sizes=\"(min-width: 0px) and (max-width: 480px) 480px, (min-width: 481px) 800px, 100vw\" \/><\/figure><\/div>\n\n\n\n<div style=\"height:39px\" aria-hidden=\"true\" class=\"wp-block-spacer\"><\/div>\n\n\n\n<hr class=\"wp-block-separator has-text-color has-background has-luminous-vivid-orange-background-color has-luminous-vivid-orange-color\"\/>\n\n\n\n<div style=\"height:46px\" aria-hidden=\"true\" class=\"wp-block-spacer\"><\/div>\n\n\n\n<h3 class=\"has-text-align-center has-white-color has-luminous-vivid-orange-background-color has-text-color has-background wp-block-heading\"><strong>PRI\u00c8RE POUR LA DEUXI\u00c8ME JOURN\u00c9E MONDIALE <\/strong><\/h3>\n\n\n\n<h3 class=\"has-text-align-center has-white-color has-luminous-vivid-orange-background-color has-text-color has-background wp-block-heading\"><strong>DES GRANDS-PARENTS ET DES PERSONNES \u00c2G\u00c9ES<\/strong><\/h3>\n\n\n\n<div style=\"height:35px\" aria-hidden=\"true\" class=\"wp-block-spacer\"><\/div>\n\n\n\n<p class=\"has-text-align-center has-luminous-vivid-orange-color has-text-color\">Je Te remercie, Seigneur,&nbsp;pour la b\u00e9n\u00e9diction d\u2019une longue vie car, \u00e0 ceux qui se r\u00e9fugient en Toi, Tu accordes toujours de porter des fruits.<\/p>\n\n\n\n<p class=\"has-text-align-center has-luminous-vivid-orange-color has-text-color\">Pardonne, \u00f4 Seigneur,&nbsp;ma r\u00e9signation et mon d\u00e9senchantement, mais ne m\u2019abandonne pas&nbsp;lorsque mes forces d\u00e9clinent.<\/p>\n\n\n\n<p class=\"has-text-align-center has-luminous-vivid-orange-color has-text-color\">Apprends-moi \u00e0 regarder avec esp\u00e9rance&nbsp;l\u2019avenir que Tu me donnes, \u00e0 la mission que Tu me confies et de chanter Tes louanges sans fin.<\/p>\n\n\n\n<p class=\"has-text-align-center has-luminous-vivid-orange-color has-text-color\">Fais de moi un tendre artisan de Ta r\u00e9volution, pour m\u2019occuper de mes petits-enfants avec amour et tous les petits qui cherchent refuge en Toi.<\/p>\n\n\n\n<p class=\"has-text-align-center has-luminous-vivid-orange-color has-text-color\">Prot\u00e8ge, \u00f4 Seigneur, le Pape Fran\u00e7ois&nbsp;et accorde \u00e0 Ton \u00c9glise&nbsp;de lib\u00e9rer le monde de la solitude.<\/p>\n\n\n\n<p class=\"has-text-align-center has-luminous-vivid-orange-color has-text-color\">Dirige nos pas sur le chemin de la paix.&nbsp;<\/p>\n\n\n\n<p class=\"has-text-align-center has-luminous-vivid-orange-color has-text-color\">Amen.<\/p>\n\n\n\n<div style=\"height:100px\" aria-hidden=\"true\" class=\"wp-block-spacer\"><\/div>\n","protected":false},"excerpt":{"rendered":"<p>A proximit\u00e9 de la f\u00eate de saint Anne et saint Joachim, les grands-parents de J\u00e9sus, le 26 juin, le Pape Fran\u00e7ois nous invite \u00e0 c\u00e9l\u00e9brer la Deuxi\u00e8me Journ\u00e9e Mondiale des [&hellip;]<\/p>\n","protected":false},"author":4,"featured_media":7543,"comment_status":"open","ping_status":"open","sticky":false,"template":"","format":"standard","meta":{"_et_pb_use_builder":"off","_et_pb_old_content":"","_et_gb_content_width":"","footnotes":""},"categories":[6,21,25],"tags":[],"class_list":["post-7542","post","type-post","status-publish","format-standard","has-post-thumbnail","hentry","category-actualite","category-eglise-universelle","category-solidarite"],"_links":{"self":[{"href":"https:\/\/catholiques17.fr\/nieul\/wp-json\/wp\/v2\/posts\/7542","targetHints":{"allow":["GET"]}}],"collection":[{"href":"https:\/\/catholiques17.fr\/nieul\/wp-json\/wp\/v2\/posts"}],"about":[{"href":"https:\/\/catholiques17.fr\/nieul\/wp-json\/wp\/v2\/types\/post"}],"author":[{"embeddable":true,"href":"https:\/\/catholiques17.fr\/nieul\/wp-json\/wp\/v2\/users\/4"}],"replies":[{"embeddable":true,"href":"https:\/\/catholiques17.fr\/nieul\/wp-json\/wp\/v2\/comments?post=7542"}],"version-history":[{"count":4,"href":"https:\/\/catholiques17.fr\/nieul\/wp-json\/wp\/v2\/posts\/7542\/revisions"}],"predecessor-version":[{"id":7548,"href":"https:\/\/catholiques17.fr\/nieul\/wp-json\/wp\/v2\/posts\/7542\/revisions\/7548"}],"wp:featuredmedia":[{"embeddable":true,"href":"https:\/\/catholiques17.fr\/nieul\/wp-json\/wp\/v2\/media\/7543"}],"wp:attachment":[{"href":"https:\/\/catholiques17.fr\/nieul\/wp-json\/wp\/v2\/media?parent=7542"}],"wp:term":[{"taxonomy":"category","embeddable":true,"href":"https:\/\/catholiques17.fr\/nieul\/wp-json\/wp\/v2\/categories?post=7542"},{"taxonomy":"post_tag","embeddable":true,"href":"https:\/\/catholiques17.fr\/nieul\/wp-json\/wp\/v2\/tags?post=7542"}],"curies":[{"name":"wp","href":"https:\/\/api.w.org\/{rel}","templated":true}]}}