{"id":7507,"date":"2022-07-04T13:04:46","date_gmt":"2022-07-04T11:04:46","guid":{"rendered":"https:\/\/catholiques17.fr\/nieul\/?p=7507"},"modified":"2022-07-04T13:04:47","modified_gmt":"2022-07-04T11:04:47","slug":"intention-de-priere-du-pape-francois-pour-les-personnes-agees-juillet-2022","status":"publish","type":"post","link":"https:\/\/catholiques17.fr\/nieul\/intention-de-priere-du-pape-francois-pour-les-personnes-agees-juillet-2022\/","title":{"rendered":"Intention de pri\u00e8re du Pape Fran\u00e7ois pour les personnes \u00e2g\u00e9es (juillet 2022)."},"content":{"rendered":"\n<div style=\"height:44px\" aria-hidden=\"true\" class=\"wp-block-spacer\"><\/div>\n\n\n\n<blockquote class=\"wp-block-quote is-layout-flow wp-block-quote-is-layout-flow\"><p>Prions pour les personnes \u00e2g\u00e9es, qui repr\u00e9sentent les racines et la m\u00e9moire d\u2019un peuple, afin que leur exp\u00e9rience et leur sagesse aident les plus jeunes \u00e0 regarder l\u2019avenir avec esp\u00e9rance et responsabilit\u00e9.<\/p><\/blockquote>\n\n\n\n<blockquote class=\"wp-block-quote is-layout-flow wp-block-quote-is-layout-flow\"><p>Nous ne pouvons pas parler de la famille sans parler de l\u2019importance que les personnes \u00e2g\u00e9es ont parmi nous.<br>Nous n\u2019avons jamais \u00e9t\u00e9 aussi nombreux dans l\u2019histoire de l\u2019humanit\u00e9, et nous ne savons pas comment bien g\u00e9rer cette nouvelle \u00e9tape de la vie. Il y a de nombreuses propositions d\u2019assistance pour vivre la vieillesse mais peu de projets d\u2019existence.<br>En tant que personnes \u00e2g\u00e9es, nous sommes particuli\u00e8rement sensibles \u00e0 l\u2019attention \u00e0 l\u2019autre, \u00e0 la r\u00e9flexion et \u00e0 l\u2019affection. Nous sommes, ou pouvons devenir, des ma\u00eetres de tendresse. Et \u00e0 quel point !<br>Dans ce monde habitu\u00e9 \u00e0 la guerre, nous avons besoin d\u2019une v\u00e9ritable r\u00e9volution de la tendresse.<br>\u00c0 cet \u00e9gard, nous avons une grande responsabilit\u00e9 envers les nouvelles g\u00e9n\u00e9rations.<br>Souvenons-nous que les grands-parents et les personnes \u00e2g\u00e9es sont le pain qui nourrit nos vies et la sagesse cach\u00e9e d\u2019un peuple. Et c\u2019est parce qu\u2019il convient de les f\u00eater, que j\u2019ai instaur\u00e9 une journ\u00e9e qui leur est consacr\u00e9e.<br>Prions pour les personnes \u00e2g\u00e9es, afin qu\u2019elles se transforment en ma\u00eetres de tendresse et que leur exp\u00e9rience et leur sagesse aident les plus jeunes \u00e0 regarder l\u2019avenir avec esp\u00e9rance et responsabilit\u00e9.<\/p><cite>Pape Fran\u00e7ois \u2013 Intention de pri\u00e8re pour le mois de Juillet 2022<\/cite><\/blockquote>\n\n\n\n<div style=\"height:49px\" aria-hidden=\"true\" class=\"wp-block-spacer\"><\/div>\n\n\n\n<figure class=\"wp-block-embed aligncenter is-type-video is-provider-youtube wp-block-embed-youtube wp-embed-aspect-16-9 wp-has-aspect-ratio\"><div class=\"wp-block-embed__wrapper\">\n<iframe loading=\"lazy\" title=\"Pour les personnes \u00e2g\u00e9es \u2013 La Vid\u00e9o du Pape 07\u2013 Juillet 2022\" width=\"1080\" height=\"608\" src=\"https:\/\/www.youtube.com\/embed\/xh8xUdbBAhQ?feature=oembed\"  allow=\"accelerometer; autoplay; clipboard-write; encrypted-media; gyroscope; picture-in-picture\" allowfullscreen><\/iframe>\n<\/div><\/figure>\n\n\n\n<div style=\"height:38px\" aria-hidden=\"true\" class=\"wp-block-spacer\"><\/div>\n\n\n\n<p>Le <strong>Pape Fran\u00e7ois, <\/strong>qui parle des personnes \u00e2g\u00e9es \u00e0 la premi\u00e8re personne, affirme&nbsp;: \u00ab&nbsp;Nous n\u2019avons jamais \u00e9t\u00e9 aussi nombreux dans l\u2019histoire de l\u2019humanit\u00e9, et nous ne savons pas comment bien g\u00e9rer cette nouvelle \u00e9tape de la vie&nbsp;\u00bb. Au cours des derni\u00e8res d\u00e9cennies, le nombre de personnes \u00e2g\u00e9es de 65 ans et plus n\u2019a cess\u00e9 d\u2019augmenter. Ce vieillissement de la population touche particuli\u00e8rement les pays les plus d\u00e9velopp\u00e9s, o\u00f9 25% des personnes \u00e2g\u00e9es vivent seules. \u00ab Pour vivre la vieillesse, il y a de nombreuses proposition d\u2019assistance mais peu de projets d\u2019existence \u00bb regrette le Pape dans cette vid\u00e9o qui a b\u00e9n\u00e9fici\u00e9 de la collaboration du Dicast\u00e8re pour les La\u00efcs, la Famille et la Vie et de la <em>Fondazione Alberto Sordi<\/em>.&nbsp;<\/p>\n\n\n\n<p>Dans le contexte d\u2019un monde bless\u00e9, le Saint P\u00e8re insiste sur un des r\u00f4les fondamentaux des personnes \u00e2g\u00e9es\u00a0: \u00ab\u00a0Nous, les personnes \u00e2g\u00e9es, sommes particuli\u00e8rement sensibles \u00e0 l\u2019attention \u00e0 l\u2019autre, \u00e0 la r\u00e9flexion, \u00e0 l\u2019affection. Nous sommes ou pouvons devenir des ma\u00eetres en tendresse\u00a0\u00bb dit le Pape. \u00ab\u00a0Dans ce monde habitu\u00e9 \u00e0 la guerre, nous avons besoin d\u2019une v\u00e9ritable r\u00e9volution de la tendresse. A cet \u00e9gard, nous avons une grande responsabilit\u00e9 envers les nouvelles g\u00e9n\u00e9rations\u00a0\u00bb.<\/p>\n\n\n\n<div style=\"height:20px\" aria-hidden=\"true\" class=\"wp-block-spacer\"><\/div>\n\n\n\n<hr class=\"wp-block-separator has-text-color has-background has-luminous-vivid-orange-background-color has-luminous-vivid-orange-color\"\/>\n\n\n\n<div style=\"height:22px\" aria-hidden=\"true\" class=\"wp-block-spacer\"><\/div>\n\n\n\n<div class=\"wp-block-image\"><figure class=\"aligncenter size-full\"><img loading=\"lazy\" decoding=\"async\" width=\"800\" height=\"668\" src=\"https:\/\/catholiques17.fr\/nieul\/wp-content\/uploads\/sites\/29\/2022\/07\/Personnes-agees-1.jpg\" alt=\"\" class=\"wp-image-7509\" srcset=\"https:\/\/catholiques17.fr\/nieul\/wp-content\/uploads\/sites\/29\/2022\/07\/Personnes-agees-1.jpg 800w, https:\/\/catholiques17.fr\/nieul\/wp-content\/uploads\/sites\/29\/2022\/07\/Personnes-agees-1-480x401.jpg 480w\" sizes=\"(min-width: 0px) and (max-width: 480px) 480px, (min-width: 481px) 800px, 100vw\" \/><\/figure><\/div>\n\n\n\n<div class=\"wp-block-image\"><figure class=\"aligncenter size-full\"><img loading=\"lazy\" decoding=\"async\" width=\"550\" height=\"800\" src=\"https:\/\/catholiques17.fr\/nieul\/wp-content\/uploads\/sites\/29\/2022\/07\/Personnes-agees-2.jpg\" alt=\"\" class=\"wp-image-7510\" srcset=\"https:\/\/catholiques17.fr\/nieul\/wp-content\/uploads\/sites\/29\/2022\/07\/Personnes-agees-2.jpg 550w, https:\/\/catholiques17.fr\/nieul\/wp-content\/uploads\/sites\/29\/2022\/07\/Personnes-agees-2-480x698.jpg 480w\" sizes=\"(min-width: 0px) and (max-width: 480px) 480px, (min-width: 481px) 550px, 100vw\" \/><\/figure><\/div>\n\n\n\n<div class=\"wp-block-image\"><figure class=\"aligncenter size-full\"><img loading=\"lazy\" decoding=\"async\" width=\"800\" height=\"467\" src=\"https:\/\/catholiques17.fr\/nieul\/wp-content\/uploads\/sites\/29\/2022\/07\/Personnes-agees-3.jpg\" alt=\"\" class=\"wp-image-7511\" srcset=\"https:\/\/catholiques17.fr\/nieul\/wp-content\/uploads\/sites\/29\/2022\/07\/Personnes-agees-3.jpg 800w, https:\/\/catholiques17.fr\/nieul\/wp-content\/uploads\/sites\/29\/2022\/07\/Personnes-agees-3-480x280.jpg 480w\" sizes=\"(min-width: 0px) and (max-width: 480px) 480px, (min-width: 481px) 800px, 100vw\" \/><\/figure><\/div>\n\n\n\n<div style=\"height:100px\" aria-hidden=\"true\" class=\"wp-block-spacer\"><\/div>\n","protected":false},"excerpt":{"rendered":"<p>Prions pour les personnes \u00e2g\u00e9es, qui repr\u00e9sentent les racines et la m\u00e9moire d\u2019un peuple, afin que leur exp\u00e9rience et leur sagesse aident les plus jeunes \u00e0 regarder l\u2019avenir avec esp\u00e9rance [&hellip;]<\/p>\n","protected":false},"author":4,"featured_media":7508,"comment_status":"open","ping_status":"open","sticky":false,"template":"","format":"standard","meta":{"_et_pb_use_builder":"off","_et_pb_old_content":"","_et_gb_content_width":"","footnotes":""},"categories":[6,21,22],"tags":[],"class_list":["post-7507","post","type-post","status-publish","format-standard","has-post-thumbnail","hentry","category-actualite","category-eglise-universelle","category-pape-francois"],"_links":{"self":[{"href":"https:\/\/catholiques17.fr\/nieul\/wp-json\/wp\/v2\/posts\/7507","targetHints":{"allow":["GET"]}}],"collection":[{"href":"https:\/\/catholiques17.fr\/nieul\/wp-json\/wp\/v2\/posts"}],"about":[{"href":"https:\/\/catholiques17.fr\/nieul\/wp-json\/wp\/v2\/types\/post"}],"author":[{"embeddable":true,"href":"https:\/\/catholiques17.fr\/nieul\/wp-json\/wp\/v2\/users\/4"}],"replies":[{"embeddable":true,"href":"https:\/\/catholiques17.fr\/nieul\/wp-json\/wp\/v2\/comments?post=7507"}],"version-history":[{"count":1,"href":"https:\/\/catholiques17.fr\/nieul\/wp-json\/wp\/v2\/posts\/7507\/revisions"}],"predecessor-version":[{"id":7512,"href":"https:\/\/catholiques17.fr\/nieul\/wp-json\/wp\/v2\/posts\/7507\/revisions\/7512"}],"wp:featuredmedia":[{"embeddable":true,"href":"https:\/\/catholiques17.fr\/nieul\/wp-json\/wp\/v2\/media\/7508"}],"wp:attachment":[{"href":"https:\/\/catholiques17.fr\/nieul\/wp-json\/wp\/v2\/media?parent=7507"}],"wp:term":[{"taxonomy":"category","embeddable":true,"href":"https:\/\/catholiques17.fr\/nieul\/wp-json\/wp\/v2\/categories?post=7507"},{"taxonomy":"post_tag","embeddable":true,"href":"https:\/\/catholiques17.fr\/nieul\/wp-json\/wp\/v2\/tags?post=7507"}],"curies":[{"name":"wp","href":"https:\/\/api.w.org\/{rel}","templated":true}]}}