{"id":7434,"date":"2022-06-03T09:44:10","date_gmt":"2022-06-03T07:44:10","guid":{"rendered":"https:\/\/catholiques17.fr\/nieul\/?p=7434"},"modified":"2022-06-03T09:44:11","modified_gmt":"2022-06-03T07:44:11","slug":"intention-de-priere-du-pape-pour-le-mois-de-juin","status":"publish","type":"post","link":"https:\/\/catholiques17.fr\/nieul\/intention-de-priere-du-pape-pour-le-mois-de-juin\/","title":{"rendered":"Intention de pri\u00e8re du Pape pour le mois de Juin"},"content":{"rendered":"\n<div style=\"height:55px\" aria-hidden=\"true\" class=\"wp-block-spacer\"><\/div>\n\n\n\n<div class=\"wp-block-columns is-layout-flex wp-container-core-columns-is-layout-9d6595d7 wp-block-columns-is-layout-flex\">\n<div class=\"wp-block-column is-layout-flow wp-block-column-is-layout-flow\" style=\"flex-basis:33.33%\">\n<div class=\"wp-block-image\"><figure class=\"aligncenter size-full\"><a href=\"https:\/\/catholiques17.fr\/nieul\/wp-content\/uploads\/sites\/29\/2022\/06\/Intention-Juin2.jpg\"><img loading=\"lazy\" decoding=\"async\" width=\"199\" height=\"800\" src=\"https:\/\/catholiques17.fr\/nieul\/wp-content\/uploads\/sites\/29\/2022\/06\/Intention-Juin2.jpg\" alt=\"\" class=\"wp-image-7436\"\/><\/a><\/figure><\/div>\n<\/div>\n\n\n\n<div class=\"wp-block-column is-layout-flow wp-block-column-is-layout-flow\" style=\"flex-basis:66.66%\">\n<p><\/p>\n\n\n\n<p><\/p>\n\n\n\n<p><strong>Ce mois-ci, le Saint-P\u00e8re prie \u00ab pour les familles chr\u00e9tiennes du monde entier, afin qu\u2019elles puissent vivre la gratuit\u00e9 de l&rsquo;amour et la saintet\u00e9 dans leur vie quotidienne \u00bb.\u00a0<br><\/strong><br><strong><span style=\"text-decoration: underline;\">La famille au centre<\/span><\/strong><br>Apr\u00e8s la Vid\u00e9o de mai d\u00e9di\u00e9e aux jeunes, cette vid\u00e9o s\u2019inscrit dans la s\u00e9rie de trois vid\u00e9os autour de la famille r\u00e9alis\u00e9es par le <strong>R\u00e9seau Mondial de Pri\u00e8re<\/strong> du pape avec la collaboration du <strong>Dicast\u00e8re pour les La\u00efcs, la Famille et la Vie<\/strong>. Par ailleurs l\u2019intention de ce mois co\u00efncide avec la c\u00e9l\u00e9bration de la <strong>Rencontre Mondiale des Familles<\/strong> du 22 au 26 juin \u00e0 Rome. Avec cet \u00e9v\u00e9nement se cl\u00f4ture une ann\u00e9e de m\u00e9ditation sur la famille \u00e0 l\u2019occasion du 5\u00e8me anniversaire de l\u2019exhortation Apostolique Amoris laetitia.<br><br><strong><span style=\"text-decoration: underline;\">La famille en crise ?<\/span><\/strong><br>Depuis des ann\u00e9es, il semble que la famille est en crise permanente. C\u2019est pourquoi, il est important de prendre soin de sa propre famille, dans la r\u00e9alit\u00e9 concr\u00e8te. De fait, la famille continue \u00e0 \u00eatre la principale source de sens dans la vie de nombreuses personnes. Une enqu\u00eate effectu\u00e9e par le Pew Research Center en 2021 o\u00f9 on posait la question de ce qui donnait sens \u00e0 la vie pointe dans cette direction. Les personnes interrog\u00e9es \u00e9voquaient la famille en premi\u00e8re position avant la carri\u00e8re professionnelle, le bien-\u00eatre mat\u00e9riel ou la sant\u00e9.<br><br><strong><span style=\"text-decoration: underline;\">La famille comme chemin de saintet\u00e9<\/span><\/strong><br>\u00ab Bien entendu, il n\u2019existe pas de famille parfaite. Ce n\u2019est pas grave. Nous ne devons pas avoir peur de nous tromper. Bien au contraire, que les erreurs nous soient utiles afin de continuer \u00e0 aller de l\u2019avant ! \u00bb dit le <strong>Pape<\/strong>, en rappelant qu\u2019outre sa grande valeur humaine, la famille est \u00e9galement pr\u00e9cieuse dans une perspective de foi : \u00ab L\u2019amour, dans la famille, est un chemin personnel de saintet\u00e9 pour chacun de nous \u00bb. La foi nous donne ainsi des motifs et un \u00e9lan pour prot\u00e9ger l\u2019institution familiale. \u00ab N\u2019oublions pas que Dieu est avec nous : dans notre famille, dans notre quartier, dans la ville o\u00f9 nous habitons. Il se soucie de nous, il demeure avec nous \u00e0 chaque instant dans le roulis de notre barque agit\u00e9e par la mer. Quand nous parlons, quand nous souffrons, quand nous sommes joyeux \u00bb nous dit <strong>Fran\u00e7ois<\/strong>.\u00a0<br><\/p>\n<\/div>\n<\/div>\n\n\n\n<div style=\"height:32px\" aria-hidden=\"true\" class=\"wp-block-spacer\"><\/div>\n\n\n\n<figure class=\"wp-block-embed aligncenter is-type-video is-provider-youtube wp-block-embed-youtube wp-embed-aspect-16-9 wp-has-aspect-ratio\"><div class=\"wp-block-embed__wrapper\">\n<iframe loading=\"lazy\" title=\"Pour les familles \u2013 La Vid\u00e9o du Pape 06 \u2013 Juin 2022\" width=\"1080\" height=\"608\" src=\"https:\/\/www.youtube.com\/embed\/YytF1HVJWh0?feature=oembed\"  allow=\"accelerometer; autoplay; clipboard-write; encrypted-media; gyroscope; picture-in-picture\" allowfullscreen><\/iframe>\n<\/div><\/figure>\n","protected":false},"excerpt":{"rendered":"<p>Ce mois-ci, le Saint-P\u00e8re prie \u00ab pour les familles chr\u00e9tiennes du monde entier, afin qu\u2019elles puissent vivre la gratuit\u00e9 de l&rsquo;amour et la saintet\u00e9 dans leur vie quotidienne \u00bb.\u00a0La famille [&hellip;]<\/p>\n","protected":false},"author":4,"featured_media":7435,"comment_status":"open","ping_status":"open","sticky":false,"template":"","format":"standard","meta":{"_et_pb_use_builder":"off","_et_pb_old_content":"","_et_gb_content_width":"","footnotes":""},"categories":[6,21,22],"tags":[],"class_list":["post-7434","post","type-post","status-publish","format-standard","has-post-thumbnail","hentry","category-actualite","category-eglise-universelle","category-pape-francois"],"_links":{"self":[{"href":"https:\/\/catholiques17.fr\/nieul\/wp-json\/wp\/v2\/posts\/7434","targetHints":{"allow":["GET"]}}],"collection":[{"href":"https:\/\/catholiques17.fr\/nieul\/wp-json\/wp\/v2\/posts"}],"about":[{"href":"https:\/\/catholiques17.fr\/nieul\/wp-json\/wp\/v2\/types\/post"}],"author":[{"embeddable":true,"href":"https:\/\/catholiques17.fr\/nieul\/wp-json\/wp\/v2\/users\/4"}],"replies":[{"embeddable":true,"href":"https:\/\/catholiques17.fr\/nieul\/wp-json\/wp\/v2\/comments?post=7434"}],"version-history":[{"count":2,"href":"https:\/\/catholiques17.fr\/nieul\/wp-json\/wp\/v2\/posts\/7434\/revisions"}],"predecessor-version":[{"id":7438,"href":"https:\/\/catholiques17.fr\/nieul\/wp-json\/wp\/v2\/posts\/7434\/revisions\/7438"}],"wp:featuredmedia":[{"embeddable":true,"href":"https:\/\/catholiques17.fr\/nieul\/wp-json\/wp\/v2\/media\/7435"}],"wp:attachment":[{"href":"https:\/\/catholiques17.fr\/nieul\/wp-json\/wp\/v2\/media?parent=7434"}],"wp:term":[{"taxonomy":"category","embeddable":true,"href":"https:\/\/catholiques17.fr\/nieul\/wp-json\/wp\/v2\/categories?post=7434"},{"taxonomy":"post_tag","embeddable":true,"href":"https:\/\/catholiques17.fr\/nieul\/wp-json\/wp\/v2\/tags?post=7434"}],"curies":[{"name":"wp","href":"https:\/\/api.w.org\/{rel}","templated":true}]}}