{"id":7399,"date":"2022-05-03T16:13:27","date_gmt":"2022-05-03T14:13:27","guid":{"rendered":"https:\/\/catholiques17.fr\/nieul\/?p=7399"},"modified":"2022-05-24T15:09:25","modified_gmt":"2022-05-24T13:09:25","slug":"intention-de-priere-du-pape-pour-le-mois-de-mai","status":"publish","type":"post","link":"https:\/\/catholiques17.fr\/nieul\/intention-de-priere-du-pape-pour-le-mois-de-mai\/","title":{"rendered":"Intention de pri\u00e8re du Pape pour le mois de Mai"},"content":{"rendered":"\n<div style=\"height:29px\" aria-hidden=\"true\" class=\"wp-block-spacer\"><\/div>\n\n\n\n<p class=\"has-text-align-center has-text-color has-medium-font-size\" style=\"color:#15628e\"><strong>En ce mois de mai, le Pape initie un cycle de trois intentions de pri\u00e8re consacr\u00e9es \u00e0 la famille. <\/strong><\/p>\n\n\n\n<p>Il souhaite tout d\u2019abord s\u2019adresser aux jeunes, eux qui \u00ab veulent construire quelque chose de nouveau \u00bb. Il leur donne un exemple \u00e0 suivre : \u00ab Lorsque je cherche un mod\u00e8le auquel vous, les jeunes, vous pouvez vous identifier, je pense toujours \u00e0 Marie, notre m\u00e8re. \u00bb <\/p>\n\n\n\n<p>Fran\u00e7ois demande aux jeunes de prendre des risques en tenant compte \u00ab qu\u2019il leur faut discerner et d\u00e9couvrir ce que J\u00e9sus attend d\u2019eux \u00bb. Dans ce discernement, le pape Fran\u00e7ois leur dit \u00ab qu\u2019il est fort utile que vous \u00e9coutiez vos grands-parents \u00bb. <\/p>\n\n\n\n<p>Il leur propose trois compagnons de route sur leur trajectoire de vie : <strong>le courage, savoir \u00e9couter et le d\u00e9vouement dans le service.<\/strong> <\/p>\n\n\n\n<div style=\"height:26px\" aria-hidden=\"true\" class=\"wp-block-spacer\"><\/div>\n\n\n\n<figure class=\"wp-block-embed aligncenter is-type-video is-provider-youtube wp-block-embed-youtube wp-embed-aspect-16-9 wp-has-aspect-ratio\"><div class=\"wp-block-embed__wrapper\">\n<iframe loading=\"lazy\" title=\"Pour la foi des jeunes \u2013 La Vid\u00e9o du Pape 05 \u2013 Mai 2022\" width=\"1080\" height=\"608\" src=\"https:\/\/www.youtube.com\/embed\/MVKlAQT-UiU?feature=oembed\"  allow=\"accelerometer; autoplay; clipboard-write; encrypted-media; gyroscope; picture-in-picture\" allowfullscreen><\/iframe>\n<\/div><\/figure>\n\n\n\n<div style=\"height:21px\" aria-hidden=\"true\" class=\"wp-block-spacer\"><\/div>\n\n\n\n<blockquote class=\"wp-block-quote is-layout-flow wp-block-quote-is-layout-flow\"><p>Pour parler de la famille, j\u2019aimerais commencer en m\u2019adressant tout d\u2019abord aux jeunes. Lorsque je cherche un mod\u00e8le auquel vous, les jeunes, vous pouvez vous identifier, je pense toujours \u00e0 Marie, notre m\u00e8re. \u00c0 son courage, \u00e0 sa capacit\u00e9 d\u2019\u00e9coute et \u00e0 son d\u00e9vouement dans le service. Elle \u00e9tait courageuse et d\u00e9termin\u00e9e dans son \u00ab oui \u00bb au Seigneur. Vous, les jeunes, qui voulez construire quelque chose de nouveau, un monde meilleur, suivez son exemple, prenez des risques. N\u2019oubliez pas que pour suivre Marie, il vous faut discerner et d\u00e9couvrir ce que J\u00e9sus attend de vous, et non ce que vous-m\u00eames pensez pouvoir faire. Dans ce discernement, il est fort utile que vous \u00e9coutiez vos grands-parents. En effet, dans les paroles de vos grands-parents, vous allez trouver une sagesse qui vous m\u00e8nera au-del\u00e0 des probl\u00e8mes du moment pr\u00e9sent. Ces paroles vont \u00e9largir votre champ de vision. Prions mes fr\u00e8res et s\u0153urs afin que les jeunes, appel\u00e9s \u00e0 une vie en pl\u00e9nitude, d\u00e9couvrent en Marie un mod\u00e8le d\u2019\u00e9coute, la profondeur du discernement, le courage de la foi et le d\u00e9vouement au service.<\/p><\/blockquote>\n\n\n\n<div style=\"height:52px\" aria-hidden=\"true\" class=\"wp-block-spacer\"><\/div>\n","protected":false},"excerpt":{"rendered":"<p>En ce mois de mai, le Pape initie un cycle de trois intentions de pri\u00e8re consacr\u00e9es \u00e0 la famille. Il souhaite tout d\u2019abord s\u2019adresser aux jeunes, eux qui \u00ab veulent [&hellip;]<\/p>\n","protected":false},"author":4,"featured_media":7398,"comment_status":"open","ping_status":"open","sticky":false,"template":"","format":"standard","meta":{"_et_pb_use_builder":"off","_et_pb_old_content":"","_et_gb_content_width":"","footnotes":""},"categories":[6,21,22],"tags":[],"class_list":["post-7399","post","type-post","status-publish","format-standard","has-post-thumbnail","hentry","category-actualite","category-eglise-universelle","category-pape-francois"],"_links":{"self":[{"href":"https:\/\/catholiques17.fr\/nieul\/wp-json\/wp\/v2\/posts\/7399","targetHints":{"allow":["GET"]}}],"collection":[{"href":"https:\/\/catholiques17.fr\/nieul\/wp-json\/wp\/v2\/posts"}],"about":[{"href":"https:\/\/catholiques17.fr\/nieul\/wp-json\/wp\/v2\/types\/post"}],"author":[{"embeddable":true,"href":"https:\/\/catholiques17.fr\/nieul\/wp-json\/wp\/v2\/users\/4"}],"replies":[{"embeddable":true,"href":"https:\/\/catholiques17.fr\/nieul\/wp-json\/wp\/v2\/comments?post=7399"}],"version-history":[{"count":4,"href":"https:\/\/catholiques17.fr\/nieul\/wp-json\/wp\/v2\/posts\/7399\/revisions"}],"predecessor-version":[{"id":7405,"href":"https:\/\/catholiques17.fr\/nieul\/wp-json\/wp\/v2\/posts\/7399\/revisions\/7405"}],"wp:featuredmedia":[{"embeddable":true,"href":"https:\/\/catholiques17.fr\/nieul\/wp-json\/wp\/v2\/media\/7398"}],"wp:attachment":[{"href":"https:\/\/catholiques17.fr\/nieul\/wp-json\/wp\/v2\/media?parent=7399"}],"wp:term":[{"taxonomy":"category","embeddable":true,"href":"https:\/\/catholiques17.fr\/nieul\/wp-json\/wp\/v2\/categories?post=7399"},{"taxonomy":"post_tag","embeddable":true,"href":"https:\/\/catholiques17.fr\/nieul\/wp-json\/wp\/v2\/tags?post=7399"}],"curies":[{"name":"wp","href":"https:\/\/api.w.org\/{rel}","templated":true}]}}