{"id":7321,"date":"2022-04-05T16:25:39","date_gmt":"2022-04-05T14:25:39","guid":{"rendered":"https:\/\/catholiques17.fr\/nieul\/?p=7321"},"modified":"2022-04-05T16:26:25","modified_gmt":"2022-04-05T14:26:25","slug":"intention-de-priere-du-pape-pour-le-mois-davril","status":"publish","type":"post","link":"https:\/\/catholiques17.fr\/nieul\/intention-de-priere-du-pape-pour-le-mois-davril\/","title":{"rendered":"Intention de pri\u00e8re du Pape pour le mois d&rsquo;avril"},"content":{"rendered":"\n<div style=\"height:40px\" aria-hidden=\"true\" class=\"wp-block-spacer\"><\/div>\n\n\n\n<figure class=\"wp-block-embed aligncenter is-type-video is-provider-youtube wp-block-embed-youtube wp-embed-aspect-16-9 wp-has-aspect-ratio\"><div class=\"wp-block-embed__wrapper\">\n<iframe loading=\"lazy\" title=\"Pour le personnel de sant\u00e9 \u2013 La Vid\u00e9o du Pape 04 \u2013 Avril 2022\" width=\"1080\" height=\"608\" src=\"https:\/\/www.youtube.com\/embed\/SP1m9jaInFE?feature=oembed\"  allow=\"accelerometer; autoplay; clipboard-write; encrypted-media; gyroscope; picture-in-picture\" allowfullscreen><\/iframe>\n<\/div><\/figure>\n\n\n\n<div style=\"height:31px\" aria-hidden=\"true\" class=\"wp-block-spacer\"><\/div>\n\n\n\n<p>Ce mois-ci, le <strong>Saint P\u00e8re<\/strong> aborde la situation des services de sant\u00e9 dans le monde et lance un appel pour que \u00ab&nbsp;l&rsquo;engagement du personnel de sant\u00e9 envers les malades et les personnes \u00e2g\u00e9es, en particulier dans les pays les plus pauvres, soit soutenu par les gouvernements et les communaut\u00e9s locales&nbsp;\u00bb.<\/p>\n\n\n\n<p><em>Le test de r\u00e9sistance \u00e0 la pand\u00e9mie<\/em><br>Le contexte de la pand\u00e9mie a montr\u00e9 les d\u00e9faillances des syst\u00e8mes de sant\u00e9 et l&rsquo;in\u00e9galit\u00e9 d&rsquo;acc\u00e8s \u00e0 un traitement ad\u00e9quat. Dans son intention de pri\u00e8re d&rsquo;avril, <strong>Fran\u00e7ois<\/strong> observe : \u00ab&nbsp;Cette pand\u00e9mie a \u00e9galement mis en \u00e9vidence le fait que tous n\u2019ont pas acc\u00e8s \u00e0 un syst\u00e8me de sant\u00e9 publique satisfaisant. Les pays les plus pauvres et les plus vuln\u00e9rables n\u2019ont pas la possibilit\u00e9 d\u2019acc\u00e9der aux traitements n\u00e9cessaires pour soigner les nombreuses maladies dont ils continuent de souffrir&nbsp;\u00bb. Selon le rapport de l&rsquo;Organisation de Coop\u00e9ration et de D\u00e9veloppement Economiques (OCDE), \u00ab&nbsp;Etat de la sant\u00e9 2021&nbsp;\u00bb, le mauvais \u00e9tat du syst\u00e8me de sant\u00e9 a eu une incidence sur les soins re\u00e7us par les malades. Parmi les diff\u00e9rents facteurs, le manque de personnel de sant\u00e9 a \u00e9t\u00e9 plus d\u00e9terminant que le nombre de lits d&rsquo;h\u00f4pitaux ou d&rsquo;\u00e9quipements techniques.&nbsp;<\/p>\n\n\n\n<p><em>Un \u00e9norme travail effectu\u00e9 dans le monde entier<\/em><br>Dans un contexte aussi difficile, d\u00e9j\u00e0 caract\u00e9ris\u00e9 par l\u2019urgence, les agents de sant\u00e9 se sont illustr\u00e9s dans de multiples projets \u00e0 travers le monde, comme le montrent les images de la Vid\u00e9o du Pape : les campagnes \u00ab&nbsp;Un vaccin pour nous&nbsp;\u00bb et \u00ab&nbsp;Les m\u00e8res et les enfants d&rsquo;abord&nbsp;\u00bb de CUAMM &#8211; M\u00e9decins avec l\u2019Afrique ; le projet de l&rsquo;AVSI en Ouganda pour amener les femmes enceintes \u00e0 l&rsquo;h\u00f4pital en moto ; le travail dans diff\u00e9rents pays de l&rsquo;Ordre hospitalier de Saint Jean de Dieu (Fate bene fratelli) ; le travail des s\u0153urs ministres des malades de St&nbsp;Camille en Tha\u00eflande et des Religieux Camilliens au Br\u00e9sil ; les structures sanitaires au Bangladesh et au P\u00e9rou de COE, Apurimac ETS et la Communaut\u00e9 Missionnaire de Villaregia, organisations membres de la FOCSIV. Il convient de mentionner le travail du Dr Erik Jennings Sim\u00f5es &#8211; \u00e9galement pr\u00e9sent\u00e9 dans cette vid\u00e9o &#8211; qui aide depuis vingt ans les populations autochtones de la for\u00eat amazonienne br\u00e9silienne, o\u00f9 il a mis en place le premier service de neurochirurgie.<\/p>\n\n\n\n<p><em>Un appel aux gouvernements<\/em><br>Cependant, ce surinvestissement ne peut pas permettre \u00e0 chacun de b\u00e9n\u00e9ficier de soins de sant\u00e9 adapt\u00e9s de fa\u00e7on p\u00e9renne. \u00ab&nbsp;Je demande aux gouvernements de tous les pays du monde de ne pas oublier qu\u2019un bon service de sant\u00e9, accessible \u00e0 tous, est une priorit\u00e9&nbsp;\u00bb a d\u00e9clar\u00e9 <strong>Fran\u00e7ois<\/strong>. Si cela ne s&rsquo;est pas fait jusqu&rsquo;\u00e0 pr\u00e9sent, a-t-il ajout\u00e9, c&rsquo;est surtout \u00ab&nbsp;le r\u00e9sultat d\u2019une mauvaise gestion des ressources et d\u2019un manque d\u2019engagement politique s\u00e9rieux&nbsp;\u00bb.<\/p>\n\n\n\n<p>Le\u00a0<strong>p\u00e8re Fr\u00e9d\u00e9ric Fornos SJ<\/strong>, directeur international du <a rel=\"noreferrer noopener\" href=\"https:\/\/lamachi.us2.list-manage.com\/track\/click?u=f4ad1af194e3c394ddd3c2b53&amp;id=1d6ceea87e&amp;e=36f957ed93\" target=\"_blank\">R\u00e9seau Mondial de Pri\u00e8re du Pape<\/a> a comment\u00e9 ainsi cette intention : \u00ab\u00a0Le pape Fran\u00e7ois est toujours tr\u00e8s attentif aux personnes, aux malades, aux personnes \u00e2g\u00e9es, aux plus vuln\u00e9rables. Cette demande de pri\u00e8re, pour ce mois d&rsquo;avril, est d\u00e9di\u00e9e au personnel de sant\u00e9 qui les prennent en charge. Ils se sont trouv\u00e9s dans des situations de crise, souvent sans soutien suffisant, en particulier dans les pays dot\u00e9s de moindres ressources. La pand\u00e9mie a confirm\u00e9 que le syst\u00e8me de sant\u00e9 et les personnels de sant\u00e9 sont essentiels \u00e0 la soci\u00e9t\u00e9. Le pape demande plus de ressources pour les soutenir, en particulier dans les pays dont le syst\u00e8me de sant\u00e9 est fragile, sans quoi nous serons confront\u00e9s \u00e0 \u00ab\u00a0d&rsquo;autres pand\u00e9mies\u00a0\u00bb. Confions cette intention de pri\u00e8re au Seigneur et agissons en cons\u00e9quence\u00a0\u00bb.<\/p>\n\n\n\n<div style=\"height:100px\" aria-hidden=\"true\" class=\"wp-block-spacer\"><\/div>\n","protected":false},"excerpt":{"rendered":"<p>Ce mois-ci, le Saint P\u00e8re aborde la situation des services de sant\u00e9 dans le monde et lance un appel pour que \u00ab&nbsp;l&rsquo;engagement du personnel de sant\u00e9 envers les malades et [&hellip;]<\/p>\n","protected":false},"author":4,"featured_media":7322,"comment_status":"open","ping_status":"open","sticky":false,"template":"","format":"standard","meta":{"_et_pb_use_builder":"off","_et_pb_old_content":"","_et_gb_content_width":"","footnotes":""},"categories":[6,22],"tags":[],"class_list":["post-7321","post","type-post","status-publish","format-standard","has-post-thumbnail","hentry","category-actualite","category-pape-francois"],"_links":{"self":[{"href":"https:\/\/catholiques17.fr\/nieul\/wp-json\/wp\/v2\/posts\/7321","targetHints":{"allow":["GET"]}}],"collection":[{"href":"https:\/\/catholiques17.fr\/nieul\/wp-json\/wp\/v2\/posts"}],"about":[{"href":"https:\/\/catholiques17.fr\/nieul\/wp-json\/wp\/v2\/types\/post"}],"author":[{"embeddable":true,"href":"https:\/\/catholiques17.fr\/nieul\/wp-json\/wp\/v2\/users\/4"}],"replies":[{"embeddable":true,"href":"https:\/\/catholiques17.fr\/nieul\/wp-json\/wp\/v2\/comments?post=7321"}],"version-history":[{"count":2,"href":"https:\/\/catholiques17.fr\/nieul\/wp-json\/wp\/v2\/posts\/7321\/revisions"}],"predecessor-version":[{"id":7324,"href":"https:\/\/catholiques17.fr\/nieul\/wp-json\/wp\/v2\/posts\/7321\/revisions\/7324"}],"wp:featuredmedia":[{"embeddable":true,"href":"https:\/\/catholiques17.fr\/nieul\/wp-json\/wp\/v2\/media\/7322"}],"wp:attachment":[{"href":"https:\/\/catholiques17.fr\/nieul\/wp-json\/wp\/v2\/media?parent=7321"}],"wp:term":[{"taxonomy":"category","embeddable":true,"href":"https:\/\/catholiques17.fr\/nieul\/wp-json\/wp\/v2\/categories?post=7321"},{"taxonomy":"post_tag","embeddable":true,"href":"https:\/\/catholiques17.fr\/nieul\/wp-json\/wp\/v2\/tags?post=7321"}],"curies":[{"name":"wp","href":"https:\/\/api.w.org\/{rel}","templated":true}]}}