{"id":7058,"date":"2022-01-18T15:48:17","date_gmt":"2022-01-18T14:48:17","guid":{"rendered":"https:\/\/catholiques17.fr\/nieul\/?p=7058"},"modified":"2022-01-18T15:50:58","modified_gmt":"2022-01-18T14:50:58","slug":"quest-ce-que-le-dimanche-de-la-parole-de-dieu","status":"publish","type":"post","link":"https:\/\/catholiques17.fr\/nieul\/quest-ce-que-le-dimanche-de-la-parole-de-dieu\/","title":{"rendered":"Qu&rsquo;est-ce que le dimanche de la Parole de Dieu ?"},"content":{"rendered":"\n<div style=\"height:39px\" aria-hidden=\"true\" class=\"wp-block-spacer\"><\/div>\n\n\n\n<p>Dans une lettre apostolique \u00ab&nbsp;Aperuit illis&nbsp;\u00bb du lundi 30 septembre 2019 en forme de \u00ab&nbsp;motu proprio&nbsp;\u00bb, le souverain pontife Fran\u00e7ois a institu\u00e9 le dimanche de la Parole de Dieu (le 3eme&nbsp;Dimanche du Temps ordinaire). Ainsi, ce dimanche 23 janvier, nous sommes appel\u00e9s \u00e0 approfondir la lecture et la compr\u00e9hension de l\u2019Ecriture Sainte, pour notre dialogue avec Dieu.<\/p>\n\n\n\n<p class=\"has-text-color\" style=\"color:#0071a1\">Tout naturellement, les lectures de ce jour orientent notre attention sur la proclamation de la Parole :<\/p>\n\n\n\n<ul class=\"wp-block-list\"><li>Ne 8, 2-4a.5-6.8-10 : Esdras lit un passage du Livre de la Loi devant tout le peuple assembl\u00e9 ;<\/li><li>Lc 1, 1-4 ; 4, 14-21 : J\u00e9sus, \u00e0 la synagogue de Nazareth, lit un extrait du proph\u00e8te Isa\u00efe et l\u2019actualise.<\/li><\/ul>\n\n\n\n<div style=\"height:24px\" aria-hidden=\"true\" class=\"wp-block-spacer\"><\/div>\n\n\n\n<p class=\"has-text-color\" style=\"color:#0071a1\">Suggestions pour favoriser la solennisation et la r\u00e9alisation de la Parole de Dieu&nbsp;<em>aujourd\u2019hui<\/em>&nbsp;(comme dit Isa\u00efe)&nbsp;:<\/p>\n\n\n\n<ul class=\"wp-block-list\"><li>Le lectionnaire est port\u00e9&nbsp;<em>solennellement<\/em>&nbsp;lors de la procession d\u2019entr\u00e9e.<\/li><li>Les lectures du jour sont&nbsp;<em>proclam\u00e9es<\/em>&nbsp;avec un soin tout particulier.<\/li><li>Un servant d\u2019autel ou, mieux, deux, portant un&nbsp;<em>cierge<\/em>, accompagnent le pr\u00eatre ou le diacre \u00e0 l\u2019ambon pour la proclamation de l\u2019\u00c9vangile.<\/li><li>Si cela est possible, l\u2019utilisation de&nbsp;<em>l\u2019encens<\/em>&nbsp;est aussi une fa\u00e7on d\u2019honorer l\u2019\u00c9vangile.<\/li><li>Le diacre ou le pr\u00eatre qui lit l\u2019\u00c9vangile peut le chanter, ou, plus exactement, le&nbsp;cantiller.<\/li><li>L\u2019hom\u00e9lie veille \u00e0 \u00ab&nbsp;<em>faire entrer en profondeur dans la Parole de Dieu&nbsp;<\/em>\u00bb (<em>AI \u00a7<\/em>5).<\/li><\/ul>\n\n\n\n<div style=\"height:17px\" aria-hidden=\"true\" class=\"wp-block-spacer\"><\/div>\n\n\n\n<blockquote class=\"wp-block-quote is-layout-flow wp-block-quote-is-layout-flow\"><p>\u00ab&nbsp;<em>Ce jour consacr\u00e9 \u00e0 la Bible veut \u00eatre non pas<\/em>&nbsp;\u00ab une seule fois par an \u00bb,&nbsp;<em>mais un \u00e9v\u00e9nement pour toute l\u2019ann\u00e9e, parce que nous avons un besoin urgent de devenir familiers et intimes de l\u2019\u00c9criture Sainte et du Ressuscit\u00e9<\/em>&nbsp;\u00bb (<em>AI<\/em>&nbsp;\u00a78).<\/p><cite>Aperuit illis<\/cite><\/blockquote>\n\n\n\n<p class=\"has-text-align-center\"><a rel=\"noreferrer noopener\" href=\"https:\/\/catholiques17.fr\/wp-content\/uploads\/2022\/01\/papa-francesco-motu-proprio-20190930_aperuit-illis.pdf\" target=\"_blank\">Retrouvez <\/a>l\u2019int\u00e9gralit\u00e9 de la lettre apostolique du pape Fran\u00e7ois<\/p>\n","protected":false},"excerpt":{"rendered":"<p>Dans une lettre apostolique \u00ab&nbsp;Aperuit illis&nbsp;\u00bb du lundi 30 septembre 2019 en forme de \u00ab&nbsp;motu proprio&nbsp;\u00bb, le souverain pontife Fran\u00e7ois a institu\u00e9 le dimanche de la Parole de Dieu (le [&hellip;]<\/p>\n","protected":false},"author":4,"featured_media":7057,"comment_status":"open","ping_status":"open","sticky":false,"template":"","format":"standard","meta":{"_et_pb_use_builder":"off","_et_pb_old_content":"","_et_gb_content_width":"","footnotes":""},"categories":[6,19,22],"tags":[],"class_list":["post-7058","post","type-post","status-publish","format-standard","has-post-thumbnail","hentry","category-actualite","category-liturgie","category-pape-francois"],"_links":{"self":[{"href":"https:\/\/catholiques17.fr\/nieul\/wp-json\/wp\/v2\/posts\/7058","targetHints":{"allow":["GET"]}}],"collection":[{"href":"https:\/\/catholiques17.fr\/nieul\/wp-json\/wp\/v2\/posts"}],"about":[{"href":"https:\/\/catholiques17.fr\/nieul\/wp-json\/wp\/v2\/types\/post"}],"author":[{"embeddable":true,"href":"https:\/\/catholiques17.fr\/nieul\/wp-json\/wp\/v2\/users\/4"}],"replies":[{"embeddable":true,"href":"https:\/\/catholiques17.fr\/nieul\/wp-json\/wp\/v2\/comments?post=7058"}],"version-history":[{"count":3,"href":"https:\/\/catholiques17.fr\/nieul\/wp-json\/wp\/v2\/posts\/7058\/revisions"}],"predecessor-version":[{"id":7061,"href":"https:\/\/catholiques17.fr\/nieul\/wp-json\/wp\/v2\/posts\/7058\/revisions\/7061"}],"wp:featuredmedia":[{"embeddable":true,"href":"https:\/\/catholiques17.fr\/nieul\/wp-json\/wp\/v2\/media\/7057"}],"wp:attachment":[{"href":"https:\/\/catholiques17.fr\/nieul\/wp-json\/wp\/v2\/media?parent=7058"}],"wp:term":[{"taxonomy":"category","embeddable":true,"href":"https:\/\/catholiques17.fr\/nieul\/wp-json\/wp\/v2\/categories?post=7058"},{"taxonomy":"post_tag","embeddable":true,"href":"https:\/\/catholiques17.fr\/nieul\/wp-json\/wp\/v2\/tags?post=7058"}],"curies":[{"name":"wp","href":"https:\/\/api.w.org\/{rel}","templated":true}]}}