{"id":7000,"date":"2022-01-04T16:46:25","date_gmt":"2022-01-04T15:46:25","guid":{"rendered":"https:\/\/catholiques17.fr\/nieul\/?p=7000"},"modified":"2022-01-18T15:51:16","modified_gmt":"2022-01-18T14:51:16","slug":"intention-de-priere-du-pape-mois-de-janvier-2022","status":"publish","type":"post","link":"https:\/\/catholiques17.fr\/nieul\/intention-de-priere-du-pape-mois-de-janvier-2022\/","title":{"rendered":"Intention de pri\u00e8re du Pape &#8211; Mois de janvier 2022"},"content":{"rendered":"\n<div style=\"height:35px\" aria-hidden=\"true\" class=\"wp-block-spacer\"><\/div>\n\n\n\n<p class=\"has-text-align-center has-text-color has-normal-font-size\" style=\"color:#0071a1\"><strong>67% de la population mondiale vit dans des pays o\u00f9 la libert\u00e9 religieuse est ni\u00e9e. <\/strong><\/p>\n\n\n\n<p>\u00ab Comment pouvons-nous permettre, dans une soci\u00e9t\u00e9 si civilis\u00e9e, que des personnes soient pers\u00e9cut\u00e9es en raison du seul fait qu\u2019elles professent publiquement leur foi ? \u00bb Si nous laissons nos diff\u00e9rences nous s\u00e9parer, nous perdons de vue l\u2019essentiel : \u00ab Nous avons tellement de choses en commun en tant qu\u2019\u00eatres humains que nous pouvons vivre en accueillant nos diff\u00e9rences dans la joie d\u2019\u00eatre fr\u00e8res \u00bb. <\/p>\n\n\n\n<p>Suivons le conseil que le Pape nous donne dans son intention de pri\u00e8re de janvier : <strong>\u00ab Choisissons le chemin de la fraternit\u00e9 \u00bb<\/strong>. Comment se peut-il qu\u2019aujourd\u2019hui tant de minorit\u00e9s religieuses souffrent de discriminations ou de pers\u00e9cutions ? Comment pouvons-nous permettre, dans une soci\u00e9t\u00e9 si civilis\u00e9e, que des personnes soient pers\u00e9cut\u00e9es en raison du seul fait qu\u2019elles professent publiquement leur foi ? Non seulement c\u2019est inacceptable, mais c\u2019est inhumain : c\u2019est une folie. La libert\u00e9 religieuse ne se limite pas \u00e0 la libert\u00e9 de culte, \u00e0 savoir au fait de pouvoir pratiquer son culte le jour qui est prescrit par les livres sacr\u00e9s, mais elle consiste \u00e0 valoriser l\u2019autre dans sa diff\u00e9rence et \u00e0 voir v\u00e9ritablement dans l\u2019autre un fr\u00e8re. <\/p>\n\n\n\n<p>Nous avons tellement de choses en commun en tant qu\u2019\u00eatres humains que nous pouvons vivre en accueillant nos diff\u00e9rences dans la joie d\u2019\u00eatre fr\u00e8res. Qu\u2019une diff\u00e9rence, qu\u2019elle soit petite ou substantielle comme la diff\u00e9rence religieuse, ne nous emp\u00eache pas de voir la grande unit\u00e9 d&rsquo;\u00eatre fr\u00e8res ! Choisissons le chemin de la fraternit\u00e9. Parce que soit nous sommes fr\u00e8res, soit tout s\u2019\u00e9croule. <strong>Prions pour que les victimes de discrimination et de pers\u00e9cution religieuse trouvent dans la soci\u00e9t\u00e9 la reconnaissance de leurs droits, et la dignit\u00e9 qui vient de la fraternit\u00e9.<\/strong><\/p>\n\n\n\n<div style=\"height:56px\" aria-hidden=\"true\" class=\"wp-block-spacer\"><\/div>\n\n\n\n<figure class=\"wp-block-embed aligncenter is-type-video is-provider-youtube wp-block-embed-youtube wp-embed-aspect-16-9 wp-has-aspect-ratio\"><div class=\"wp-block-embed__wrapper\">\n<iframe loading=\"lazy\" title=\"Discrimination et pers\u00e9cution religieuse \u2013 La Vid\u00e9o du Pape 1 \u2013 Janvier 2022\" width=\"1080\" height=\"608\" src=\"https:\/\/www.youtube.com\/embed\/RGfpRuBo_Pc?feature=oembed\"  allow=\"accelerometer; autoplay; clipboard-write; encrypted-media; gyroscope; picture-in-picture\" allowfullscreen><\/iframe>\n<\/div><\/figure>\n\n\n\n<div style=\"height:30px\" aria-hidden=\"true\" class=\"wp-block-spacer\"><\/div>\n\n\n\n<hr class=\"wp-block-separator is-style-default\"\/>\n\n\n\n<div style=\"height:35px\" aria-hidden=\"true\" class=\"wp-block-spacer\"><\/div>\n\n\n\n<div class=\"wp-block-image\"><figure class=\"aligncenter size-full\"><img loading=\"lazy\" decoding=\"async\" width=\"678\" height=\"669\" src=\"https:\/\/catholiques17.fr\/nieul\/wp-content\/uploads\/sites\/29\/2022\/01\/1.jpg\" alt=\"\" class=\"wp-image-7007\" srcset=\"https:\/\/catholiques17.fr\/nieul\/wp-content\/uploads\/sites\/29\/2022\/01\/1.jpg 678w, https:\/\/catholiques17.fr\/nieul\/wp-content\/uploads\/sites\/29\/2022\/01\/1-480x474.jpg 480w\" sizes=\"(min-width: 0px) and (max-width: 480px) 480px, (min-width: 481px) 678px, 100vw\" \/><\/figure><\/div>\n\n\n\n<div class=\"wp-block-image\"><figure class=\"aligncenter size-full\"><img loading=\"lazy\" decoding=\"async\" width=\"686\" height=\"753\" src=\"https:\/\/catholiques17.fr\/nieul\/wp-content\/uploads\/sites\/29\/2022\/01\/2.jpg\" alt=\"\" class=\"wp-image-7008\" srcset=\"https:\/\/catholiques17.fr\/nieul\/wp-content\/uploads\/sites\/29\/2022\/01\/2.jpg 686w, https:\/\/catholiques17.fr\/nieul\/wp-content\/uploads\/sites\/29\/2022\/01\/2-480x527.jpg 480w\" sizes=\"(min-width: 0px) and (max-width: 480px) 480px, (min-width: 481px) 686px, 100vw\" \/><\/figure><\/div>\n\n\n\n<div class=\"wp-block-image\"><figure class=\"aligncenter size-full\"><img loading=\"lazy\" decoding=\"async\" width=\"623\" height=\"678\" src=\"https:\/\/catholiques17.fr\/nieul\/wp-content\/uploads\/sites\/29\/2022\/01\/3.jpg\" alt=\"\" class=\"wp-image-7009\" srcset=\"https:\/\/catholiques17.fr\/nieul\/wp-content\/uploads\/sites\/29\/2022\/01\/3.jpg 623w, https:\/\/catholiques17.fr\/nieul\/wp-content\/uploads\/sites\/29\/2022\/01\/3-480x522.jpg 480w\" sizes=\"(min-width: 0px) and (max-width: 480px) 480px, (min-width: 481px) 623px, 100vw\" \/><\/figure><\/div>\n","protected":false},"excerpt":{"rendered":"<p>67% de la population mondiale vit dans des pays o\u00f9 la libert\u00e9 religieuse est ni\u00e9e. \u00ab Comment pouvons-nous permettre, dans une soci\u00e9t\u00e9 si civilis\u00e9e, que des personnes soient pers\u00e9cut\u00e9es en [&hellip;]<\/p>\n","protected":false},"author":4,"featured_media":7004,"comment_status":"open","ping_status":"open","sticky":false,"template":"","format":"standard","meta":{"_et_pb_use_builder":"off","_et_pb_old_content":"","_et_gb_content_width":"","footnotes":""},"categories":[6,22],"tags":[],"class_list":["post-7000","post","type-post","status-publish","format-standard","has-post-thumbnail","hentry","category-actualite","category-pape-francois"],"_links":{"self":[{"href":"https:\/\/catholiques17.fr\/nieul\/wp-json\/wp\/v2\/posts\/7000","targetHints":{"allow":["GET"]}}],"collection":[{"href":"https:\/\/catholiques17.fr\/nieul\/wp-json\/wp\/v2\/posts"}],"about":[{"href":"https:\/\/catholiques17.fr\/nieul\/wp-json\/wp\/v2\/types\/post"}],"author":[{"embeddable":true,"href":"https:\/\/catholiques17.fr\/nieul\/wp-json\/wp\/v2\/users\/4"}],"replies":[{"embeddable":true,"href":"https:\/\/catholiques17.fr\/nieul\/wp-json\/wp\/v2\/comments?post=7000"}],"version-history":[{"count":4,"href":"https:\/\/catholiques17.fr\/nieul\/wp-json\/wp\/v2\/posts\/7000\/revisions"}],"predecessor-version":[{"id":7010,"href":"https:\/\/catholiques17.fr\/nieul\/wp-json\/wp\/v2\/posts\/7000\/revisions\/7010"}],"wp:featuredmedia":[{"embeddable":true,"href":"https:\/\/catholiques17.fr\/nieul\/wp-json\/wp\/v2\/media\/7004"}],"wp:attachment":[{"href":"https:\/\/catholiques17.fr\/nieul\/wp-json\/wp\/v2\/media?parent=7000"}],"wp:term":[{"taxonomy":"category","embeddable":true,"href":"https:\/\/catholiques17.fr\/nieul\/wp-json\/wp\/v2\/categories?post=7000"},{"taxonomy":"post_tag","embeddable":true,"href":"https:\/\/catholiques17.fr\/nieul\/wp-json\/wp\/v2\/tags?post=7000"}],"curies":[{"name":"wp","href":"https:\/\/api.w.org\/{rel}","templated":true}]}}