{"id":11076,"date":"2026-04-30T14:56:54","date_gmt":"2026-04-30T12:56:54","guid":{"rendered":"https:\/\/catholiques17.fr\/nieul\/?p=11076"},"modified":"2026-04-30T14:56:54","modified_gmt":"2026-04-30T12:56:54","slug":"collecte-pour-le-cafe-causette","status":"publish","type":"post","link":"https:\/\/catholiques17.fr\/nieul\/collecte-pour-le-cafe-causette\/","title":{"rendered":"Collecte pour le caf\u00e9 causette"},"content":{"rendered":"\n<div style=\"height:72px\" aria-hidden=\"true\" class=\"wp-block-spacer\"><\/div>\n\n\n\n<p>Depuis presque un an, la Paroisse Saint Gabriel aide le caf\u00e9 causette \u00e0 pouvoir offrir un petit d\u00e9jeuner \u00e0 tous ceux qui se pr\u00e9sent dans leur local, derri\u00e8re l&rsquo;\u00e9glise Saint Sauveur sur le port de La Rochelle.&nbsp;<\/p>\n\n\n\n<p>Pour cela, <strong>tous les premi\u00e8res dimanches du mois<\/strong>, une corbeille sera plac\u00e9e \u00e0 l&rsquo;entr\u00e9e de l&rsquo;\u00e9glise, dans laquelle vous pouvez d\u00e9poser des denr\u00e9es alimentaires pour soutenir l&rsquo;action du Secours Catholique.\u00a0<\/p>\n\n\n\n<p>Vous pouvez d\u00e9poser : caf\u00e9 soluble et en poudre, confiture, sucre, lait, chocolat en poudre. Aussi p\u00e2t\u00e9 en boite, c\u00e9r\u00e9ales, g\u00e2teaux secs.\u00a0<\/p>\n\n\n\n<p>Alors rendez-vous dimanche prochaine,\u00a03 mai, \u00e0 Nieul, L&rsquo;Houmeau et Lagord, car ce sera le 1er dimanche du mois. A Marsilly, la collecte se fait le 2 \u00e8me dimanche de chaque mois.<\/p>\n\n\n\n<p><strong>Merci pour votre aide !<\/strong><\/p>\n\n\n\n<div style=\"height:61px\" aria-hidden=\"true\" class=\"wp-block-spacer\"><\/div>\n\n\n\n<figure class=\"wp-block-embed aligncenter is-type-video is-provider-youtube wp-block-embed-youtube wp-embed-aspect-16-9 wp-has-aspect-ratio\"><div class=\"wp-block-embed__wrapper\">\n<iframe loading=\"lazy\" title=\"D\u00e9couvrez le caf\u00e9 causette de la Rochelle : la solidarit\u00e9 en action, gr\u00e2ce au Secours Catholique !\" width=\"1080\" height=\"608\" src=\"https:\/\/www.youtube.com\/embed\/dvGJLzle0IU?feature=oembed\"  allow=\"accelerometer; autoplay; clipboard-write; encrypted-media; gyroscope; picture-in-picture; web-share\" referrerpolicy=\"strict-origin-when-cross-origin\" allowfullscreen><\/iframe>\n<\/div><\/figure>\n\n\n\n<div style=\"height:61px\" aria-hidden=\"true\" class=\"wp-block-spacer\"><\/div>\n","protected":false},"excerpt":{"rendered":"<p>Depuis presque un an, la Paroisse Saint Gabriel aide le caf\u00e9 causette \u00e0 pouvoir offrir un petit d\u00e9jeuner \u00e0 tous ceux qui se pr\u00e9sent dans leur local, derri\u00e8re l&rsquo;\u00e9glise Saint [&hellip;]<\/p>\n","protected":false},"author":4,"featured_media":11077,"comment_status":"open","ping_status":"open","sticky":false,"template":"","format":"standard","meta":{"_et_pb_use_builder":"off","_et_pb_old_content":"","_et_gb_content_width":"","footnotes":""},"categories":[6,25],"tags":[],"class_list":["post-11076","post","type-post","status-publish","format-standard","has-post-thumbnail","hentry","category-actualite","category-solidarite"],"_links":{"self":[{"href":"https:\/\/catholiques17.fr\/nieul\/wp-json\/wp\/v2\/posts\/11076","targetHints":{"allow":["GET"]}}],"collection":[{"href":"https:\/\/catholiques17.fr\/nieul\/wp-json\/wp\/v2\/posts"}],"about":[{"href":"https:\/\/catholiques17.fr\/nieul\/wp-json\/wp\/v2\/types\/post"}],"author":[{"embeddable":true,"href":"https:\/\/catholiques17.fr\/nieul\/wp-json\/wp\/v2\/users\/4"}],"replies":[{"embeddable":true,"href":"https:\/\/catholiques17.fr\/nieul\/wp-json\/wp\/v2\/comments?post=11076"}],"version-history":[{"count":1,"href":"https:\/\/catholiques17.fr\/nieul\/wp-json\/wp\/v2\/posts\/11076\/revisions"}],"predecessor-version":[{"id":11078,"href":"https:\/\/catholiques17.fr\/nieul\/wp-json\/wp\/v2\/posts\/11076\/revisions\/11078"}],"wp:featuredmedia":[{"embeddable":true,"href":"https:\/\/catholiques17.fr\/nieul\/wp-json\/wp\/v2\/media\/11077"}],"wp:attachment":[{"href":"https:\/\/catholiques17.fr\/nieul\/wp-json\/wp\/v2\/media?parent=11076"}],"wp:term":[{"taxonomy":"category","embeddable":true,"href":"https:\/\/catholiques17.fr\/nieul\/wp-json\/wp\/v2\/categories?post=11076"},{"taxonomy":"post_tag","embeddable":true,"href":"https:\/\/catholiques17.fr\/nieul\/wp-json\/wp\/v2\/tags?post=11076"}],"curies":[{"name":"wp","href":"https:\/\/api.w.org\/{rel}","templated":true}]}}