{"id":11073,"date":"2026-04-27T09:17:04","date_gmt":"2026-04-27T07:17:04","guid":{"rendered":"https:\/\/catholiques17.fr\/nieul\/?p=11073"},"modified":"2026-04-27T09:17:05","modified_gmt":"2026-04-27T07:17:05","slug":"annonces-paroissiales-semaine-du-27-avril-au-3-mai","status":"publish","type":"post","link":"https:\/\/catholiques17.fr\/nieul\/annonces-paroissiales-semaine-du-27-avril-au-3-mai\/","title":{"rendered":"Annonces paroissiales &#8211; Semaine du 27 avril au 3 mai"},"content":{"rendered":"\n<div style=\"height:62px\" aria-hidden=\"true\" class=\"wp-block-spacer\"><\/div>\n\n\n\n<p><strong>Lundi 27 avril \u00e0 14h :<\/strong>: Obs\u00e8ques de Chantal DANGEL \u00e0 Lagord &#8211; 15h : Obs\u00e8ques de Denise MASSIN \u00e0 Marsilly.<\/p>\n\n\n\n<p><strong>Mardi 28 avril&nbsp;<\/strong>: Confessions \u00e0 partir de 18h et messe \u00e0 18h30 \u00e0 Lagord<\/p>\n\n\n\n<p><strong>Jeudi 30 avril :<\/strong> Confessions \u00e0 partir de 18h et messe \u00e018h30 &nbsp;\u00e0 Lagord &nbsp;: &nbsp;<\/p>\n\n\n\n<p><strong>Samedi 2 mai \u00e0 11h<\/strong> : Bapt\u00eame de Pablo et Oscar LEGRAND-DURAN \u00e0 l&rsquo;Houmeau<\/p>\n\n\n\n<div style=\"height:50px\" aria-hidden=\"true\" class=\"wp-block-spacer\"><\/div>\n\n\n\n<p><strong>DIMANCHE 3 MAI 2026 : 5\u00e8me DIMANCHE de P\u00c2QUES<\/strong><\/p>\n\n\n\n<ul class=\"wp-block-list\">\n<li>Samedi 2\/5 : Messe anticip\u00e9e \u00e0 18h \u00e0 Nieul\/mer<\/li>\n\n\n\n<li>Dimanche 3\/5 : Messes \u00e0 9h30 \u00e0 L&rsquo;Houmeau et \u00e0 11h \u00e0 Lagord<\/li>\n<\/ul>\n\n\n\n<div style=\"height:61px\" aria-hidden=\"true\" class=\"wp-block-spacer\"><\/div>\n","protected":false},"excerpt":{"rendered":"<p>Lundi 27 avril \u00e0 14h :: Obs\u00e8ques de Chantal DANGEL \u00e0 Lagord &#8211; 15h : Obs\u00e8ques de Denise MASSIN \u00e0 Marsilly. Mardi 28 avril&nbsp;: Confessions \u00e0 partir de 18h et [&hellip;]<\/p>\n","protected":false},"author":4,"featured_media":10791,"comment_status":"open","ping_status":"open","sticky":false,"template":"","format":"standard","meta":{"_et_pb_use_builder":"off","_et_pb_old_content":"","_et_gb_content_width":"","footnotes":""},"categories":[6,24],"tags":[],"class_list":["post-11073","post","type-post","status-publish","format-standard","has-post-thumbnail","hentry","category-actualite","category-annonces"],"_links":{"self":[{"href":"https:\/\/catholiques17.fr\/nieul\/wp-json\/wp\/v2\/posts\/11073","targetHints":{"allow":["GET"]}}],"collection":[{"href":"https:\/\/catholiques17.fr\/nieul\/wp-json\/wp\/v2\/posts"}],"about":[{"href":"https:\/\/catholiques17.fr\/nieul\/wp-json\/wp\/v2\/types\/post"}],"author":[{"embeddable":true,"href":"https:\/\/catholiques17.fr\/nieul\/wp-json\/wp\/v2\/users\/4"}],"replies":[{"embeddable":true,"href":"https:\/\/catholiques17.fr\/nieul\/wp-json\/wp\/v2\/comments?post=11073"}],"version-history":[{"count":1,"href":"https:\/\/catholiques17.fr\/nieul\/wp-json\/wp\/v2\/posts\/11073\/revisions"}],"predecessor-version":[{"id":11074,"href":"https:\/\/catholiques17.fr\/nieul\/wp-json\/wp\/v2\/posts\/11073\/revisions\/11074"}],"wp:featuredmedia":[{"embeddable":true,"href":"https:\/\/catholiques17.fr\/nieul\/wp-json\/wp\/v2\/media\/10791"}],"wp:attachment":[{"href":"https:\/\/catholiques17.fr\/nieul\/wp-json\/wp\/v2\/media?parent=11073"}],"wp:term":[{"taxonomy":"category","embeddable":true,"href":"https:\/\/catholiques17.fr\/nieul\/wp-json\/wp\/v2\/categories?post=11073"},{"taxonomy":"post_tag","embeddable":true,"href":"https:\/\/catholiques17.fr\/nieul\/wp-json\/wp\/v2\/tags?post=11073"}],"curies":[{"name":"wp","href":"https:\/\/api.w.org\/{rel}","templated":true}]}}