{"id":11014,"date":"2026-03-23T09:31:12","date_gmt":"2026-03-23T08:31:12","guid":{"rendered":"https:\/\/catholiques17.fr\/nieul\/?p=11014"},"modified":"2026-03-23T09:31:14","modified_gmt":"2026-03-23T08:31:14","slug":"annonces-paroissiales-semaine-du-23-au-29-mars","status":"publish","type":"post","link":"https:\/\/catholiques17.fr\/nieul\/annonces-paroissiales-semaine-du-23-au-29-mars\/","title":{"rendered":"Annonces paroissiales &#8211; Semaine du 23 au 29 mars"},"content":{"rendered":"\n<div style=\"height:52px\" aria-hidden=\"true\" class=\"wp-block-spacer\"><\/div>\n\n\n\n<p><strong>Lundi 23 mars \u00e0 14h30&nbsp;<\/strong>: Groupe de la Parole chez Anne-Marie THOMAZEAU<\/p>\n\n\n\n<p><strong>Mardi 24 mars : <\/strong><strong>PAS de MESSE<\/strong> \u00e0 18h30 \u00e0 Lagord<\/p>\n\n\n\n<p><strong>Jeudi 26 mars \u00e0 15h30<\/strong> : Messe SEM \u00a0au \u00ab\u00a0Jardin du G\u00f4\u00a0\u00bb \u00e0 Nieul\/mer &#8211; <strong>18h30\u00a0<\/strong>: Messe \u00e0 Lagord &#8211; Confessions \u00e0 partir de 18h<\/p>\n\n\n\n<p><strong>Samedi \u00a028 mars \u00e0 9h45<\/strong> \u00e0 Lagord : Rites pr\u00e9paratoires du bapt\u00eame\u00a0avec les cinq cat\u00e9chum\u00e8nes adultes &#8211; <strong>11h<\/strong> \u00e0 Lagord : Bapt\u00eame de Romy DUCHESNE<\/p>\n\n\n\n<div style=\"height:54px\" aria-hidden=\"true\" class=\"wp-block-spacer\"><\/div>\n\n\n\n<figure class=\"wp-block-image aligncenter size-full\"><img loading=\"lazy\" decoding=\"async\" width=\"640\" height=\"426\" src=\"https:\/\/catholiques17.fr\/nieul\/wp-content\/uploads\/sites\/29\/2022\/03\/cathopic_152323533496702_1.jpg\" alt=\"\" class=\"wp-image-7193\" srcset=\"https:\/\/catholiques17.fr\/nieul\/wp-content\/uploads\/sites\/29\/2022\/03\/cathopic_152323533496702_1.jpg 640w, https:\/\/catholiques17.fr\/nieul\/wp-content\/uploads\/sites\/29\/2022\/03\/cathopic_152323533496702_1-480x320.jpg 480w\" sizes=\"(min-width: 0px) and (max-width: 480px) 480px, (min-width: 481px) 640px, 100vw\" \/><\/figure>\n\n\n\n<div style=\"height:54px\" aria-hidden=\"true\" class=\"wp-block-spacer\"><\/div>\n\n\n\n<p class=\"has-text-align-center\"><strong><span style=\"text-decoration: underline;\">Dimanche 28 mars 2026<\/span> : DIMANCHE des RAMEAUX<\/strong><\/p>\n\n\n\n<p class=\"has-text-align-center\"><strong>Samedi 27\/03 :<\/strong> Messe anticip\u00e9e \u00e0 18h \u00e0 Nieul sur Mer<\/p>\n\n\n\n<p class=\"has-text-align-center\"><strong>Dimanche 28\/03 : <\/strong>Messe \u00e0 11h \u00e0 Lagord<\/p>\n\n\n\n<div style=\"height:54px\" aria-hidden=\"true\" class=\"wp-block-spacer\"><\/div>\n","protected":false},"excerpt":{"rendered":"<p>Lundi 23 mars \u00e0 14h30&nbsp;: Groupe de la Parole chez Anne-Marie THOMAZEAU Mardi 24 mars : PAS de MESSE \u00e0 18h30 \u00e0 Lagord Jeudi 26 mars \u00e0 15h30 : Messe [&hellip;]<\/p>\n","protected":false},"author":4,"featured_media":10791,"comment_status":"open","ping_status":"open","sticky":false,"template":"","format":"standard","meta":{"_et_pb_use_builder":"off","_et_pb_old_content":"","_et_gb_content_width":"","footnotes":""},"categories":[6,24],"tags":[],"class_list":["post-11014","post","type-post","status-publish","format-standard","has-post-thumbnail","hentry","category-actualite","category-annonces"],"_links":{"self":[{"href":"https:\/\/catholiques17.fr\/nieul\/wp-json\/wp\/v2\/posts\/11014","targetHints":{"allow":["GET"]}}],"collection":[{"href":"https:\/\/catholiques17.fr\/nieul\/wp-json\/wp\/v2\/posts"}],"about":[{"href":"https:\/\/catholiques17.fr\/nieul\/wp-json\/wp\/v2\/types\/post"}],"author":[{"embeddable":true,"href":"https:\/\/catholiques17.fr\/nieul\/wp-json\/wp\/v2\/users\/4"}],"replies":[{"embeddable":true,"href":"https:\/\/catholiques17.fr\/nieul\/wp-json\/wp\/v2\/comments?post=11014"}],"version-history":[{"count":3,"href":"https:\/\/catholiques17.fr\/nieul\/wp-json\/wp\/v2\/posts\/11014\/revisions"}],"predecessor-version":[{"id":11017,"href":"https:\/\/catholiques17.fr\/nieul\/wp-json\/wp\/v2\/posts\/11014\/revisions\/11017"}],"wp:featuredmedia":[{"embeddable":true,"href":"https:\/\/catholiques17.fr\/nieul\/wp-json\/wp\/v2\/media\/10791"}],"wp:attachment":[{"href":"https:\/\/catholiques17.fr\/nieul\/wp-json\/wp\/v2\/media?parent=11014"}],"wp:term":[{"taxonomy":"category","embeddable":true,"href":"https:\/\/catholiques17.fr\/nieul\/wp-json\/wp\/v2\/categories?post=11014"},{"taxonomy":"post_tag","embeddable":true,"href":"https:\/\/catholiques17.fr\/nieul\/wp-json\/wp\/v2\/tags?post=11014"}],"curies":[{"name":"wp","href":"https:\/\/api.w.org\/{rel}","templated":true}]}}