{"id":11011,"date":"2026-03-16T08:28:46","date_gmt":"2026-03-16T07:28:46","guid":{"rendered":"https:\/\/catholiques17.fr\/nieul\/?p=11011"},"modified":"2026-03-16T08:28:48","modified_gmt":"2026-03-16T07:28:48","slug":"annonces-paroissiales-semaine-du-16-au-22-mars","status":"publish","type":"post","link":"https:\/\/catholiques17.fr\/nieul\/annonces-paroissiales-semaine-du-16-au-22-mars\/","title":{"rendered":"Annonces paroissiales &#8211; Semaine du 16 au 22 mars"},"content":{"rendered":"\n<div style=\"height:57px\" aria-hidden=\"true\" class=\"wp-block-spacer\"><\/div>\n\n\n\n<p><strong>Mardi 17 mars : Pas de messe <\/strong>\u00e0 18h30 \u00e0 Lagord<\/p>\n\n\n\n<p><strong>Mercredi 18 mars : <\/strong>Messe SEM au \u00ab\u00a0Rayon d&rsquo;Or\u00a0\u00bb \u00e0 Lagord \u00e0 14h30 &#8211; Messe \u00e0 18h30 \u00e0 Lagord &#8211; Confessions \u00e0 partir de 18h<\/p>\n\n\n\n<p><strong>Vendredi 20 mars : <\/strong>Chemin de croix \u00e0 15h \u00e0 Nieul &#8211; Soir\u00e9e de partage de Car\u00eame (Messe \u00e0 18h \u00e9glise de Marsilly, suivie d&rsquo;un repas partag\u00e9. Pendant le repas, l&rsquo;hospitalit\u00e9 dioc\u00e9saine nous partagera ses projets et ses besoins. Une corbeille sera disponible pour votre don en fin de soir\u00e9e) : inscription n\u00e9cessaire avant le 16 mars. Venir avec son assiette, verre et couverts.<\/p>\n\n\n\n<div style=\"height:45px\" aria-hidden=\"true\" class=\"wp-block-spacer\"><\/div>\n\n\n\n<p><strong>Dimanche 22 mars &#8211; 5\u00e8me Dimanche de Car\u00eame<\/strong><\/p>\n\n\n\n<ul class=\"wp-block-list\">\n<li>Samedi 21\/03 : Messe anticip\u00e9e \u00e0 18h \u00e0 Nieul<\/li>\n\n\n\n<li>Dimanche 22\/03 : Messes \u00e0 9h30 \u00e0 Marsilly et \u00e0 11h \u00e0 Lagord<\/li>\n<\/ul>\n\n\n\n<div style=\"height:45px\" aria-hidden=\"true\" class=\"wp-block-spacer\"><\/div>\n","protected":false},"excerpt":{"rendered":"<p>Mardi 17 mars : Pas de messe \u00e0 18h30 \u00e0 Lagord Mercredi 18 mars : Messe SEM au \u00ab\u00a0Rayon d&rsquo;Or\u00a0\u00bb \u00e0 Lagord \u00e0 14h30 &#8211; Messe \u00e0 18h30 \u00e0 Lagord [&hellip;]<\/p>\n","protected":false},"author":4,"featured_media":10791,"comment_status":"open","ping_status":"open","sticky":false,"template":"","format":"standard","meta":{"_et_pb_use_builder":"off","_et_pb_old_content":"","_et_gb_content_width":"","footnotes":""},"categories":[6,24],"tags":[],"class_list":["post-11011","post","type-post","status-publish","format-standard","has-post-thumbnail","hentry","category-actualite","category-annonces"],"_links":{"self":[{"href":"https:\/\/catholiques17.fr\/nieul\/wp-json\/wp\/v2\/posts\/11011","targetHints":{"allow":["GET"]}}],"collection":[{"href":"https:\/\/catholiques17.fr\/nieul\/wp-json\/wp\/v2\/posts"}],"about":[{"href":"https:\/\/catholiques17.fr\/nieul\/wp-json\/wp\/v2\/types\/post"}],"author":[{"embeddable":true,"href":"https:\/\/catholiques17.fr\/nieul\/wp-json\/wp\/v2\/users\/4"}],"replies":[{"embeddable":true,"href":"https:\/\/catholiques17.fr\/nieul\/wp-json\/wp\/v2\/comments?post=11011"}],"version-history":[{"count":1,"href":"https:\/\/catholiques17.fr\/nieul\/wp-json\/wp\/v2\/posts\/11011\/revisions"}],"predecessor-version":[{"id":11012,"href":"https:\/\/catholiques17.fr\/nieul\/wp-json\/wp\/v2\/posts\/11011\/revisions\/11012"}],"wp:featuredmedia":[{"embeddable":true,"href":"https:\/\/catholiques17.fr\/nieul\/wp-json\/wp\/v2\/media\/10791"}],"wp:attachment":[{"href":"https:\/\/catholiques17.fr\/nieul\/wp-json\/wp\/v2\/media?parent=11011"}],"wp:term":[{"taxonomy":"category","embeddable":true,"href":"https:\/\/catholiques17.fr\/nieul\/wp-json\/wp\/v2\/categories?post=11011"},{"taxonomy":"post_tag","embeddable":true,"href":"https:\/\/catholiques17.fr\/nieul\/wp-json\/wp\/v2\/tags?post=11011"}],"curies":[{"name":"wp","href":"https:\/\/api.w.org\/{rel}","templated":true}]}}