{"id":10981,"date":"2026-03-09T08:52:58","date_gmt":"2026-03-09T07:52:58","guid":{"rendered":"https:\/\/catholiques17.fr\/nieul\/?p=10981"},"modified":"2026-03-09T08:52:59","modified_gmt":"2026-03-09T07:52:59","slug":"annonces-paroissiales-semaine-du-9-au-15-mars","status":"publish","type":"post","link":"https:\/\/catholiques17.fr\/nieul\/annonces-paroissiales-semaine-du-9-au-15-mars\/","title":{"rendered":"Annonces paroissiales &#8211; Semaine du 9 au 15 mars"},"content":{"rendered":"\n<div style=\"height:42px\" aria-hidden=\"true\" class=\"wp-block-spacer\"><\/div>\n\n\n\n<p><strong>Mardi 10 mars<\/strong> <strong>\u00e0 18h30<\/strong> : Messe \u00e0 Lagord. Confessions \u00e0 partir de 18h.<\/p>\n\n\n\n<p><strong>Jeudi 12 mars \u00e0 15h :\u00a0<\/strong>Messe SEM au \u00a0\u00ab\u00a0Bois d&rsquo;Hur\u00e9\u00a0\u00bb \u00e0 Lagord &#8211; <strong>18h30<\/strong> Messe \u00a0\u00e0 Lagord &#8211; Confessions \u00e0 partir de 18h<\/p>\n\n\n\n<p><strong>Vendredi 13 mars<\/strong> <strong>\u00e0 15h<\/strong> : Chemin de Croix \u00e0 L&rsquo;Houmeau<\/p>\n\n\n\n<p><strong>Samedi 14 mars&nbsp;<\/strong>: Pr\u00e9paration \u00e0 la Premi\u00e8re Communion<\/p>\n\n\n\n<div style=\"height:54px\" aria-hidden=\"true\" class=\"wp-block-spacer\"><\/div>\n\n\n\n<p><strong>Dimanche 15 mars 2026 : 4\u00e8me DIMANCHE de CAR\u00caME<\/strong><\/p>\n\n\n\n<ul class=\"wp-block-list\">\n<li>Samedi 14\/03 : Messe anticip\u00e9e \u00e0 18h \u00e0 Nieul sur Mer.<\/li>\n<\/ul>\n\n\n\n<ul class=\"wp-block-list\">\n<li>Dimanche 15\/03 : Messes \u00e0 9h30 \u00e0 L&rsquo;Houmeau et \u00e0 11h \u00e0 Lagord<\/li>\n<\/ul>\n\n\n\n<div style=\"height:54px\" aria-hidden=\"true\" class=\"wp-block-spacer\"><\/div>\n\n\n\n<ul class=\"wp-block-list\">\n<li><strong>Le CCFD-Terre Solidaire pr\u00e9sente<\/strong> <strong>\u00a0une visioconf\u00e9rence sur<\/strong> <strong>l&rsquo;AGROECOLOGIE\u00a0<\/strong>en lien avec ses partenaires\u00a0au Maroc<\/li>\n<\/ul>\n\n\n\n<p>JEUDI 12 MARS 2026 \u00e0 18h30 \u00e0 20h,  cit\u00e9 de la nature et des sciences 31 av. Victor Scho\u00eblcher\u00a0 \u00e0 La Rochelle.<\/p>\n\n\n\n<div style=\"height:54px\" aria-hidden=\"true\" class=\"wp-block-spacer\"><\/div>\n\n\n\n<p><\/p>\n\n\n\n<p class=\"has-white-color has-luminous-vivid-orange-background-color has-text-color has-background has-link-color wp-elements-42b62222f97ff5de6e6daedbd8f4c371\"><strong>Repas de Car\u00eame de la Paroisse : Vendredi 20 mars 2026 \u00e0 MARSILLY<\/strong> : \u00a0Venez vivre un moment de fraternit\u00e9 au profit de l&rsquo;Hospitalit\u00e9 Dioc\u00e9saine, qui accompagne malades et jeunes vers Lourdes.<br><\/p>\n\n\n\n<div style=\"height:30px\" aria-hidden=\"true\" class=\"wp-block-spacer\"><\/div>\n\n\n\n<p class=\"has-text-color has-link-color wp-elements-afafeee5fb6e4526b364ba1a30c1d4be\" style=\"color:#196896\">AU PROGRAMME : <strong>18h  Messe en l&rsquo;\u00e9glise de Marsilly,<\/strong> <strong>suivie d&rsquo;un repas partag\u00e9 (Salle \u00e0 c\u00f4t\u00e9 de l&rsquo;\u00e9glise)<\/strong><br>ANIMATION : Pendant le repas, l&rsquo;hospitalit\u00e9 nous partagera ses projets et ses besoins. Une corbeille sera disponible pour vos dons en fin de soir\u00e9e.<br>APPORTER : Merci de venir avec vos propres assiettes, couverts et verres.<\/p>\n\n\n\n<p class=\"has-text-color has-link-color wp-elements-0b268cb6c87fbd8ec024c9f0dfd3efea\" style=\"color:#196896\"><br><strong>INSCRIPTION OBLIGATOIRE (avant dimanche 15 mars)<\/strong> : <strong>t\u00e9l. : 06 10 79 56 04 &#8211; courriel <\/strong><em>: <a href=\"mailto:milhouse17@orange.fr\" target=\"_blank\" rel=\"noreferrer noopener\">milhouse17@orange.fr<\/a><\/em><\/p>\n\n\n\n<div style=\"height:54px\" aria-hidden=\"true\" class=\"wp-block-spacer\"><\/div>\n","protected":false},"excerpt":{"rendered":"<p>Mardi 10 mars \u00e0 18h30 : Messe \u00e0 Lagord. Confessions \u00e0 partir de 18h. Jeudi 12 mars \u00e0 15h :\u00a0Messe SEM au \u00a0\u00ab\u00a0Bois d&rsquo;Hur\u00e9\u00a0\u00bb \u00e0 Lagord &#8211; 18h30 Messe \u00a0\u00e0 [&hellip;]<\/p>\n","protected":false},"author":4,"featured_media":10791,"comment_status":"open","ping_status":"open","sticky":false,"template":"","format":"standard","meta":{"_et_pb_use_builder":"off","_et_pb_old_content":"","_et_gb_content_width":"","footnotes":""},"categories":[6,24],"tags":[],"class_list":["post-10981","post","type-post","status-publish","format-standard","has-post-thumbnail","hentry","category-actualite","category-annonces"],"_links":{"self":[{"href":"https:\/\/catholiques17.fr\/nieul\/wp-json\/wp\/v2\/posts\/10981","targetHints":{"allow":["GET"]}}],"collection":[{"href":"https:\/\/catholiques17.fr\/nieul\/wp-json\/wp\/v2\/posts"}],"about":[{"href":"https:\/\/catholiques17.fr\/nieul\/wp-json\/wp\/v2\/types\/post"}],"author":[{"embeddable":true,"href":"https:\/\/catholiques17.fr\/nieul\/wp-json\/wp\/v2\/users\/4"}],"replies":[{"embeddable":true,"href":"https:\/\/catholiques17.fr\/nieul\/wp-json\/wp\/v2\/comments?post=10981"}],"version-history":[{"count":2,"href":"https:\/\/catholiques17.fr\/nieul\/wp-json\/wp\/v2\/posts\/10981\/revisions"}],"predecessor-version":[{"id":10983,"href":"https:\/\/catholiques17.fr\/nieul\/wp-json\/wp\/v2\/posts\/10981\/revisions\/10983"}],"wp:featuredmedia":[{"embeddable":true,"href":"https:\/\/catholiques17.fr\/nieul\/wp-json\/wp\/v2\/media\/10791"}],"wp:attachment":[{"href":"https:\/\/catholiques17.fr\/nieul\/wp-json\/wp\/v2\/media?parent=10981"}],"wp:term":[{"taxonomy":"category","embeddable":true,"href":"https:\/\/catholiques17.fr\/nieul\/wp-json\/wp\/v2\/categories?post=10981"},{"taxonomy":"post_tag","embeddable":true,"href":"https:\/\/catholiques17.fr\/nieul\/wp-json\/wp\/v2\/tags?post=10981"}],"curies":[{"name":"wp","href":"https:\/\/api.w.org\/{rel}","templated":true}]}}