{"id":10952,"date":"2026-03-02T08:30:38","date_gmt":"2026-03-02T07:30:38","guid":{"rendered":"https:\/\/catholiques17.fr\/nieul\/?p=10952"},"modified":"2026-03-02T08:30:41","modified_gmt":"2026-03-02T07:30:41","slug":"pelerinages-des-meres-des-peres-a-fatima-a-lourdes","status":"publish","type":"post","link":"https:\/\/catholiques17.fr\/nieul\/pelerinages-des-meres-des-peres-a-fatima-a-lourdes\/","title":{"rendered":"P\u00e8lerinages des m\u00e8res, des p\u00e8res, \u00e0 Fatima, \u00e0 Lourdes"},"content":{"rendered":"\n<div style=\"height:72px\" aria-hidden=\"true\" class=\"wp-block-spacer\"><\/div>\n\n\n\n<p class=\"has-text-align-center has-medium-font-size\"><strong>Avec le retour des beaux jours, c&rsquo;est aussi le retour des p\u00e8lerinages !<\/strong><\/p>\n\n\n\n<p>Un p\u00e8lerinage, c&rsquo;est l&rsquo;occasion de r\u00e9pondre \u00e0 l\u2019invitation du Christ qui ne cesse de redire : \u00ab\u00a0Viens et suis moi\u00a0\u00bb. Partir en p\u00e8lerinage, c\u2019est se d\u00e9sinstaller et partir vers d\u2019autres lieux, vers d\u2019autres cieux, vers d\u2019autres gens : c\u2019est s\u2019ouvrir \u00e0 l\u2019inconnu et \u00e0 la nouveaut\u00e9.<\/p>\n\n\n\n<div style=\"height:51px\" aria-hidden=\"true\" class=\"wp-block-spacer\"><\/div>\n\n\n\n<p class=\"has-text-align-center has-medium-font-size\"><strong>Diff\u00e9rents p\u00e8lerinages sont propos\u00e9s par le service dioc\u00e9sain :<\/strong><\/p>\n\n\n\n<div style=\"height:18px\" aria-hidden=\"true\" class=\"wp-block-spacer\"><\/div>\n\n\n\n<div class=\"wp-block-columns is-layout-flex wp-container-core-columns-is-layout-9d6595d7 wp-block-columns-is-layout-flex\">\n<div class=\"wp-block-column is-layout-flow wp-block-column-is-layout-flow\">\n<figure class=\"wp-block-image size-full\"><img loading=\"lazy\" decoding=\"async\" width=\"566\" height=\"800\" src=\"https:\/\/catholiques17.fr\/nieul\/wp-content\/uploads\/sites\/29\/2026\/03\/Affiche-Pelerinage-Meres-de-famille-2026-1.jpg\" alt=\"\" class=\"wp-image-10953\" srcset=\"https:\/\/catholiques17.fr\/nieul\/wp-content\/uploads\/sites\/29\/2026\/03\/Affiche-Pelerinage-Meres-de-famille-2026-1.jpg 566w, https:\/\/catholiques17.fr\/nieul\/wp-content\/uploads\/sites\/29\/2026\/03\/Affiche-Pelerinage-Meres-de-famille-2026-1-480x678.jpg 480w\" sizes=\"(min-width: 0px) and (max-width: 480px) 480px, (min-width: 481px) 566px, 100vw\" \/><\/figure>\n<\/div>\n\n\n\n<div class=\"wp-block-column is-layout-flow wp-block-column-is-layout-flow\">\n<figure class=\"wp-block-image size-full\"><img loading=\"lazy\" decoding=\"async\" width=\"566\" height=\"800\" src=\"https:\/\/catholiques17.fr\/nieul\/wp-content\/uploads\/sites\/29\/2026\/03\/Pelerinage-Peres-de-famille-2026.jpg\" alt=\"\" class=\"wp-image-10954\" srcset=\"https:\/\/catholiques17.fr\/nieul\/wp-content\/uploads\/sites\/29\/2026\/03\/Pelerinage-Peres-de-famille-2026.jpg 566w, https:\/\/catholiques17.fr\/nieul\/wp-content\/uploads\/sites\/29\/2026\/03\/Pelerinage-Peres-de-famille-2026-480x678.jpg 480w\" sizes=\"(min-width: 0px) and (max-width: 480px) 480px, (min-width: 481px) 566px, 100vw\" \/><\/figure>\n<\/div>\n<\/div>\n\n\n\n<div style=\"height:19px\" aria-hidden=\"true\" class=\"wp-block-spacer\"><\/div>\n\n\n\n<div class=\"wp-block-buttons is-content-justification-center is-layout-flex wp-container-core-buttons-is-layout-16018d1d wp-block-buttons-is-layout-flex\">\n<div class=\"wp-block-button is-style-outline is-style-outline--1\"><a class=\"wp-block-button__link has-text-color has-link-color wp-element-button\" href=\"https:\/\/catholiques17.fr\/en-mars-meres-et-peres-de-famille-sont-invites-a-peleriner\/\" style=\"color:#7e4b26\" target=\"_blank\" rel=\"noreferrer noopener\">En savoir plus sur le p\u00e8lerinages des m\u00e8res et des p\u00e8res<\/a><\/div>\n<\/div>\n\n\n\n<div style=\"height:75px\" aria-hidden=\"true\" class=\"wp-block-spacer\"><\/div>\n\n\n\n<div class=\"wp-block-columns is-layout-flex wp-container-core-columns-is-layout-9d6595d7 wp-block-columns-is-layout-flex\">\n<div class=\"wp-block-column is-layout-flow wp-block-column-is-layout-flow\">\n<figure class=\"wp-block-image size-full\"><img loading=\"lazy\" decoding=\"async\" width=\"566\" height=\"800\" src=\"https:\/\/catholiques17.fr\/nieul\/wp-content\/uploads\/sites\/29\/2026\/03\/Porto-Fatima-et-Lisbonne-1.png\" alt=\"\" class=\"wp-image-10957\" srcset=\"https:\/\/catholiques17.fr\/nieul\/wp-content\/uploads\/sites\/29\/2026\/03\/Porto-Fatima-et-Lisbonne-1.png 566w, https:\/\/catholiques17.fr\/nieul\/wp-content\/uploads\/sites\/29\/2026\/03\/Porto-Fatima-et-Lisbonne-1-480x678.png 480w\" sizes=\"(min-width: 0px) and (max-width: 480px) 480px, (min-width: 481px) 566px, 100vw\" \/><\/figure>\n<\/div>\n\n\n\n<div class=\"wp-block-column is-layout-flow wp-block-column-is-layout-flow\">\n<figure class=\"wp-block-image size-full\"><img loading=\"lazy\" decoding=\"async\" width=\"566\" height=\"800\" src=\"https:\/\/catholiques17.fr\/nieul\/wp-content\/uploads\/sites\/29\/2026\/03\/Lourdes-2026-1-1.png\" alt=\"\" class=\"wp-image-10958\" srcset=\"https:\/\/catholiques17.fr\/nieul\/wp-content\/uploads\/sites\/29\/2026\/03\/Lourdes-2026-1-1.png 566w, https:\/\/catholiques17.fr\/nieul\/wp-content\/uploads\/sites\/29\/2026\/03\/Lourdes-2026-1-1-480x678.png 480w\" sizes=\"(min-width: 0px) and (max-width: 480px) 480px, (min-width: 481px) 566px, 100vw\" \/><\/figure>\n<\/div>\n<\/div>\n\n\n\n<div class=\"wp-block-columns is-layout-flex wp-container-core-columns-is-layout-9d6595d7 wp-block-columns-is-layout-flex\">\n<div class=\"wp-block-column is-layout-flow wp-block-column-is-layout-flow\">\n<div class=\"wp-block-buttons is-content-justification-center is-layout-flex wp-container-core-buttons-is-layout-16018d1d wp-block-buttons-is-layout-flex\">\n<div class=\"wp-block-button is-style-outline is-style-outline--2\"><a class=\"wp-block-button__link has-text-color has-link-color wp-element-button\" href=\"https:\/\/catholiques17.fr\/en-juin-peleriner-au-portugal\/\" style=\"color:#1f644c\" target=\"_blank\" rel=\"noreferrer noopener\">D\u00e9couvrir le programme et s&rsquo;inscrire<\/a><\/div>\n<\/div>\n<\/div>\n\n\n\n<div class=\"wp-block-column is-layout-flow wp-block-column-is-layout-flow\">\n<div class=\"wp-block-buttons is-content-justification-center is-layout-flex wp-container-core-buttons-is-layout-16018d1d wp-block-buttons-is-layout-flex\">\n<div class=\"wp-block-button is-style-outline is-style-outline--3\"><a class=\"wp-block-button__link has-text-color has-link-color wp-element-button\" href=\"https:\/\/catholiques17.fr\/wp-content\/uploads\/2026\/02\/Affiche-Lourdes-2026.pdf\" style=\"color:#f66600\" target=\"_blank\" rel=\"noreferrer noopener\">Se renseigner et s&rsquo;inscrire<\/a><\/div>\n<\/div>\n<\/div>\n<\/div>\n\n\n\n<div style=\"height:75px\" aria-hidden=\"true\" class=\"wp-block-spacer\"><\/div>\n\n\n\n<p class=\"has-text-align-center has-white-color has-luminous-vivid-orange-background-color has-text-color has-background has-link-color has-medium-font-size wp-elements-d69280f173fa37c380b7b406b2a3d641\"><strong><span style=\"text-decoration: underline;\">Renseignements compl\u00e9mentaires<\/span> :<\/strong><\/p>\n\n\n\n<p class=\"has-text-align-center has-white-color has-luminous-vivid-orange-background-color has-text-color has-background has-link-color has-medium-font-size wp-elements-c83a186cd2f041277f4e9ed360920a2d\">Service dioc\u00e9sain des p\u00e8lerinages &#8211; Marie DEVALLET<\/p>\n\n\n\n<p class=\"has-text-align-center has-white-color has-luminous-vivid-orange-background-color has-text-color has-background has-link-color has-medium-font-size wp-elements-5ea52016940a3aeac17885528c7586a2\">07 72 32 08 28 &#8211; <a href=\"mailto:pelerinages@diocese17.fr\">pelerinages@diocese17.fr<\/a><\/p>\n\n\n\n<div class=\"wp-block-columns is-layout-flex wp-container-core-columns-is-layout-9d6595d7 wp-block-columns-is-layout-flex\">\n<div class=\"wp-block-column is-layout-flow wp-block-column-is-layout-flow\">\n<div class=\"wp-block-buttons is-layout-flex wp-block-buttons-is-layout-flex\"><\/div>\n<\/div>\n\n\n\n<div class=\"wp-block-column is-layout-flow wp-block-column-is-layout-flow\"><\/div>\n<\/div>\n","protected":false},"excerpt":{"rendered":"<p>Avec le retour des beaux jours, c&rsquo;est aussi le retour des p\u00e8lerinages ! Un p\u00e8lerinage, c&rsquo;est l&rsquo;occasion de r\u00e9pondre \u00e0 l\u2019invitation du Christ qui ne cesse de redire : \u00ab\u00a0Viens [&hellip;]<\/p>\n","protected":false},"author":4,"featured_media":10226,"comment_status":"open","ping_status":"open","sticky":false,"template":"","format":"standard","meta":{"_et_pb_use_builder":"off","_et_pb_old_content":"","_et_gb_content_width":"","footnotes":""},"categories":[6,23,50],"tags":[],"class_list":["post-10952","post","type-post","status-publish","format-standard","has-post-thumbnail","hentry","category-actualite","category-diocese","category-pelerinages"],"_links":{"self":[{"href":"https:\/\/catholiques17.fr\/nieul\/wp-json\/wp\/v2\/posts\/10952","targetHints":{"allow":["GET"]}}],"collection":[{"href":"https:\/\/catholiques17.fr\/nieul\/wp-json\/wp\/v2\/posts"}],"about":[{"href":"https:\/\/catholiques17.fr\/nieul\/wp-json\/wp\/v2\/types\/post"}],"author":[{"embeddable":true,"href":"https:\/\/catholiques17.fr\/nieul\/wp-json\/wp\/v2\/users\/4"}],"replies":[{"embeddable":true,"href":"https:\/\/catholiques17.fr\/nieul\/wp-json\/wp\/v2\/comments?post=10952"}],"version-history":[{"count":4,"href":"https:\/\/catholiques17.fr\/nieul\/wp-json\/wp\/v2\/posts\/10952\/revisions"}],"predecessor-version":[{"id":10962,"href":"https:\/\/catholiques17.fr\/nieul\/wp-json\/wp\/v2\/posts\/10952\/revisions\/10962"}],"wp:featuredmedia":[{"embeddable":true,"href":"https:\/\/catholiques17.fr\/nieul\/wp-json\/wp\/v2\/media\/10226"}],"wp:attachment":[{"href":"https:\/\/catholiques17.fr\/nieul\/wp-json\/wp\/v2\/media?parent=10952"}],"wp:term":[{"taxonomy":"category","embeddable":true,"href":"https:\/\/catholiques17.fr\/nieul\/wp-json\/wp\/v2\/categories?post=10952"},{"taxonomy":"post_tag","embeddable":true,"href":"https:\/\/catholiques17.fr\/nieul\/wp-json\/wp\/v2\/tags?post=10952"}],"curies":[{"name":"wp","href":"https:\/\/api.w.org\/{rel}","templated":true}]}}