{"id":10891,"date":"2026-02-02T12:21:51","date_gmt":"2026-02-02T11:21:51","guid":{"rendered":"https:\/\/catholiques17.fr\/nieul\/?p=10891"},"modified":"2026-02-02T12:22:03","modified_gmt":"2026-02-02T11:22:03","slug":"fete-de-la-presentation-de-jesus-au-temple-prions-pour-les-consacres","status":"publish","type":"post","link":"https:\/\/catholiques17.fr\/nieul\/fete-de-la-presentation-de-jesus-au-temple-prions-pour-les-consacres\/","title":{"rendered":"F\u00eate de la Pr\u00e9sentation de J\u00e9sus au Temple : Prions pour les consacr\u00e9s"},"content":{"rendered":"\n<div style=\"height:100px\" aria-hidden=\"true\" class=\"wp-block-spacer\"><\/div>\n\n\n\n<p><strong>En cette journ\u00e9e de la vie consacr\u00e9e, nous prions en particulier pour tous les consacr\u00e9s de notre dioc\u00e8se et plus particuli\u00e8rement pour les s\u0153urs Servantes du Seigneur et de la Vierge de Matar\u00e1<\/strong>, install\u00e9es au monast\u00e8re \u00e0 Nieul sur mer.<\/p>\n\n\n\n<div style=\"height:45px\" aria-hidden=\"true\" class=\"wp-block-spacer\"><\/div>\n\n\n\n<p class=\"has-text-align-center has-luminous-vivid-orange-color has-text-color has-link-color has-medium-font-size wp-elements-5622bdddd8dd7c76dabb51b1533ed60a\"><strong>\u00ab\u00a0Nous confions chacun d&rsquo;entre vous au Seigneur, afin qu&rsquo;il vous affermisse dans l&rsquo;esp\u00e9rance et que vous soyez doux de c\u0153ur, capables de pers\u00e9v\u00e9rer, de consoler, de recommencer : et ainsi d&rsquo;\u00eatre, dans l&rsquo;\u00c9glise et dans le monde, une proph\u00e9tie de pr\u00e9sence et une semence de paix.\u00a0\u00bb<\/strong><\/p>\n\n\n\n<p class=\"has-text-align-center has-luminous-vivid-orange-color has-text-color has-link-color has-medium-font-size wp-elements-e816950508d58cfbb0042953e58f3d6a\"> <em>(Lettre du dicast\u00e8re pour les Instituts de Vie Consacr\u00e9e et les Soci\u00e9t\u00e9s de Vie Apostolique)<\/em><\/p>\n\n\n\n<div style=\"height:57px\" aria-hidden=\"true\" class=\"wp-block-spacer\"><\/div>\n\n\n\n<p><\/p>\n","protected":false},"excerpt":{"rendered":"<p>En cette journ\u00e9e de la vie consacr\u00e9e, nous prions en particulier pour tous les consacr\u00e9s de notre dioc\u00e8se et plus particuli\u00e8rement pour les s\u0153urs Servantes du Seigneur et de la [&hellip;]<\/p>\n","protected":false},"author":4,"featured_media":10892,"comment_status":"open","ping_status":"open","sticky":false,"template":"","format":"standard","meta":{"_et_pb_use_builder":"off","_et_pb_old_content":"","_et_gb_content_width":"","footnotes":""},"categories":[6,19,40],"tags":[],"class_list":["post-10891","post","type-post","status-publish","format-standard","has-post-thumbnail","hentry","category-actualite","category-liturgie","category-vie-religieuse"],"_links":{"self":[{"href":"https:\/\/catholiques17.fr\/nieul\/wp-json\/wp\/v2\/posts\/10891","targetHints":{"allow":["GET"]}}],"collection":[{"href":"https:\/\/catholiques17.fr\/nieul\/wp-json\/wp\/v2\/posts"}],"about":[{"href":"https:\/\/catholiques17.fr\/nieul\/wp-json\/wp\/v2\/types\/post"}],"author":[{"embeddable":true,"href":"https:\/\/catholiques17.fr\/nieul\/wp-json\/wp\/v2\/users\/4"}],"replies":[{"embeddable":true,"href":"https:\/\/catholiques17.fr\/nieul\/wp-json\/wp\/v2\/comments?post=10891"}],"version-history":[{"count":2,"href":"https:\/\/catholiques17.fr\/nieul\/wp-json\/wp\/v2\/posts\/10891\/revisions"}],"predecessor-version":[{"id":10894,"href":"https:\/\/catholiques17.fr\/nieul\/wp-json\/wp\/v2\/posts\/10891\/revisions\/10894"}],"wp:featuredmedia":[{"embeddable":true,"href":"https:\/\/catholiques17.fr\/nieul\/wp-json\/wp\/v2\/media\/10892"}],"wp:attachment":[{"href":"https:\/\/catholiques17.fr\/nieul\/wp-json\/wp\/v2\/media?parent=10891"}],"wp:term":[{"taxonomy":"category","embeddable":true,"href":"https:\/\/catholiques17.fr\/nieul\/wp-json\/wp\/v2\/categories?post=10891"},{"taxonomy":"post_tag","embeddable":true,"href":"https:\/\/catholiques17.fr\/nieul\/wp-json\/wp\/v2\/tags?post=10891"}],"curies":[{"name":"wp","href":"https:\/\/api.w.org\/{rel}","templated":true}]}}