{"id":10867,"date":"2026-01-20T14:56:12","date_gmt":"2026-01-20T13:56:12","guid":{"rendered":"https:\/\/catholiques17.fr\/nieul\/?p=10867"},"modified":"2026-01-20T14:58:30","modified_gmt":"2026-01-20T13:58:30","slug":"semaine-de-priere-pour-lunite-des-chretiens","status":"publish","type":"post","link":"https:\/\/catholiques17.fr\/nieul\/semaine-de-priere-pour-lunite-des-chretiens\/","title":{"rendered":"Semaine de pri\u00e8re pour l&rsquo;Unit\u00e9 des Chr\u00e9tiens"},"content":{"rendered":"\n<div style=\"height:71px\" aria-hidden=\"true\" class=\"wp-block-spacer\"><\/div>\n\n\n\n<h2 class=\"wp-block-heading\"><strong>Chaque ann\u00e9e, la Semaine de pri\u00e8re pour l\u2019unit\u00e9 chr\u00e9tienne est un temps fort de l\u2019oecum\u00e9nisme. Depuis 1908, elle rassemble des chr\u00e9tiens de toutes confessions du 18 au 25 janvier. Le th\u00e8me de 2026 : &nbsp;\u00bb&nbsp;<em>Il y a un seul corps et un seul Esprit, de m\u00eame que votre vocation vous a appel\u00e9s \u00e0 une seule esp\u00e9rance<\/em>. \u00bb<\/strong><\/h2>\n\n\n\n<div style=\"height:54px\" aria-hidden=\"true\" class=\"wp-block-spacer\"><\/div>\n\n\n\n<figure class=\"wp-block-embed aligncenter is-type-video is-provider-youtube wp-block-embed-youtube wp-embed-aspect-16-9 wp-has-aspect-ratio\"><div class=\"wp-block-embed__wrapper\">\n<iframe loading=\"lazy\" title=\"Introduction \u00e0 la proposition de la semaine de pri\u00e8re pour l&#039;unit\u00e9 des Chr\u00e9tiens\" width=\"1080\" height=\"608\" src=\"https:\/\/www.youtube.com\/embed\/m8jP_dT3mtc?feature=oembed\"  allow=\"accelerometer; autoplay; clipboard-write; encrypted-media; gyroscope; picture-in-picture; web-share\" referrerpolicy=\"strict-origin-when-cross-origin\" allowfullscreen><\/iframe>\n<\/div><\/figure>\n\n\n\n<div style=\"height:54px\" aria-hidden=\"true\" class=\"wp-block-spacer\"><\/div>\n\n\n\n<p>L\u2019unit\u00e9 est une mission divine qui, plus qu\u2019un simple id\u00e9al, est au c\u0153ur de notre identit\u00e9 chr\u00e9tienne. Elle repr\u00e9sente l\u2019essence de la vocation de l\u2019\u00c9glise, un appel \u00e0 refl\u00e9ter l\u2019unit\u00e9 harmonieuse de notre vie en Christ au milieu de notre diversit\u00e9. Cette unit\u00e9 en Dieu est centrale dans notre mission et est nourrie par l\u2019amour profond de J\u00e9sus Christ, qui nous met face \u00e0 un objectif unique. Comme l\u2019affirme l\u2019ap\u00f4tre Paul dans sa lettre aux \u00c9ph\u00e9siens, \u00ab Il y a un seul corps et un seul Esprit, de m\u00eame que votre vocation vous a appel\u00e9s \u00e0 une seule esp\u00e9rance \u00bb (4,4). Ce verset biblique, choisi pour cette ann\u00e9e, r\u00e9sume la profondeur th\u00e9ologique de l\u2019unit\u00e9 des chr\u00e9tiens.<\/p>\n\n\n\n<p>L\u2019\u00c9glise, bien que compos\u00e9e de nombreuses parties, fonctionne comme un tout coh\u00e9rent. Chaque membre a un r\u00f4le unique et contribue \u00e0 la vie et \u00e0 la mission de l\u2019\u00c9glise dans leur ensemble. Reconna\u00eetre que nous faisons partie d\u2019un seul corps universel en Christ encourage la collaboration de tous dans l\u2019annonce de son \u00c9vangile et dans le service \u00e0 l\u2019humanit\u00e9, en transf\u00e9rant l\u2019attention que nous portons aux divisions internes sur notre mission commune.<\/p>\n\n\n\n<p>Dans un monde o\u00f9 les traditions et les expressions de la foi chr\u00e9tienne sont multiples et souvent source de division, \u00c9ph\u00e9siens 4,4 nous rappelle que tous les croyants font partie de \u00ab l\u2019unique corps \u00bb du Christ. Cette unit\u00e9 n\u2019est pas une question d\u2019uniformit\u00e9, mais un engagement commun \u00e0 l\u2019\u00e9gard des v\u00e9rit\u00e9s fondamentales de la foi chr\u00e9tienne. Elle constitue un puissant t\u00e9moignage de la force transformatrice de l\u2019Esprit Saint lorsque des chr\u00e9tiens d\u2019origines diverses se rassemblent autour d\u2019une vision et d\u2019un objectif communs, avec authenticit\u00e9 et sinc\u00e9rit\u00e9.<\/p>\n\n\n\n<p>Accueillons cet appel divin \u00e0 l\u2019unit\u00e9, non pas comme un id\u00e9al abstrait, mais comme une expression vitale de notre foi. Dans un monde o\u00f9 le corps du Christ est bless\u00e9 par les divisions au sein m\u00eame des traditions et des confessions ainsi qu\u2019entre elles, l\u2019appel de l\u2019Ap\u00f4tre \u00e0 l\u2019unit\u00e9 s\u2019adresse \u00e0 chacun d\u2019entre nous, non seulement en tant que communaut\u00e9s eccl\u00e9siales s\u00e9par\u00e9es, mais aussi en tant qu\u2019individus au sein de nos communaut\u00e9s. En vivant dans l\u2019unit\u00e9, non seulement nous t\u00e9moignons de l\u2019amour et de la puissance de notre Seigneur J\u00e9sus-Christ, mais nous incarnons \u00e9galement l\u2019essence de ses enseignements. En nous soutenant les uns les autres et en c\u00e9l\u00e9brant la diversit\u00e9 de nos dons et de nos talents, soyons le reflet du c\u0153ur du Christ et faisons progresser son \u0153uvre sur terre.<\/p>\n\n\n\n<div style=\"height:59px\" aria-hidden=\"true\" class=\"wp-block-spacer\"><\/div>\n\n\n\n<blockquote class=\"wp-block-quote is-layout-flow wp-block-quote-is-layout-flow\">\n<h2 class=\"wp-block-heading\">Parole de Dieu<\/h2>\n\n\n\n<p class=\"has-text-color has-link-color wp-elements-05ce3f2df005102b95a304507a7570cf\" style=\"color:#0e5f8e\">Je vous y exhorte donc dans le Seigneur, moi qui suis prisonnier&nbsp;: accordez votre vie \u00e0 l\u2019appel que vous avez re\u00e7u&nbsp;; en toute humilit\u00e9 et douceur, avec patience, supportez-vous les uns les autres dans l\u2019amour&nbsp;; appliquez-vous \u00e0 garder l\u2019unit\u00e9 de l\u2019esprit par le lien de la paix.<\/p>\n\n\n\n<p class=\"has-text-color has-link-color wp-elements-af876d7fb3512434fcb05db0f2b0eccd\" style=\"color:#0e5f8e\">Il y a un seul corps et un seul Esprit, de m\u00eame que votre vocation vous a appel\u00e9s \u00e0 une seule&nbsp;esp\u00e9rance&nbsp;; un seul Seigneur, une seule foi, un seul&nbsp;bapt\u00eame&nbsp;; un seul Dieu et P\u00e8re de tous, qui r\u00e8gne sur tous, agit par tous, et demeure en tous.<\/p>\n\n\n\n<p class=\"has-text-color has-link-color wp-elements-1716b3e1bb788298f84920cf909d2943\" style=\"color:#0e5f8e\">\u00c0 chacun de nous cependant la gr\u00e2ce a \u00e9t\u00e9 donn\u00e9e selon la mesure du don du Christ.<\/p>\n\n\n\n<p class=\"has-text-color has-link-color wp-elements-3b73c7e3dcfa02465cfb0a02b05687b6\" style=\"color:#0e5f8e\"><em>\u00c9ph\u00e9siens 4,1-7 (Traduction \u0153cum\u00e9nique de la Bible)<\/em><\/p>\n<\/blockquote>\n\n\n\n<div style=\"height:59px\" aria-hidden=\"true\" class=\"wp-block-spacer\"><\/div>\n\n\n\n<p class=\"has-text-align-center has-luminous-vivid-orange-color has-text-color has-link-color has-medium-font-size wp-elements-b6adcec425d2d4b2dd984b548d24306d\"><strong>Dans le cadre de la Semaine de Pri\u00e8re pour l\u2019unit\u00e9 des chr\u00e9tiens,<\/strong><\/p>\n\n\n\n<p class=\"has-text-align-center has-luminous-vivid-orange-color has-text-color has-link-color has-medium-font-size wp-elements-d2f3f19775fe23ea83114a1aaec60683\"><strong>une c\u00e9l\u00e9bration aura lieu&nbsp;le samedi 24 janvier, au temple de Saintes, \u00e0 15h.<\/strong><\/p>\n\n\n\n<div style=\"height:59px\" aria-hidden=\"true\" class=\"wp-block-spacer\"><\/div>\n","protected":false},"excerpt":{"rendered":"<p>Chaque ann\u00e9e, la Semaine de pri\u00e8re pour l\u2019unit\u00e9 chr\u00e9tienne est un temps fort de l\u2019oecum\u00e9nisme. Depuis 1908, elle rassemble des chr\u00e9tiens de toutes confessions du 18 au 25 janvier. Le [&hellip;]<\/p>\n","protected":false},"author":4,"featured_media":10868,"comment_status":"open","ping_status":"open","sticky":false,"template":"","format":"standard","meta":{"_et_pb_use_builder":"off","_et_pb_old_content":"","_et_gb_content_width":"","footnotes":""},"categories":[6],"tags":[],"class_list":["post-10867","post","type-post","status-publish","format-standard","has-post-thumbnail","hentry","category-actualite"],"_links":{"self":[{"href":"https:\/\/catholiques17.fr\/nieul\/wp-json\/wp\/v2\/posts\/10867","targetHints":{"allow":["GET"]}}],"collection":[{"href":"https:\/\/catholiques17.fr\/nieul\/wp-json\/wp\/v2\/posts"}],"about":[{"href":"https:\/\/catholiques17.fr\/nieul\/wp-json\/wp\/v2\/types\/post"}],"author":[{"embeddable":true,"href":"https:\/\/catholiques17.fr\/nieul\/wp-json\/wp\/v2\/users\/4"}],"replies":[{"embeddable":true,"href":"https:\/\/catholiques17.fr\/nieul\/wp-json\/wp\/v2\/comments?post=10867"}],"version-history":[{"count":2,"href":"https:\/\/catholiques17.fr\/nieul\/wp-json\/wp\/v2\/posts\/10867\/revisions"}],"predecessor-version":[{"id":10870,"href":"https:\/\/catholiques17.fr\/nieul\/wp-json\/wp\/v2\/posts\/10867\/revisions\/10870"}],"wp:featuredmedia":[{"embeddable":true,"href":"https:\/\/catholiques17.fr\/nieul\/wp-json\/wp\/v2\/media\/10868"}],"wp:attachment":[{"href":"https:\/\/catholiques17.fr\/nieul\/wp-json\/wp\/v2\/media?parent=10867"}],"wp:term":[{"taxonomy":"category","embeddable":true,"href":"https:\/\/catholiques17.fr\/nieul\/wp-json\/wp\/v2\/categories?post=10867"},{"taxonomy":"post_tag","embeddable":true,"href":"https:\/\/catholiques17.fr\/nieul\/wp-json\/wp\/v2\/tags?post=10867"}],"curies":[{"name":"wp","href":"https:\/\/api.w.org\/{rel}","templated":true}]}}